{"id":26342,"date":"2023-04-17T01:10:54","date_gmt":"2023-04-16T23:10:54","guid":{"rendered":"http:\/\/www.infokuryr.cz\/n\/?p=26342"},"modified":"2023-04-16T17:03:37","modified_gmt":"2023-04-16T15:03:37","slug":"jindrich-kulhavy-ministerstvo-financi-odvadi-zvlastni-praci","status":"publish","type":"post","link":"https:\/\/www.infokuryr.cz\/n\/2023\/04\/17\/jindrich-kulhavy-ministerstvo-financi-odvadi-zvlastni-praci\/","title":{"rendered":"Jind\u0159ich Kulhav\u00fd: Ministerstvo financ\u00ed odv\u00e1d\u00ed zvl\u00e1\u0161tn\u00ed pr\u00e1ci"},"content":{"rendered":"<div id=\"fb-root\"><\/div>\n<p><span class=\"anotation\">Vytv\u00e1\u0159en\u00ed st\u00e1tn\u00edho rozpo\u010dtu na dal\u0161\u00ed rok mus\u00ed b\u00fdt n\u00e1ro\u010dn\u00e1 pr\u00e1ce sv\u011b\u0159en\u00e1 odborn\u00edk\u016fm. P\u0159edpov\u00eddat budouc\u00ed p\u0159\u00edjmy a v\u00fddaje je jist\u011b velmi slo\u017eit\u00e9, ostatn\u011b n\u011bco podobn\u00e9ho pl\u00e1novat v\u00a0soukrom\u00fdch spole\u010dnostech je n\u011bco, jako v\u011b\u0161t\u011bn\u00ed z\u00a0k\u0159i\u0161\u0165\u00e1lov\u00e9 koule. Nicm\u00e9n\u011b st\u00e1t m\u00e1 k\u00a0dispozici mnohem v\u00edce informac\u00ed ne\u017e kdokoliv jin\u00fd a jist\u00e1 p\u0159esnost p\u0159edpov\u011bdi je povinnost\u00ed.<\/span><\/p>\n<div id=\"pagetext\">\n<p>\u00a0 Rozd\u00edly ve skute\u010dnosti a predikci jsou u posledn\u00ed vl\u00e1dy zna\u010dn\u00e9. P\u00e1r des\u00edtek miliard sem, p\u00e1r tam, nikoho to moc netr\u00e1p\u00ed. Stanjur\u016fv anc\u00e1bl, a v\u00a0podstat\u011b i cel\u00e1 P\u011btikoalice, jsou nejhor\u0161\u00edmi hospod\u00e1\u0159i od dob Rakouska \u2013 Uherska. \u017d\u00e1dn\u00e1 jin\u00e1 vl\u00e1da nevytvo\u0159ila ve st\u00e1tn\u00ed pokladn\u011b v\u011bt\u0161\u00ed d\u00edru, ne\u017e se to da\u0159\u00ed t\u00e9to. Dokonce ani covidov\u00fd fanatismus Babi\u0161ovy \u00e9ry v\u00a0k\u0159esle premi\u00e9ra na proukrajinskou skvadru nem\u00e1. Z\u00e1kon o st\u00e1tn\u00edm rozpo\u010dtu po\u010d\u00edtal s\u00a0jist\u00fdm a naprosto neomluviteln\u00fdm schodkem pod 300 miliard korun. To byl v\u0161ak pouze Fial\u016fv vlhk\u00fd sen, realita bude nakonec jist\u011b mnohem drsn\u011bj\u0161\u00ed. Tedy pokud si m\u00e1gov\u00e9 s\u00a0\u010d\u00edsly nepohraj\u00ed, p\u0159\u00edpadn\u011b nenastane li situace, kdy budou ob\u010dan\u00e9 n\u011bjak\u00fdm zp\u016fsobem okradeni. N\u00e1stroj\u016f k\u00a0tomu si vl\u00e1da slou\u017e\u00edc\u00ed ciz\u00edm z\u00e1jm\u016fm dok\u00e1\u017ee p\u0159ipravit v\u00edce.<\/p>\n<p>U\u017e dlouho \u0159\u00edk\u00e1me, \u017ee dan\u011b a v\u011bt\u0161ina odvod\u016f jsou kr\u00e1de\u017e. D\u016fvod\u016f k\u00a0tomuto tvrzen\u00ed je mnoho. St\u00e1t z\u00edsk\u00e1v\u00e1 formou dan\u00ed, poplatk\u016f, odvod\u016f z\u00a0mezd velmi mnoho pen\u011bz. Za ty by m\u011bli lidem zvolen\u00ed spr\u00e1vci (vl\u00e1da) udr\u017eovat st\u00e1t a slu\u017eby j\u00edm poskytovan\u00e9 v\u00a0dobr\u00e9 kondici. Ke sv\u00e9 \u010dinnosti na d\u016fle\u017eit\u00fdch postech by tedy m\u011bli m\u00edt i v\u0161echny p\u0159edpoklady. Tedy v\u011bk, vzd\u011bl\u00e1n\u00ed, znalosti, zku\u0161enosti, p\u0159ehled, zodpov\u011bdnost a ur\u010ditou vizi podlo\u017eenou mnoha dal\u0161\u00edmi atributy. M\u00edsto toho absolutn\u00ed v\u011bt\u0161ina na\u0161ich ministr\u016f vynik\u00e1 amat\u00e9rismem a ke sv\u00e9 \u010dinnosti pot\u0159ebuj\u00ed mnoho n\u00e1m\u011bstk\u016f, asistent\u016f a poradc\u016f, kte\u0159\u00ed jsou sice skryt\u00ed, ov\u0161em jsou to oni, kdo p\u0159ipravuj\u00ed strategii jednotliv\u00fdch ministerstev na dal\u0161\u00ed obdob\u00ed. Cel\u00e1 tato fra\u0161ka stoj\u00ed da\u0148ov\u00e9 poplatn\u00edky mnoho pen\u011bz. K\u00a0\u010demu pot\u0159ebujeme st\u00e1tn\u00ed \u00fa\u0159edn\u00edky p\u0159edstavuj\u00edc\u00ed pouhou tv\u00e1\u0159 vysok\u00e9ho \u00fa\u0159adu, ani\u017e by byli schopn\u00ed jej skute\u010dn\u011b v\u00e9st? A kdo zaji\u0161\u0165uje loajalitu poradc\u016f s\u00a0lidem, kdy\u017e jeden z\u00a0nich ve\u0159ejn\u011b prohla\u0161uje cosi o tom, \u017ee si \u010de\u0161t\u00ed ob\u010dan\u00e9 maj\u00ed jezdit nakupovat levn\u011bj\u0161\u00ed potraviny do Polska?\u00a0 Sp\u00ed\u0161e se zd\u00e1, \u017ee jsme sv\u011bdky vzniku mafi\u00ed, kter\u00e9 si pot\u00e9 s\u00a0pen\u011bzi z\u00a0n\u00e1s vydolovan\u00fdch d\u011blaj\u00ed cokoliv, co se jim zamane.<\/p>\n<p>Za v\u00fd\u0161e uveden\u00e9 situace nem\u016f\u017ee m\u00edt norm\u00e1ln\u00ed \u010dlov\u011bk ani chu\u0165 st\u00e1t sv\u00fdmi odvody podporovat. Zdravotn\u00ed poji\u0161\u0165ovny se honos\u00ed kr\u00e1sn\u00fdmi s\u00eddly a kancel\u00e1\u0159emi, ale Vy u zuba\u0159e plat\u00edte tak vysok\u00e9 \u00fahrady i za oby\u010dejnou plombu, \u017ee v\u011bt\u0161\u00ed vyspr\u00e1vky \u00fasm\u011bvu si mohou dovolit u\u017e jen pacienti s\u00a0nadstandardn\u00edmi p\u0159\u00edjmy. P\u0159i\u010dem\u017e z\u00e1sadn\u00ed z\u00e1sah do pen\u011b\u017eenky vn\u00edmaj\u00ed i oni. Velk\u00e1 \u010d\u00e1st stomatologick\u00fdch center pat\u0159\u00ed Ukrajinc\u016fm odv\u00e1d\u011bj\u00edc\u00edm sice vcelku dobrou pr\u00e1ci, ov\u0161em vyva\u017eovanou zlatem. V\u00a0mnoha nemocnic\u00edch jsou zase na l\u016f\u017ekov\u00fdch odd\u011blen\u00edch prole\u017eel\u00e9 matrace p\u0159ipom\u00ednaj\u00edc\u00ed d\u016flek na kuli\u010dky, le\u017e\u00edte li na nich po v\u00e1\u017en\u011bj\u0161\u00ed operaci d\u00e9le, bol\u00ed V\u00e1s cel\u00e9 t\u011blo. Tak\u00e9 na l\u00e9ky si mus\u00ed i senio\u0159i p\u0159ipl\u00e1cet horentn\u00ed sumy, p\u0159i\u010dem\u017e v\u016fbec nen\u00ed jist\u00e9, nejde li p\u0159edev\u0161\u00edm o byznys l\u00e9ka\u0159\u016f spojen\u00fdch s\u00a0farmaceutickou mafi\u00ed. Odv\u00e1d\u011bt tak pen\u00edze kon\u010d\u00edc\u00ed v\u00a0platech a kancel\u00e1\u0159\u00edch zam\u011bstnanc\u016f zdravotn\u00edch poji\u0161\u0165oven se zd\u00e1 b\u00fdt ob\u010das jaksi zcestn\u00e9. A \u00fakony a l\u00e9ky nakonec p\u0159esto hrazen\u00e9 z\u00a0vlastn\u00ed kapsy naprosto nesmysln\u011b p\u0159edra\u017een\u00e9.<\/p>\n<p>Soci\u00e1ln\u00ed odvody jsou je\u0161t\u011b m\u00e9n\u011b jasn\u00e9. St\u00e1t je neukl\u00e1d\u00e1 tak, aby existoval fond, ze kter\u00e9ho by \u010derpal pozd\u011bji na V\u00e1\u0161 d\u016fchod. To tu b\u00fdvalo kdysi, v\u0161e bylo rozkradeno a nyn\u00ed je zaveden pr\u016fb\u011b\u017en\u00fd syst\u00e9m. Z\u00a0toho, co zam\u011bstnanci odvedou, jsou vypl\u00e1ceny jak penze, tak i podpora r\u016fzn\u00fdm pot\u0159ebn\u00fdm, d\u00e1le p\u0159\u00ed\u017eivn\u00edk\u016fm, a nakonec i Ukrajinc\u016fm. Za\u0159a\u010fte si koho kam chcete, ale asi tu\u0161\u00edte, jak to mysl\u00edme. D\u016fchodci se dostali na posledn\u00ed m\u00edsto. Nav\u00edc tu existuj\u00ed r\u016fzn\u00e9 soukrom\u00e9 ,,fondy\u201c vyb\u00edzej\u00edc\u00ed n\u00e1s k\u00a0ukl\u00e1d\u00e1n\u00ed pen\u011bz na d\u016fchod, p\u0159i\u010dem\u017e jejich hospoda\u0159en\u00ed je tristn\u00ed a nemus\u00ed V\u00e1m zb\u00fdt v\u016fbec nic z\u00a0toho, co jste si ,,naspo\u0159ili\u201c. St\u00e1tn\u00ed dohled je mizern\u00fd a dopady inflace drt\u00edc\u00ed cokoliv v\u010detn\u011b zbytk\u016f Va\u0161ich \u00faspor. T\u00e1p\u00e1n\u00ed kolem penz\u00ed je d\u016fvodem k\u00a0zvy\u0161ov\u00e1n\u00ed v\u011bku pot\u0159ebn\u00e9ho k\u00a0odchodu do d\u016fchodu. P\u0159itom v\u00fdkonnost \u010dlov\u011bka s\u00a0v\u011bkem logicky kles\u00e1 a vid\u011bt nap\u0159\u00edklad t\u00e9m\u011b\u0159 sedmdes\u00e1tilet\u00e9 \u0159idi\u010de autobus\u016f je smutn\u00e9. Ti lid\u00e9 by si m\u011bli u\u017e\u00edvat klid na sv\u00fdch zahr\u00e1dk\u00e1ch s vnou\u010daty, v\u00a0teple u mo\u0159e \u010di na spole\u010dn\u00fdch v\u00fdletech. Pr\u00e1v\u011b ob\u010dasn\u00e1 p\u00e9\u010de o vnou\u010data chyb\u00ed a d\u016fsledky toho zn\u00e1me. V\u00fdpomoc mlad\u0161\u00ed generaci nen\u00ed de facto v\u00a0tomto sm\u011bru mo\u017en\u00e1. Ani o pr\u00e1zdnin\u00e1ch, jak b\u00fdvalo zvykem.<\/p>\n<p>Samotn\u00e9 dan\u011b jsou na samostatnou kapitolu. V\u00fdb\u011br spojen\u00fd \u010dasto s\u00a0destruktivn\u00edm chov\u00e1n\u00edm Finan\u010dn\u00ed spr\u00e1vy v\u016f\u010di firm\u00e1m a podnikatel\u016fm je stra\u0161\u00e1kem v\u011bt\u0161iny z\u00e1padn\u00edch zem\u00ed. Pr\u00e1va podnikatelsk\u00fdch subjekt\u016f jsou ve sporech minim\u00e1ln\u00ed, st\u00e1tn\u00ed \u00fa\u0159edn\u00edci si l\u00e9\u010d\u00ed sv\u00e9 potrhan\u00e9 ego pr\u00e1v\u011b na t\u011bch \u00fasp\u011b\u0161n\u00fdch. Likvidace firmy je ot\u00e1zkou p\u00e1r m\u011bs\u00edc\u016f \u0161ikanov\u00e1n\u00ed jak kontrolovan\u00e9ho, tak i jeho klient\u016f \u010di dodavatel\u016f. P\u0159i podez\u0159en\u00ed z\u00a0nesrovnalosti ve v\u00fd\u0161i nad 50000,- K\u010d je do p\u0159\u00edpadu zata\u017eena krimin\u00e1lka, jste podez\u0159el\u00ed a u\u017e to jede. A p\u0159edstava toho, \u017ee majitel prosperuj\u00edc\u00ed firmy jezd\u00ed v\u00a0mercedesu, \u017eije v\u00a0hezk\u00e9m dom\u011b a je kontrolov\u00e1n st\u00e1tn\u00edmi zam\u011bstnanci p\u0159ij\u00ed\u017ed\u011bj\u00edc\u00edmi autobusem \u010di slu\u017eebn\u00ed f\u00e1bi\u00ed, je vcelku re\u00e1ln\u00e1 a je jasn\u00e9, jak takov\u00e1 ,,kontrola\u201c prob\u00edh\u00e1. P\u0159i uv\u011bdom\u011bn\u00ed si toho, jak s\u00a0vybran\u00fdmi dan\u011bmi hospoda\u0159\u00ed st\u00e1t, kam ty pen\u00edze miz\u00ed a jak je s\u00a0nimi nakl\u00e1d\u00e1no, je funguj\u00edc\u00ed soukrom\u00e1 spole\u010dnost jist\u011b mnohem lep\u0161\u00ed sou\u010d\u00e1st\u00ed syst\u00e9mu, ne\u017e drancuj\u00edc\u00ed finan\u010dn\u00ed \u00fa\u0159ady a s\u00a0nimi spra\u017een\u00e1 justice. P\u0159idejme je\u0161t\u011b exeku\u010dn\u00ed mafii, d\u00edky n\u00ed\u017e se doslova vypa\u0159\u00ed obrovsk\u00e9 mno\u017estv\u00ed pen\u011bz, p\u0159esto s\u00a0t\u00edm st\u00e1t u\u017e dlouho nic z\u00e1m\u011brn\u011b ned\u011bl\u00e1. Z\u00e1kony jsou u n\u00e1s nam\u00ed\u0159eny proti lidem a jednotlivc\u016fm, st\u00e1t m\u00e1 v\u017edy hromadu v\u00fdhod. U dan\u00ed bychom mohli pokra\u010dovat dlouho, jejich n\u00e1soben\u00ed u mnoha druh\u016f zbo\u017e\u00ed je tristn\u00ed a kone\u010dn\u00e1 procentu\u00e1ln\u00ed \u010d\u00e1st v\u00fdplaty, kterou m\u00e1te nakonec pro sebe, se to\u010d\u00ed kolem 18% z\u00a0celkov\u00e9 \u010d\u00e1stky V\u00e1mi vyd\u011blan\u00e9. A nejhor\u0161\u00ed je, \u017ee vybran\u00e9 prost\u0159edky nekon\u010d\u00ed ve funguj\u00edc\u00ed infrastruktu\u0159e a v\u00a0budov\u00e1n\u00ed efektivn\u00edho st\u00e1tu, ale v \u010dern\u00e9 d\u00ed\u0159e. Vl\u00e1da by se m\u011bla u\u010dit od t\u011bch, kte\u0159\u00ed se pohybuj\u00ed v\u00a0oblasti tzv. \u0161ed\u00e9 ekonomiky.<\/p>\n<p>P\u0159es v\u0161e v\u00fd\u0161e uveden\u00e9 je st\u00e1t na mizin\u011b. Rozpo\u010dty se m\u00edj\u00ed o des\u00edtky miliard, bohat\u00ed a vysoc\u00ed st\u00e1tn\u00ed \u00fa\u0159edn\u00edci neskute\u010dn\u011b bohatnou, st\u0159edn\u00ed vrstva chudne, chud\u00ed ,,jedou na doraz\u201c. Vl\u00e1da neum\u00ed \u0161et\u0159it na spr\u00e1vn\u00fdch polo\u017ek\u00e1ch, m\u00edsto toho pokra\u010duje v\u00a0rozhazov\u00e1n\u00ed a vys\u00e1v\u00e1 jak ob\u010dany, tak si i nad\u00e1le rekordn\u011b p\u016fj\u010duje, \u010d\u00edm\u017e n\u00e1s zadlu\u017euje v\u00edce a v\u00edce. Ne sebe, ale n\u00e1s. A pr\u00e1v\u011b proti tomuto syst\u00e9mu se mus\u00edme vzbou\u0159it. V\u00a0pond\u011bl\u00ed prob\u00edh\u00e1 dal\u0161\u00ed z\u00a0demonstrac\u00ed. Nen\u00ed \u00fapln\u011b d\u016fle\u017eit\u00e9, kdo protest organizuje a svol\u00e1v\u00e1, podstatn\u00ed lid\u00e9 jsou ti p\u0159ed p\u00f3diem. A \u010d\u00edm v\u00edce n\u00e1s bude, t\u00edm v\u011bt\u0161\u00ed pravd\u011bpodobnost konce amat\u00e9r\u016f ve vl\u00e1d\u011b tu je. Zkuste o tom p\u0159em\u00fd\u0161let.<\/p>\n<p><a href=\"https:\/\/www.inadhled.live\/uvaha-dne\/ministerstvo-financi-odvadi-zvlastni-praci\/\">Jind\u0159ich Kulhav\u00fd<\/a><\/p>\n<\/div>\n<p><img decoding=\"async\" loading=\"lazy\" class=\"alignnone size-medium wp-image-22653\" src=\"http:\/\/www.infokuryr.cz\/n\/wp-content\/uploads\/2023\/02\/jindra-kulhavy-221x300.jpg\" alt=\"\" width=\"221\" height=\"300\" srcset=\"https:\/\/www.infokuryr.cz\/n\/wp-content\/uploads\/2023\/02\/jindra-kulhavy-221x300.jpg 221w, https:\/\/www.infokuryr.cz\/n\/wp-content\/uploads\/2023\/02\/jindra-kulhavy.jpg 311w\" sizes=\"(max-width: 221px) 100vw, 221px\" \/><\/p>\n<p>______________________<\/p>\n<p>&nbsp;<\/p>\n<p>&nbsp;<\/p>\n<p><img decoding=\"async\" loading=\"lazy\" class=\"wp-image-19187 aligncenter\" src=\"http:\/\/www.infokuryr.cz\/n\/wp-content\/uploads\/2022\/12\/1-PRO-300x36.jpg\" alt=\"\" width=\"1275\" height=\"153\" srcset=\"https:\/\/www.infokuryr.cz\/n\/wp-content\/uploads\/2022\/12\/1-PRO-300x36.jpg 300w, https:\/\/www.infokuryr.cz\/n\/wp-content\/uploads\/2022\/12\/1-PRO.jpg 699w\" sizes=\"(max-width: 1275px) 100vw, 1275px\" \/><\/p>\n<p>&nbsp;<\/p>\n<p>&nbsp;<\/p>\n<p>&nbsp;<\/p>\n<p>&nbsp;<\/p>\n","protected":false},"excerpt":{"rendered":"<p>Vytv\u00e1\u0159en\u00ed st\u00e1tn\u00edho rozpo\u010dtu na dal\u0161\u00ed rok mus\u00ed b\u00fdt n\u00e1ro\u010dn\u00e1 pr\u00e1ce sv\u011b\u0159en\u00e1 odborn\u00edk\u016fm. P\u0159edpov\u00eddat budouc\u00ed p\u0159\u00edjmy&#8230;<\/p>\n","protected":false},"author":2,"featured_media":26343,"comment_status":"closed","ping_status":"closed","sticky":false,"template":"","format":"standard","meta":[],"categories":[6],"tags":[1042,45,1454],"_links":{"self":[{"href":"https:\/\/www.infokuryr.cz\/n\/wp-json\/wp\/v2\/posts\/26342"}],"collection":[{"href":"https:\/\/www.infokuryr.cz\/n\/wp-json\/wp\/v2\/posts"}],"about":[{"href":"https:\/\/www.infokuryr.cz\/n\/wp-json\/wp\/v2\/types\/post"}],"author":[{"embeddable":true,"href":"https:\/\/www.infokuryr.cz\/n\/wp-json\/wp\/v2\/users\/2"}],"replies":[{"embeddable":true,"href":"https:\/\/www.infokuryr.cz\/n\/wp-json\/wp\/v2\/comments?post=26342"}],"version-history":[{"count":1,"href":"https:\/\/www.infokuryr.cz\/n\/wp-json\/wp\/v2\/posts\/26342\/revisions"}],"predecessor-version":[{"id":26344,"href":"https:\/\/www.infokuryr.cz\/n\/wp-json\/wp\/v2\/posts\/26342\/revisions\/26344"}],"wp:featuredmedia":[{"embeddable":true,"href":"https:\/\/www.infokuryr.cz\/n\/wp-json\/wp\/v2\/media\/26343"}],"wp:attachment":[{"href":"https:\/\/www.infokuryr.cz\/n\/wp-json\/wp\/v2\/media?parent=26342"}],"wp:term":[{"taxonomy":"category","embeddable":true,"href":"https:\/\/www.infokuryr.cz\/n\/wp-json\/wp\/v2\/categories?post=26342"},{"taxonomy":"post_tag","embeddable":true,"href":"https:\/\/www.infokuryr.cz\/n\/wp-json\/wp\/v2\/tags?post=26342"}],"curies":[{"name":"wp","href":"https:\/\/api.w.org\/{rel}","templated":true}]}}