{"id":26278,"date":"2023-04-16T01:04:47","date_gmt":"2023-04-15T23:04:47","guid":{"rendered":"http:\/\/www.infokuryr.cz\/n\/?p=26278"},"modified":"2023-04-15T17:18:53","modified_gmt":"2023-04-15T15:18:53","slug":"spanelska-policie-znicila-nejvetsi-evropskou-kokainovou-laborator","status":"publish","type":"post","link":"https:\/\/www.infokuryr.cz\/n\/2023\/04\/16\/spanelska-policie-znicila-nejvetsi-evropskou-kokainovou-laborator\/","title":{"rendered":"\u0160pan\u011blsk\u00e1 policie zni\u010dila nejv\u011bt\u0161\u00ed evropskou kokainovou laborato\u0159"},"content":{"rendered":"<div id=\"fb-root\"><\/div>\n<p><strong>\u0160pan\u011blsk\u00e1 policie spolu s kolegy z Portugalska a Kolumbie zlikvidovala nejv\u011bt\u0161\u00ed kokainovou laborato\u0159 v Evrop\u011b, uv\u00e1d\u00ed The Guardian.\u00a0Jak den\u00edk poznamen\u00e1v\u00e1, b\u011bhem operace se poda\u0159ilo identifikovat nov\u00fd trend v obchodov\u00e1n\u00ed s kokainem, kdy se surov\u00e1 droga vyv\u00e1\u017e\u00ed k chemick\u00e9mu zpracov\u00e1n\u00ed do zem\u00ed, kde se bude prod\u00e1vat.<\/strong><\/p>\n<p>\u0160pan\u011blsk\u00e1 policie zatkla 18 lid\u00ed pot\u00e9, co uzav\u0159ela nejv\u011bt\u0161\u00ed evropskou kokainovou laborato\u0159, kde odborn\u00edci z Mexika a Kolumbie vyr\u00e1b\u011bli 200 kg drogy denn\u011b, uv\u00e1d\u00ed The Guardian.<\/p>\n<p>\u0160pan\u011bl\u0161t\u00ed str\u00e1\u017eci z\u00e1kona spole\u010dn\u011b s kolegy z Portugalska a Kolumbie zajistili 1300 kg kokov\u00e9 pasty a 151 kg zpracovan\u00e9ho kokainu.<\/p>\n<p>&#8220;\u00a0<em>Megalaborato\u0159 se nach\u00e1z\u00ed v provincii Pontevedra a nikdy nezastavila svou \u010dinnost, jej\u00ed &#8222;kucha\u0159i&#8220; pracovali na sm\u011bny 24 hodin denn\u011b, aby p\u0159em\u011bnili pastu na hydrochlorid kokainu, p\u0159ipraven\u00fd k pou\u017eit\u00ed,&#8220; uvedla policie<\/em>\u00a0.<\/p>\n<p>Pachatel\u00e9 podle policie dodr\u017eovali p\u0159\u00edsn\u00e1 bezpe\u010dnostn\u00ed opat\u0159en\u00ed, aby nebyli odhaleni.\u00a0Org\u00e1ny \u010dinn\u00e9 v trestn\u00edm \u0159\u00edzen\u00ed na n\u011b ale upozornily u\u017e v \u0159\u00edjnu lo\u0148sk\u00e9ho roku, kdy oslovily zlo\u010dineckou skupinu s\u00eddl\u00edc\u00ed v hlavn\u00edm m\u011bst\u011b Gran Canaria Las Palmas, jej\u00ed\u017e n\u011bkte\u0159\u00ed \u010dlenov\u00e9 u\u017e byli vy\u0161et\u0159ov\u00e1ni kv\u016fli vazb\u00e1m na kolumbijsk\u00e9 dodavatele drog.<\/p>\n<p>Policie se v d\u016fsledku vy\u0161et\u0159ov\u00e1n\u00ed vydala do domu nedaleko Madridu, kter\u00fd gang vyu\u017e\u00edval jako skladi\u0161t\u011b, a tak\u00e9 pr\u016fmyslov\u00e9ho komplexu v Ponteved\u0159e, kde byly skladov\u00e1ny materi\u00e1ly na v\u00fdrobu kokainu.<\/p>\n<p>Policie brzy odhalila multietnickou zlo\u010dineckou skupinu, v n\u00ed\u017e byli kolumbij\u0161t\u00ed \u201ekucha\u0159i\u201c a dva Mexi\u010dan\u00e9 zn\u00e1m\u00ed jako \u201ein\u017een\u00fdr\u201c a \u201enot\u00e1\u0159\u201c, kte\u0159\u00ed m\u011bli na starosti v\u00fdrobu.\u00a0Organiz\u00e1tory skupiny p\u0159itom byli pr\u00e1v\u011b \u0160pan\u011bl\u00e9, kte\u0159\u00ed byli zodpov\u011bdn\u00ed za p\u0159epravu drog z Kolumbie a distribuci hotov\u00e9ho \u201eproduktu\u201c.\u00a0Podle policie financovaly pr\u00e1ci laborato\u0159e dv\u011b vlivn\u00e9 zlo\u010dineck\u00e9 organizace z Mexika a Kolumbie.<\/p>\n<p>\u201e\u00a0<em>Tato operace odhalila nov\u00fd trend v obchodov\u00e1n\u00ed s kokainem, kdy se surov\u00e1 droga vyv\u00e1\u017e\u00ed k chemick\u00e9mu zpracov\u00e1n\u00ed v tajn\u00fdch laborato\u0159\u00edch ji\u017e v c\u00edlov\u00fdch zem\u00edch<\/em>\u00a0,\u201c uvedla policie v prohl\u00e1\u0161en\u00ed.\u00a0Jak poznamenal The Guardian, zlo\u010dineck\u00fdm organizac\u00edm to umo\u017e\u0148uje sn\u00ed\u017eit ztr\u00e1ty, pokud je zbo\u017e\u00ed zabaveno na cest\u011b do c\u00edlov\u00e9 zem\u011b.<\/p>\n<p>Z\u00e1stupci \u010dinn\u00fdch v trestn\u00edm \u0159\u00edzen\u00ed uvedli, \u017ee odhalen\u00ed a uzav\u0159en\u00ed laborato\u0159e by nejenom zastavilo masivn\u00ed mno\u017estv\u00ed kokainu ve vstupu na trh, ale tak\u00e9 zabr\u00e1nilo \u201e\u00a0<em>ni\u010div\u00fdm dopad\u016fm na \u017eivotn\u00ed prost\u0159ed\u00ed<\/em>\u00a0\u201c.\u00a0Podle policie kriminalist\u00e9 vysypali do nedalek\u00fdch vodn\u00edch ploch v\u00edce ne\u017e 27 tun pevn\u00fdch a kapaln\u00fdch chemick\u00fdch produkt\u016f, kter\u00e9 ji\u017e nepot\u0159ebovali.<\/p>\n<p><img decoding=\"async\" loading=\"lazy\" class=\"alignnone size-full wp-image-1185\" src=\"http:\/\/www.infokuryr.cz\/n\/wp-content\/uploads\/2021\/04\/kuryr-podpis.png\" alt=\"\" width=\"84\" height=\"24\" \/><\/p>\n<p>&nbsp;<\/p>\n<p><img decoding=\"async\" loading=\"lazy\" class=\"wp-image-19187 aligncenter\" src=\"http:\/\/www.infokuryr.cz\/n\/wp-content\/uploads\/2022\/12\/1-PRO-300x36.jpg\" alt=\"\" width=\"1258\" height=\"151\" srcset=\"https:\/\/www.infokuryr.cz\/n\/wp-content\/uploads\/2022\/12\/1-PRO-300x36.jpg 300w, https:\/\/www.infokuryr.cz\/n\/wp-content\/uploads\/2022\/12\/1-PRO.jpg 699w\" sizes=\"(max-width: 1258px) 100vw, 1258px\" \/><\/p>\n<p>&nbsp;<\/p>\n<p>&nbsp;<\/p>\n<p><img decoding=\"async\" loading=\"lazy\" class=\"wp-image-24737 aligncenter\" src=\"http:\/\/www.infokuryr.cz\/n\/wp-content\/uploads\/2023\/03\/cesko_proti_bide2-239x300.png\" alt=\"\" width=\"747\" height=\"938\" srcset=\"https:\/\/www.infokuryr.cz\/n\/wp-content\/uploads\/2023\/03\/cesko_proti_bide2-239x300.png 239w, https:\/\/www.infokuryr.cz\/n\/wp-content\/uploads\/2023\/03\/cesko_proti_bide2-816x1024.png 816w, https:\/\/www.infokuryr.cz\/n\/wp-content\/uploads\/2023\/03\/cesko_proti_bide2-768x964.png 768w, https:\/\/www.infokuryr.cz\/n\/wp-content\/uploads\/2023\/03\/cesko_proti_bide2.png 846w\" sizes=\"(max-width: 747px) 100vw, 747px\" \/><\/p>\n<p>&nbsp;<\/p>\n<p>&nbsp;<\/p>\n","protected":false},"excerpt":{"rendered":"<p>\u0160pan\u011blsk\u00e1 policie spolu s kolegy z Portugalska a Kolumbie zlikvidovala nejv\u011bt\u0161\u00ed kokainovou laborato\u0159 v Evrop\u011b,&#8230;<\/p>\n","protected":false},"author":2,"featured_media":26279,"comment_status":"closed","ping_status":"closed","sticky":false,"template":"","format":"standard","meta":[],"categories":[7],"tags":[289,1361,86,440],"_links":{"self":[{"href":"https:\/\/www.infokuryr.cz\/n\/wp-json\/wp\/v2\/posts\/26278"}],"collection":[{"href":"https:\/\/www.infokuryr.cz\/n\/wp-json\/wp\/v2\/posts"}],"about":[{"href":"https:\/\/www.infokuryr.cz\/n\/wp-json\/wp\/v2\/types\/post"}],"author":[{"embeddable":true,"href":"https:\/\/www.infokuryr.cz\/n\/wp-json\/wp\/v2\/users\/2"}],"replies":[{"embeddable":true,"href":"https:\/\/www.infokuryr.cz\/n\/wp-json\/wp\/v2\/comments?post=26278"}],"version-history":[{"count":0,"href":"https:\/\/www.infokuryr.cz\/n\/wp-json\/wp\/v2\/posts\/26278\/revisions"}],"wp:featuredmedia":[{"embeddable":true,"href":"https:\/\/www.infokuryr.cz\/n\/wp-json\/wp\/v2\/media\/26279"}],"wp:attachment":[{"href":"https:\/\/www.infokuryr.cz\/n\/wp-json\/wp\/v2\/media?parent=26278"}],"wp:term":[{"taxonomy":"category","embeddable":true,"href":"https:\/\/www.infokuryr.cz\/n\/wp-json\/wp\/v2\/categories?post=26278"},{"taxonomy":"post_tag","embeddable":true,"href":"https:\/\/www.infokuryr.cz\/n\/wp-json\/wp\/v2\/tags?post=26278"}],"curies":[{"name":"wp","href":"https:\/\/api.w.org\/{rel}","templated":true}]}}