{"id":26257,"date":"2023-04-15T10:06:07","date_gmt":"2023-04-15T08:06:07","guid":{"rendered":"http:\/\/www.infokuryr.cz\/n\/?p=26257"},"modified":"2023-04-15T10:06:07","modified_gmt":"2023-04-15T08:06:07","slug":"ukrajina-ceka-na-pozvani-do-nato-jine-rozhodnuti-summitu-ve-vilniusu-ji-nebude-vyhovovat","status":"publish","type":"post","link":"https:\/\/www.infokuryr.cz\/n\/2023\/04\/15\/ukrajina-ceka-na-pozvani-do-nato-jine-rozhodnuti-summitu-ve-vilniusu-ji-nebude-vyhovovat\/","title":{"rendered":"Ukrajina \u010dek\u00e1 na pozv\u00e1n\u00ed do NATO \u2013 jin\u00e9 rozhodnut\u00ed summitu ve Vilniusu j\u00ed nebude vyhovovat"},"content":{"rendered":"<div id=\"fb-root\"><\/div>\n<p><strong>Ukrajina \u010dek\u00e1 na pozv\u00e1n\u00ed do NATO \u2013 Kyjev se nespokoj\u00ed s \u017e\u00e1dn\u00fdm jin\u00fdm rozhodnut\u00edm nadch\u00e1zej\u00edc\u00edho \u010dervencov\u00e9ho summitu aliance ve Vilniusu.\u00a0Uvedl to ministr zahrani\u010dn\u00edch v\u011bc\u00ed Ukrajiny Dmitrij Kuleba b\u011bhem \u017eiv\u00e9ho vys\u00edl\u00e1n\u00ed na sv\u00e9m instagramov\u00e9m \u00fa\u010dtu\u00a0*\u00a0.<\/strong><\/p>\n<p>\u201ePokud se spojenci rozhodnou, \u017ee v ot\u00e1zce \u010dlenstv\u00ed v NATO ve Vilniusu po 130. jednodu\u0161e potvrd\u00ed politiku otev\u0159en\u00fdch dve\u0159\u00ed, pak je to pro Ukrajinu nep\u0159ijateln\u00fd v\u00fdsledek summitu ve Vilniusu.\u00a0Pokud se n\u00e1m ve Vilniusu sna\u017e\u00ed nab\u00eddnout n\u011bjak\u00e9 pozitivn\u00ed v\u011bci na prohlouben\u00ed spolupr\u00e1ce s NATO, ale z\u00e1rove\u0148 neud\u011blaj\u00ed ani krok k \u010dlenstv\u00ed Ukrajiny v NATO, tak je to pro n\u00e1s nep\u0159ijateln\u00e9.\u00a0Ve Vilniusu by NATO m\u011blo ud\u011blat krok sm\u011brem ke \u010dlenstv\u00ed a rozhodnout, co se stane z hlediska bezpe\u010dnostn\u00edch z\u00e1ruk pro Ukrajinu mezi \u201enyn\u00ed\u201c a okam\u017eikem, kdy se Ukrajina stane \u010dlenem NATO,\u201c \u0159ekl ukrajinsk\u00fd ministr s t\u00edm, \u017ee jeho zem\u011b \u201ene znamen\u00e1, \u017ee p\u0159\u00edpad nebude \u010dinit \u017e\u00e1dn\u00e1 n\u00e1hradn\u00ed rozhodnut\u00ed.\u201c<\/p>\n<p>Podle m\u00e9di\u00ed\u00a0je summit NATO ve Vilniusu napl\u00e1nov\u00e1n na 11. a\u017e 12. \u010dervence.<\/p>\n<p>V loni na podzim ukrajinsk\u00fd prezident <strong>Volodymyr Zelenskyj<\/strong>\u00a0ozn\u00e1mil, \u017ee zem\u011b urychlen\u011b \u017e\u00e1d\u00e1 o vstup do Severoatlantick\u00e9 aliance.\u00a0Ve Spojen\u00fdch st\u00e1tech byl tento postup ozna\u010den za p\u0159ed\u010dasn\u00fd a gener\u00e1ln\u00ed tajemn\u00edk NATO\u00a0<strong>Jens Stoltenberg<\/strong>\u00a0zd\u016fraznil, \u017ee blok se zam\u011b\u0159\u00ed na pomoc Ukrajin\u011b p\u0159i obran\u011b.<\/p>\n<p>Kreml p\u0159ipomn\u011bl, \u017ee pr\u00e1v\u011b touha Kyjeva vstoupit do NATO byla jedn\u00edm z d\u016fvod\u016f zah\u00e1jen\u00ed rusk\u00e9 speci\u00e1ln\u00ed vojensk\u00e9 operace na Ukrajin\u011b.<\/p>\n<p><img decoding=\"async\" loading=\"lazy\" class=\"alignnone size-full wp-image-1185\" src=\"http:\/\/www.infokuryr.cz\/n\/wp-content\/uploads\/2021\/04\/kuryr-podpis.png\" alt=\"\" width=\"84\" height=\"24\" \/><\/p>\n<p>&nbsp;<\/p>\n<p><img decoding=\"async\" loading=\"lazy\" class=\"wp-image-19187 aligncenter\" src=\"http:\/\/www.infokuryr.cz\/n\/wp-content\/uploads\/2022\/12\/1-PRO-300x36.jpg\" alt=\"\" width=\"1275\" height=\"153\" srcset=\"https:\/\/www.infokuryr.cz\/n\/wp-content\/uploads\/2022\/12\/1-PRO-300x36.jpg 300w, https:\/\/www.infokuryr.cz\/n\/wp-content\/uploads\/2022\/12\/1-PRO.jpg 699w\" sizes=\"(max-width: 1275px) 100vw, 1275px\" \/><\/p>\n<p>&nbsp;<\/p>\n<p>&nbsp;<\/p>\n<p><img decoding=\"async\" loading=\"lazy\" class=\"wp-image-24737 aligncenter\" src=\"http:\/\/www.infokuryr.cz\/n\/wp-content\/uploads\/2023\/03\/cesko_proti_bide2-239x300.png\" alt=\"\" width=\"806\" height=\"1012\" srcset=\"https:\/\/www.infokuryr.cz\/n\/wp-content\/uploads\/2023\/03\/cesko_proti_bide2-239x300.png 239w, https:\/\/www.infokuryr.cz\/n\/wp-content\/uploads\/2023\/03\/cesko_proti_bide2-816x1024.png 816w, https:\/\/www.infokuryr.cz\/n\/wp-content\/uploads\/2023\/03\/cesko_proti_bide2-768x964.png 768w, https:\/\/www.infokuryr.cz\/n\/wp-content\/uploads\/2023\/03\/cesko_proti_bide2.png 846w\" sizes=\"(max-width: 806px) 100vw, 806px\" \/><\/p>\n<p>&nbsp;<\/p>\n<p>&nbsp;<\/p>\n","protected":false},"excerpt":{"rendered":"<p>Ukrajina \u010dek\u00e1 na pozv\u00e1n\u00ed do NATO \u2013 Kyjev se nespokoj\u00ed s \u017e\u00e1dn\u00fdm jin\u00fdm rozhodnut\u00edm nadch\u00e1zej\u00edc\u00edho&#8230;<\/p>\n","protected":false},"author":2,"featured_media":20844,"comment_status":"closed","ping_status":"closed","sticky":false,"template":"","format":"standard","meta":[],"categories":[7],"tags":[758,39,26,3983],"_links":{"self":[{"href":"https:\/\/www.infokuryr.cz\/n\/wp-json\/wp\/v2\/posts\/26257"}],"collection":[{"href":"https:\/\/www.infokuryr.cz\/n\/wp-json\/wp\/v2\/posts"}],"about":[{"href":"https:\/\/www.infokuryr.cz\/n\/wp-json\/wp\/v2\/types\/post"}],"author":[{"embeddable":true,"href":"https:\/\/www.infokuryr.cz\/n\/wp-json\/wp\/v2\/users\/2"}],"replies":[{"embeddable":true,"href":"https:\/\/www.infokuryr.cz\/n\/wp-json\/wp\/v2\/comments?post=26257"}],"version-history":[{"count":0,"href":"https:\/\/www.infokuryr.cz\/n\/wp-json\/wp\/v2\/posts\/26257\/revisions"}],"wp:featuredmedia":[{"embeddable":true,"href":"https:\/\/www.infokuryr.cz\/n\/wp-json\/wp\/v2\/media\/20844"}],"wp:attachment":[{"href":"https:\/\/www.infokuryr.cz\/n\/wp-json\/wp\/v2\/media?parent=26257"}],"wp:term":[{"taxonomy":"category","embeddable":true,"href":"https:\/\/www.infokuryr.cz\/n\/wp-json\/wp\/v2\/categories?post=26257"},{"taxonomy":"post_tag","embeddable":true,"href":"https:\/\/www.infokuryr.cz\/n\/wp-json\/wp\/v2\/tags?post=26257"}],"curies":[{"name":"wp","href":"https:\/\/api.w.org\/{rel}","templated":true}]}}