{"id":26256,"date":"2023-04-15T09:48:18","date_gmt":"2023-04-15T07:48:18","guid":{"rendered":"http:\/\/www.infokuryr.cz\/n\/?p=26256"},"modified":"2023-04-15T09:48:18","modified_gmt":"2023-04-15T07:48:18","slug":"trump-predpovedel-americke-ekonomice-a-dolaru-tezkou-porazku","status":"publish","type":"post","link":"https:\/\/www.infokuryr.cz\/n\/2023\/04\/15\/trump-predpovedel-americke-ekonomice-a-dolaru-tezkou-porazku\/","title":{"rendered":"Trump p\u0159edpov\u011bd\u011bl americk\u00e9 ekonomice a dolaru t\u011b\u017ekou por\u00e1\u017eku"},"content":{"rendered":"<div id=\"fb-root\"><\/div>\n<p><strong>Americk\u00e9 ekonomice a dolaru hroz\u00ed nejt\u011b\u017e\u0161\u00ed por\u00e1\u017eka za posledn\u00edch 200 let, prohl\u00e1sil b\u00fdval\u00fd prezident USA Donald Trump na f\u00f3ru N\u00e1rodn\u00ed asociace dr\u017eitel\u016f zbran\u00ed v Indian\u011b.<\/strong><\/p>\n<p>\u201eNa\u0161e m\u011bna se ni\u010d\u00ed, a brzy p\u0159estaneme b\u00fdt sv\u011btov\u00fdm standardem. Bude to na\u0161e nejt\u011b\u017e\u0161\u00ed por\u00e1\u017eka za 200 let. Bylo to nemysliteln\u00e9 je\u0161t\u011b p\u0159ed n\u011bkolika lety, te\u010f se to ale odehr\u00e1v\u00e1 p\u0159ed na\u0161ima o\u010dima,\u201c zd\u016fraznil politik.<\/p>\n<p>Jak prohl\u00e1sil Trump, ekonomika Spojen\u00fdch st\u00e1t\u016f degraduje, inflace v zemi je nekontrolovateln\u00e1, a zven\u010d\u00ed obklopuj\u00ed USA nep\u0159\u00e1telsk\u00e9 spolky.<\/p>\n<p>\u201eRusko se spol\u010duje s \u010c\u00ednou, je to nemysliteln\u00e9. Sa\u00fadsk\u00e1 Ar\u00e1bie, skv\u011bl\u00ed lid\u00e9, se spol\u010duje s \u00cdr\u00e1nem. \u010c\u00edna a Rusko, \u00cdr\u00e1n a Severn\u00ed Korea formuj\u00ed ni\u010div\u00e9 koalice,\u201c dodal.<\/p>\n<p>Trump sl\u00edbil, \u017ee nep\u0159ipust\u00ed \u017e\u00e1dn\u00e9 probl\u00e9my ve veden\u00ed USA, zv\u00edt\u011bz\u00ed-li ve volb\u00e1ch v roce 2024.<\/p>\n<p><img decoding=\"async\" loading=\"lazy\" class=\"alignnone size-full wp-image-1185\" src=\"http:\/\/www.infokuryr.cz\/n\/wp-content\/uploads\/2021\/04\/kuryr-podpis.png\" alt=\"\" width=\"84\" height=\"24\" \/><\/p>\n<p>&nbsp;<\/p>\n<p>&nbsp;<\/p>\n<p><img decoding=\"async\" loading=\"lazy\" class=\"wp-image-19187 aligncenter\" src=\"http:\/\/www.infokuryr.cz\/n\/wp-content\/uploads\/2022\/12\/1-PRO-300x36.jpg\" alt=\"\" width=\"1275\" height=\"153\" srcset=\"https:\/\/www.infokuryr.cz\/n\/wp-content\/uploads\/2022\/12\/1-PRO-300x36.jpg 300w, https:\/\/www.infokuryr.cz\/n\/wp-content\/uploads\/2022\/12\/1-PRO.jpg 699w\" sizes=\"(max-width: 1275px) 100vw, 1275px\" \/><\/p>\n<p>&nbsp;<\/p>\n<p>&nbsp;<\/p>\n<p><img decoding=\"async\" loading=\"lazy\" class=\"wp-image-24737 aligncenter\" src=\"http:\/\/www.infokuryr.cz\/n\/wp-content\/uploads\/2023\/03\/cesko_proti_bide2-239x300.png\" alt=\"\" width=\"671\" height=\"842\" srcset=\"https:\/\/www.infokuryr.cz\/n\/wp-content\/uploads\/2023\/03\/cesko_proti_bide2-239x300.png 239w, https:\/\/www.infokuryr.cz\/n\/wp-content\/uploads\/2023\/03\/cesko_proti_bide2-816x1024.png 816w, https:\/\/www.infokuryr.cz\/n\/wp-content\/uploads\/2023\/03\/cesko_proti_bide2-768x964.png 768w, https:\/\/www.infokuryr.cz\/n\/wp-content\/uploads\/2023\/03\/cesko_proti_bide2.png 846w\" sizes=\"(max-width: 671px) 100vw, 671px\" \/><\/p>\n<p>&nbsp;<\/p>\n<p>&nbsp;<\/p>\n","protected":false},"excerpt":{"rendered":"<p>Americk\u00e9 ekonomice a dolaru hroz\u00ed nejt\u011b\u017e\u0161\u00ed por\u00e1\u017eka za posledn\u00edch 200 let, prohl\u00e1sil b\u00fdval\u00fd prezident USA&#8230;<\/p>\n","protected":false},"author":2,"featured_media":17986,"comment_status":"closed","ping_status":"closed","sticky":false,"template":"","format":"standard","meta":[],"categories":[7],"tags":[1324,1352,59,371,37],"_links":{"self":[{"href":"https:\/\/www.infokuryr.cz\/n\/wp-json\/wp\/v2\/posts\/26256"}],"collection":[{"href":"https:\/\/www.infokuryr.cz\/n\/wp-json\/wp\/v2\/posts"}],"about":[{"href":"https:\/\/www.infokuryr.cz\/n\/wp-json\/wp\/v2\/types\/post"}],"author":[{"embeddable":true,"href":"https:\/\/www.infokuryr.cz\/n\/wp-json\/wp\/v2\/users\/2"}],"replies":[{"embeddable":true,"href":"https:\/\/www.infokuryr.cz\/n\/wp-json\/wp\/v2\/comments?post=26256"}],"version-history":[{"count":0,"href":"https:\/\/www.infokuryr.cz\/n\/wp-json\/wp\/v2\/posts\/26256\/revisions"}],"wp:featuredmedia":[{"embeddable":true,"href":"https:\/\/www.infokuryr.cz\/n\/wp-json\/wp\/v2\/media\/17986"}],"wp:attachment":[{"href":"https:\/\/www.infokuryr.cz\/n\/wp-json\/wp\/v2\/media?parent=26256"}],"wp:term":[{"taxonomy":"category","embeddable":true,"href":"https:\/\/www.infokuryr.cz\/n\/wp-json\/wp\/v2\/categories?post=26256"},{"taxonomy":"post_tag","embeddable":true,"href":"https:\/\/www.infokuryr.cz\/n\/wp-json\/wp\/v2\/tags?post=26256"}],"curies":[{"name":"wp","href":"https:\/\/api.w.org\/{rel}","templated":true}]}}