{"id":26254,"date":"2023-04-15T09:46:00","date_gmt":"2023-04-15T07:46:00","guid":{"rendered":"http:\/\/www.infokuryr.cz\/n\/?p=26254"},"modified":"2023-04-15T09:46:00","modified_gmt":"2023-04-15T07:46:00","slug":"kontroverzni-francouzska-duchodova-reforma-schvalena-navzdory-narodnim-nepokojum","status":"publish","type":"post","link":"https:\/\/www.infokuryr.cz\/n\/2023\/04\/15\/kontroverzni-francouzska-duchodova-reforma-schvalena-navzdory-narodnim-nepokojum\/","title":{"rendered":"Kontroverzn\u00ed francouzsk\u00e1 d\u016fchodov\u00e1 reforma schv\u00e1lena navzdory n\u00e1rodn\u00edm nepokoj\u016fm"},"content":{"rendered":"<div id=\"fb-root\"><\/div>\n<p><span style=\"font-size: 18pt;\"><strong>\u00dastavn\u00ed rada rozhodla ve prosp\u011bch nepopul\u00e1rn\u00edho opat\u0159en\u00ed, kter\u00e9 vyvolalo t\u00fddny protest\u016f<\/strong><\/span><\/p>\n<p><span>Francouzsk\u00e1 \u00fastavn\u00ed rada v p\u00e1tek schv\u00e1lila pl\u00e1n prezidenta Emmanuela Macrona zv\u00fd\u0161it v\u011bk odchodu do d\u016fchodu o dva roky, \u010d\u00edm\u017e nepopul\u00e1rn\u00ed opat\u0159en\u00ed posunula o krok bl\u00ed\u017ee k tomu, aby se stal z\u00e1konem.\u00a0Demonstranti, kte\u0159\u00ed na v\u00edce ne\u017e m\u011bs\u00edc zaplnili ulice Francie v opozici v\u016f\u010di pl\u00e1n\u016fm, sl\u00edbili, \u017ee nep\u016fjdou dom\u016f, dokud nebude sta\u017een.\u00a0<\/span><\/p>\n<p><span>Demonstranti vysypali hromady odpadk\u016f p\u0159ed budovu Rady a vyv\u011bsili\u00a0p\u0159es ulici transparent s n\u00e1pisem \u201e\u00a0<\/span><em><span>\u00fastavn\u00ed cenzura \u201c, zat\u00edmco \u010dekali na \u010dtvrte\u010dn\u00ed rozhodnut\u00ed.\u00a0<\/span><\/em><span>Povinnost\u00ed Rady je posoudit \u00fastavnost navrhovan\u00fdch pr\u00e1vn\u00edch p\u0159edpis\u016f a jejich slovo je kone\u010dn\u00e9.\u00a0<\/span><\/p>\n<p><span>Macron m\u00e1 t\u00e9m\u011b\u0159 zaru\u010deno, \u017ee z\u00e1kon o d\u016fchodov\u00e9 reform\u011b podep\u00ed\u0161e b\u011bhem p\u0159\u00ed\u0161t\u00edch 15 dn\u016f, proto\u017ee to ozna\u010dil za \u201e\u00a0<\/span><em><span>nezbytnost<\/span><\/em><span>\u00a0\u201c k z\u00e1chran\u011b zm\u00edtaj\u00edc\u00edho se d\u016fchodov\u00e9ho syst\u00e9mu v zemi.\u00a0Vstoup\u00ed v platnost za\u010d\u00e1tkem z\u00e1\u0159\u00ed a postupn\u011b se bude zvy\u0161ovat v\u011bk odchodu do d\u016fchodu \u2013 nyn\u00ed 62 \u2013 v\u017edy o t\u0159i m\u011bs\u00edce, a\u017e v z\u00e1\u0159\u00ed 2030 dos\u00e1hne 64 let.\u00a0<\/span><\/p>\n<p><span>Jedinou zb\u00fdvaj\u00edc\u00ed leg\u00e1ln\u00ed cestou pro odp\u016frce reformy je z\u00edskat b\u011bhem p\u0159\u00ed\u0161t\u00edch dev\u00edti m\u011bs\u00edc\u016f souhlas Rady a 10 % voli\u010d\u016f k uspo\u0159\u00e1d\u00e1n\u00ed referenda, co\u017e je mechanismus, kter\u00fd se od roku 2015, kdy se stal mo\u017enost\u00ed, nikdy neuskute\u010dnil.\u00a0<\/span><\/p>\n<p><span>Odborov\u00fd svaz CGT se zat\u00edm spokojil s prac\u00ed mimo syst\u00e9m a sl\u00edbil, \u017ee nebude s prezidentem v\u016fbec vyjedn\u00e1vat, dokud nebude d\u016fchodov\u00e1 reforma sta\u017eena.\u00a0<\/span><\/p>\n<p><span>\u010clenov\u00e9 odbor\u016f se p\u0159ipojili k v\u00edce ne\u017e 400 000 demonstrant\u016fm, kte\u0159\u00ed ve \u010dtvrtek zaplnili ulice po cel\u00e9 zemi.\u00a0Davy se vyrojily v s\u00eddle luxusn\u00ed zna\u010dky LVMH a t\u00fdden p\u0159edt\u00edm vtrhly do kancel\u00e1\u0159\u00ed spr\u00e1vce aktiv BlackRock.\u00a0Zap\u00e1lili tak\u00e9 jednu z Macronov\u00fdch obl\u00edben\u00fdch restaurac\u00ed, zasypali radnici mrtv\u00fdmi krysami a zablokovali dopravu na mezin\u00e1rodn\u00ed leti\u0161t\u011b Charlese de Gaulla.\u00a0<\/span><\/p>\n<p><span>St\u00e1vky tak\u00e9 naru\u0161ily cestov\u00e1n\u00ed metrem, vlaky a letadlem, zat\u00edmco v ulic\u00edch se odehr\u00e1valy nes\u010detn\u00e9 n\u00e1siln\u00e9 st\u0159ety mezi t\u011b\u017ece obrn\u011bnou po\u0159\u00e1dkovou polici\u00ed se slzn\u00fdm plynem a hordami rozzu\u0159en\u00fdch demonstrant\u016f.\u00a0<\/span><\/p>\n<p><span>D\u016fchodov\u00fd v\u011bk ve Francii pat\u0159\u00ed k nejni\u017e\u0161\u00edm v Evrop\u011b a jej\u00ed st\u0159edn\u00ed d\u00e9lka \u017eivota pat\u0159\u00ed k nejvy\u0161\u0161\u00edm.\u00a0Macronovo rozhodnut\u00ed prorazit penzijn\u00ed reformu, ani\u017e by umo\u017enilo hlasov\u00e1n\u00ed v doln\u00ed komo\u0159e parlamentu, v\u0161ak nevyhovovalo opozi\u010dn\u00edm z\u00e1konod\u00e1rc\u016fm, kte\u0159\u00ed dvakr\u00e1t p\u0159edlo\u017eili n\u00e1vrhy na vysloven\u00ed ned\u016fv\u011bry centristick\u00e9 neoliber\u00e1ln\u00ed vl\u00e1d\u011b, p\u0159i\u010dem\u017e oba nakonec prohr\u00e1li.\u00a0<\/span><\/p>\n<p><span>V\u00edce ne\u017e dv\u011b t\u0159etiny Francouz\u016f jsou proti reform\u011b a rozhodnut\u00ed Rady odsoudili jak Jean-Luc Melenchon z levicov\u00e9 strany France Unbowed, tak Marine Le Penov\u00e1 z pravicov\u00e9ho N\u00e1rodn\u00edho shrom\u00e1\u017ed\u011bn\u00ed.<\/span><\/p>\n<p><em>\u00davodn\u00ed foto: \u00a9\u00a0\u00a0AFP \/ Jean-Francois Monier<\/em><\/p>\n<p><img decoding=\"async\" loading=\"lazy\" class=\"alignnone size-full wp-image-1185\" src=\"http:\/\/www.infokuryr.cz\/n\/wp-content\/uploads\/2021\/04\/kuryr-podpis.png\" alt=\"\" width=\"84\" height=\"24\" \/><\/p>\n<p>&nbsp;<\/p>\n<p>&nbsp;<\/p>\n<p><img decoding=\"async\" loading=\"lazy\" class=\"wp-image-19187 aligncenter\" src=\"http:\/\/www.infokuryr.cz\/n\/wp-content\/uploads\/2022\/12\/1-PRO-300x36.jpg\" alt=\"\" width=\"1292\" height=\"155\" srcset=\"https:\/\/www.infokuryr.cz\/n\/wp-content\/uploads\/2022\/12\/1-PRO-300x36.jpg 300w, https:\/\/www.infokuryr.cz\/n\/wp-content\/uploads\/2022\/12\/1-PRO.jpg 699w\" sizes=\"(max-width: 1292px) 100vw, 1292px\" \/><\/p>\n<p>&nbsp;<\/p>\n<p>&nbsp;<\/p>\n<p><img decoding=\"async\" loading=\"lazy\" class=\"wp-image-24737 aligncenter\" src=\"http:\/\/www.infokuryr.cz\/n\/wp-content\/uploads\/2023\/03\/cesko_proti_bide2-239x300.png\" alt=\"\" width=\"695\" height=\"872\" srcset=\"https:\/\/www.infokuryr.cz\/n\/wp-content\/uploads\/2023\/03\/cesko_proti_bide2-239x300.png 239w, https:\/\/www.infokuryr.cz\/n\/wp-content\/uploads\/2023\/03\/cesko_proti_bide2-816x1024.png 816w, https:\/\/www.infokuryr.cz\/n\/wp-content\/uploads\/2023\/03\/cesko_proti_bide2-768x964.png 768w, https:\/\/www.infokuryr.cz\/n\/wp-content\/uploads\/2023\/03\/cesko_proti_bide2.png 846w\" sizes=\"(max-width: 695px) 100vw, 695px\" \/><\/p>\n<p>&nbsp;<\/p>\n<p>&nbsp;<\/p>\n","protected":false},"excerpt":{"rendered":"<p>\u00dastavn\u00ed rada rozhodla ve prosp\u011bch nepopul\u00e1rn\u00edho opat\u0159en\u00ed, kter\u00e9 vyvolalo t\u00fddny protest\u016f Francouzsk\u00e1 \u00fastavn\u00ed rada v&#8230;<\/p>\n","protected":false},"author":2,"featured_media":26255,"comment_status":"closed","ping_status":"closed","sticky":false,"template":"","format":"standard","meta":[],"categories":[7],"tags":[1803,130,95,609],"_links":{"self":[{"href":"https:\/\/www.infokuryr.cz\/n\/wp-json\/wp\/v2\/posts\/26254"}],"collection":[{"href":"https:\/\/www.infokuryr.cz\/n\/wp-json\/wp\/v2\/posts"}],"about":[{"href":"https:\/\/www.infokuryr.cz\/n\/wp-json\/wp\/v2\/types\/post"}],"author":[{"embeddable":true,"href":"https:\/\/www.infokuryr.cz\/n\/wp-json\/wp\/v2\/users\/2"}],"replies":[{"embeddable":true,"href":"https:\/\/www.infokuryr.cz\/n\/wp-json\/wp\/v2\/comments?post=26254"}],"version-history":[{"count":0,"href":"https:\/\/www.infokuryr.cz\/n\/wp-json\/wp\/v2\/posts\/26254\/revisions"}],"wp:featuredmedia":[{"embeddable":true,"href":"https:\/\/www.infokuryr.cz\/n\/wp-json\/wp\/v2\/media\/26255"}],"wp:attachment":[{"href":"https:\/\/www.infokuryr.cz\/n\/wp-json\/wp\/v2\/media?parent=26254"}],"wp:term":[{"taxonomy":"category","embeddable":true,"href":"https:\/\/www.infokuryr.cz\/n\/wp-json\/wp\/v2\/categories?post=26254"},{"taxonomy":"post_tag","embeddable":true,"href":"https:\/\/www.infokuryr.cz\/n\/wp-json\/wp\/v2\/tags?post=26254"}],"curies":[{"name":"wp","href":"https:\/\/api.w.org\/{rel}","templated":true}]}}