{"id":26252,"date":"2023-04-15T09:41:18","date_gmt":"2023-04-15T07:41:18","guid":{"rendered":"http:\/\/www.infokuryr.cz\/n\/?p=26252"},"modified":"2023-04-15T09:41:18","modified_gmt":"2023-04-15T07:41:18","slug":"japonsky-premier-se-stal-tercem-utoku-kourovou-bombou","status":"publish","type":"post","link":"https:\/\/www.infokuryr.cz\/n\/2023\/04\/15\/japonsky-premier-se-stal-tercem-utoku-kourovou-bombou\/","title":{"rendered":"Japonsk\u00fd premi\u00e9r se stal ter\u010dem \u00fatoku \u201ekou\u0159ovou bombou\u201c"},"content":{"rendered":"<div id=\"fb-root\"><\/div>\n<p><span style=\"font-size: 18pt;\"><strong>Fumio Kishida byl evakuov\u00e1n pry\u010d z m\u00edsta \u010dinu pot\u00e9, co jeho \u0159e\u010d p\u0159eru\u0161ila n\u00e1hl\u00e1 exploze<\/strong><\/span><\/p>\n<p><span>B\u011bhem sobotn\u00ed n\u00e1v\u0161t\u011bvy japonsk\u00e9ho premi\u00e9ra Fumia Kishidy v p\u0159\u00edstavn\u00edm m\u011bst\u011b Wakayama byl sly\u0161et hlasit\u00fd v\u00fdbuch, kter\u00fd zp\u016fsobil chaos, kdy\u017e se dav pokusil uprchnout.\u00a0Premi\u00e9r byl z m\u00edsta evakuov\u00e1n, \u00fadajn\u011b bez zran\u011bn\u00ed, a \u00fa\u0159ady vzaly jednoho podez\u0159el\u00e9ho do vazby.<\/span><\/p>\n<p><span>Kolem 11:30 m\u00edstn\u00edho \u010dasu zazn\u011bl v\u00fdbuch, kdy\u017e se premi\u00e9r chystal p\u0159edn\u00e9st pa\u0159ezov\u00fd projev v ryb\u00e1\u0159sk\u00e9m p\u0159\u00edstavu Saigasaki, p\u0159i\u010dem\u017e z davu vystoupil mu\u017e a podle Kyodo News\u00a0mr\u0161til na Kishidu n\u011bco, co vypadalo jako \u201ekou\u0159ov\u00e1 bomba\u201c\u00a0<\/span><em><span>.<\/span><\/em><span>\u00a0.<\/span><\/p>\n<p><span>N\u011bkolik sv\u011bdk\u016f citovan\u00fdch NHK, v\u010detn\u011b \u010dlena m\u00edstn\u00ed m\u011bstsk\u00e9 rady, uvedlo, \u017ee vid\u011bli n\u011bkoho hodit\u00a0<\/span><em><span>\u201ev\u00e1lcov\u00fd st\u0159\u00edbrn\u00fd p\u0159edm\u011bt\u201c<\/span><\/em><span>\u00a0bezprost\u0159edn\u011b p\u0159ed v\u00fdbuchem.\u00a0Podle prvn\u00edch zpr\u00e1v nedo\u0161lo k \u017e\u00e1dn\u00e9mu zran\u011bn\u00ed.<\/span><\/p>\n<p><span>V\u00fdsledn\u00e1 panika byla zachycena na videu, kter\u00e9 ukazuje policisty, jak se na zemi pot\u00fdkaj\u00ed s podez\u0159el\u00fdm, kdy\u017e se ho pokou\u0161eli podmanit.\u00a0P\u0159ihl\u00ed\u017eej\u00edc\u00ed byli tak\u00e9 vid\u011bni prchaj\u00edc\u00ed ve v\u0161ech sm\u011brech uprost\u0159ed zmatku.<\/p>\n<p><\/span><\/p>\n<div class=\"rtcode\">\n<div class=\"twitter-tweet twitter-tweet-rendered\"><iframe id=\"twitter-widget-0\" class=\"\" title=\"Twitter Tweet\" src=\"https:\/\/platform.twitter.com\/embed\/Tweet.html?creatorScreenName=RT_com&amp;dnt=false&amp;embedId=twitter-widget-0&amp;features=eyJ0ZndfdGltZWxpbmVfbGlzdCI6eyJidWNrZXQiOltdLCJ2ZXJzaW9uIjpudWxsfSwidGZ3X2ZvbGxvd2VyX2NvdW50X3N1bnNldCI6eyJidWNrZXQiOnRydWUsInZlcnNpb24iOm51bGx9LCJ0ZndfdHdlZXRfZWRpdF9iYWNrZW5kIjp7ImJ1Y2tldCI6Im9uIiwidmVyc2lvbiI6bnVsbH0sInRmd19yZWZzcmNfc2Vzc2lvbiI6eyJidWNrZXQiOiJvbiIsInZlcnNpb24iOm51bGx9LCJ0ZndfbWl4ZWRfbWVkaWFfMTU4OTciOnsiYnVja2V0IjoidHJlYXRtZW50IiwidmVyc2lvbiI6bnVsbH0sInRmd19leHBlcmltZW50c19jb29raWVfZXhwaXJhdGlvbiI6eyJidWNrZXQiOjEyMDk2MDAsInZlcnNpb24iOm51bGx9LCJ0ZndfZHVwbGljYXRlX3NjcmliZXNfdG9fc2V0dGluZ3MiOnsiYnVja2V0Ijoib24iLCJ2ZXJzaW9uIjpudWxsfSwidGZ3X3ZpZGVvX2hsc19keW5hbWljX21hbmlmZXN0c18xNTA4MiI6eyJidWNrZXQiOiJ0cnVlX2JpdHJhdGUiLCJ2ZXJzaW9uIjpudWxsfSwidGZ3X2xlZ2FjeV90aW1lbGluZV9zdW5zZXQiOnsiYnVja2V0Ijp0cnVlLCJ2ZXJzaW9uIjpudWxsfSwidGZ3X3R3ZWV0X2VkaXRfZnJvbnRlbmQiOnsiYnVja2V0Ijoib24iLCJ2ZXJzaW9uIjpudWxsfX0%3D&amp;frame=false&amp;hideCard=false&amp;hideThread=false&amp;id=1647070610650984449&amp;lang=cs&amp;origin=https%3A%2F%2Fwww.rt.com%2Fnews%2F574779-japan-kishida-speech-blast%2F&amp;sessionId=ab8c5ffd8d32855f3645546972c580ed8736a266&amp;siteScreenName=RT_com&amp;theme=light&amp;widgetsVersion=aaf4084522e3a%3A1674595607486&amp;width=550px\" frameborder=\"0\" scrolling=\"no\" allowfullscreen=\"allowfullscreen\" data-tweet-id=\"1647070610650984449\" data-mce-fragment=\"1\"><\/iframe><\/div>\n<\/div>\n<p>&nbsp;<\/p>\n<p><span>Kishida byl podle japonsk\u00fdch \u00fa\u0159ad\u016f nezran\u011bn a bezpe\u010dn\u011b odstran\u011bn z oblasti \u00fatoku. Premi\u00e9r odcestoval do p\u0159\u00edstavn\u00edho m\u011bsta, aby vyj\u00e1d\u0159il podporu vl\u00e1dnouc\u00ed Liber\u00e1ln\u011b-demokratick\u00e9 stran\u011b, proto\u017ee kandid\u00e1ti vedli kampa\u0148 pro dopl\u0148ovac\u00ed volby napl\u00e1novan\u00e9 na konec tohoto m\u011bs\u00edce.<\/span><\/p>\n<p><span>P\u0159edch\u016fdce premi\u00e9ra \u0160inz\u00f3 Abe byl loni zavra\u017ed\u011bn b\u011bhem ve\u0159ejn\u00e9 kampan\u011b, kdy st\u0159elec smrteln\u011b zast\u0159elil b\u00fdval\u00e9ho premi\u00e9ra podom\u00e1cku vyrobenou st\u0159elnou zbran\u00ed. 41let\u00fd veter\u00e1n japonsk\u00e9 arm\u00e1dy Tetsuya Yamagami byl na m\u00edst\u011b zat\u010den a pozd\u011bji se k vra\u017ed\u011b p\u0159iznal.<\/span><\/p>\n<p>&nbsp;<\/p>\n<div class='videoWrapper'>\r\n\t            <iframe src='https:\/\/rumble.com\/embed\/pj.v2fqf4o\/' frameborder='0' allowfullscreen><\/iframe>\r\n\t        <\/div>\n<p>&nbsp;<\/p>\n<p>&nbsp;<\/p>\n<p><img decoding=\"async\" loading=\"lazy\" class=\"alignnone size-full wp-image-1185\" src=\"http:\/\/www.infokuryr.cz\/n\/wp-content\/uploads\/2021\/04\/kuryr-podpis.png\" alt=\"\" width=\"84\" height=\"24\" \/><\/p>\n<p>&nbsp;<\/p>\n<p>&nbsp;<\/p>\n<p><img decoding=\"async\" loading=\"lazy\" class=\"wp-image-19187 aligncenter\" src=\"http:\/\/www.infokuryr.cz\/n\/wp-content\/uploads\/2022\/12\/1-PRO-300x36.jpg\" alt=\"\" width=\"1250\" height=\"150\" srcset=\"https:\/\/www.infokuryr.cz\/n\/wp-content\/uploads\/2022\/12\/1-PRO-300x36.jpg 300w, https:\/\/www.infokuryr.cz\/n\/wp-content\/uploads\/2022\/12\/1-PRO.jpg 699w\" sizes=\"(max-width: 1250px) 100vw, 1250px\" \/><\/p>\n<p>&nbsp;<\/p>\n<p>&nbsp;<\/p>\n<p><img decoding=\"async\" loading=\"lazy\" class=\"wp-image-24737 aligncenter\" src=\"http:\/\/www.infokuryr.cz\/n\/wp-content\/uploads\/2023\/03\/cesko_proti_bide2-239x300.png\" alt=\"\" width=\"701\" height=\"880\" srcset=\"https:\/\/www.infokuryr.cz\/n\/wp-content\/uploads\/2023\/03\/cesko_proti_bide2-239x300.png 239w, https:\/\/www.infokuryr.cz\/n\/wp-content\/uploads\/2023\/03\/cesko_proti_bide2-816x1024.png 816w, https:\/\/www.infokuryr.cz\/n\/wp-content\/uploads\/2023\/03\/cesko_proti_bide2-768x964.png 768w, https:\/\/www.infokuryr.cz\/n\/wp-content\/uploads\/2023\/03\/cesko_proti_bide2.png 846w\" sizes=\"(max-width: 701px) 100vw, 701px\" \/><\/p>\n<p>&nbsp;<\/p>\n<p>&nbsp;<\/p>\n","protected":false},"excerpt":{"rendered":"<p>Fumio Kishida byl evakuov\u00e1n pry\u010d z m\u00edsta \u010dinu pot\u00e9, co jeho \u0159e\u010d p\u0159eru\u0161ila n\u00e1hl\u00e1 exploze&#8230;<\/p>\n","protected":false},"author":2,"featured_media":26253,"comment_status":"closed","ping_status":"closed","sticky":false,"template":"","format":"standard","meta":[],"categories":[7],"tags":[3458,105,621,723],"_links":{"self":[{"href":"https:\/\/www.infokuryr.cz\/n\/wp-json\/wp\/v2\/posts\/26252"}],"collection":[{"href":"https:\/\/www.infokuryr.cz\/n\/wp-json\/wp\/v2\/posts"}],"about":[{"href":"https:\/\/www.infokuryr.cz\/n\/wp-json\/wp\/v2\/types\/post"}],"author":[{"embeddable":true,"href":"https:\/\/www.infokuryr.cz\/n\/wp-json\/wp\/v2\/users\/2"}],"replies":[{"embeddable":true,"href":"https:\/\/www.infokuryr.cz\/n\/wp-json\/wp\/v2\/comments?post=26252"}],"version-history":[{"count":0,"href":"https:\/\/www.infokuryr.cz\/n\/wp-json\/wp\/v2\/posts\/26252\/revisions"}],"wp:featuredmedia":[{"embeddable":true,"href":"https:\/\/www.infokuryr.cz\/n\/wp-json\/wp\/v2\/media\/26253"}],"wp:attachment":[{"href":"https:\/\/www.infokuryr.cz\/n\/wp-json\/wp\/v2\/media?parent=26252"}],"wp:term":[{"taxonomy":"category","embeddable":true,"href":"https:\/\/www.infokuryr.cz\/n\/wp-json\/wp\/v2\/categories?post=26252"},{"taxonomy":"post_tag","embeddable":true,"href":"https:\/\/www.infokuryr.cz\/n\/wp-json\/wp\/v2\/tags?post=26252"}],"curies":[{"name":"wp","href":"https:\/\/api.w.org\/{rel}","templated":true}]}}