{"id":26238,"date":"2023-04-15T06:33:17","date_gmt":"2023-04-15T04:33:17","guid":{"rendered":"http:\/\/www.infokuryr.cz\/n\/?p=26238"},"modified":"2023-04-15T06:33:17","modified_gmt":"2023-04-15T04:33:17","slug":"paul-craig-roberts-historicke-lzi-pouzite-k-demonizaci-klasickeho-historickeho-romanu","status":"publish","type":"post","link":"https:\/\/www.infokuryr.cz\/n\/2023\/04\/15\/paul-craig-roberts-historicke-lzi-pouzite-k-demonizaci-klasickeho-historickeho-romanu\/","title":{"rendered":"Paul Craig Roberts: Historick\u00e9 l\u017ei pou\u017eit\u00e9 k d\u00e9monizaci klasick\u00e9ho historick\u00e9ho rom\u00e1nu"},"content":{"rendered":"<div id=\"fb-root\"><\/div>\n<section class=\"perex\"><strong>Kniha\u00a0<em>Gone with the Wind<\/em>\u00a0nyn\u00ed za\u010d\u00edn\u00e1 varov\u00e1n\u00edm a dlouh\u00fdm odsouzen\u00edm \u201enad\u0159azenosti b\u00edl\u00e9 rasy\u201c.<\/strong><\/p>\n<\/section>\n<section class=\"clanek-obsah\">Toto je p\u0159\u00edklad fal\u0161ov\u00e1n\u00ed americk\u00fdch d\u011bjin.\u00a0<i>Gone With The Wind<\/i>, klasick\u00fd milostn\u00fd p\u0159\u00edb\u011bh odehr\u00e1vaj\u00edc\u00ed se v obdob\u00ed n\u00e1siln\u00e9ho zni\u010den\u00ed Konfederovan\u00fdch st\u00e1t\u016f americk\u00fdch, byl podvodn\u00edky zredukov\u00e1n na \u201enad\u0159azenost b\u00edl\u00e9 rasy\u201c.<\/p>\n<p>Zbab\u011bl\u00fd vydavatel nebo vydavatel s vymyt\u00fdmi mozky najal hnidopi\u0161sk\u00e9ho akademika, aby napsal p\u0159edmluvu odsuzuj\u00edc\u00ed zlo rasismu. Nejen\u017ee klasick\u00e1 kniha nen\u00ed o rasismu, otroctv\u00ed nen\u00ed rasismus. V\u0161echny rasy byly otroky. Historici zjistili, \u017ee b\u00edl\u00fdch otrok\u016f bylo mnohem v\u00edce ne\u017e \u010dern\u00fdch.<\/p>\n<p>Je historick\u00fdm faktem, \u017ee \u017e\u00e1dn\u00fd b\u00edl\u00fd Ji\u017ean nikdy nezotro\u010dil \u010dern\u00e9ho otroka. Velk\u00e9 ji\u017eansk\u00e9 plant\u00e1\u017ee m\u011bly pracovn\u00ed s\u00edly slo\u017een\u00e9 z \u010dernoch\u016f zotro\u010den\u00fdch \u010dernochy v africk\u00fdch otrok\u00e1\u0159sk\u00fdch v\u00e1lk\u00e1ch a prodan\u00fdch Arab\u016fm a Evropan\u016fm, kte\u0159\u00ed je p\u0159ivezli do nov\u00e9ho sv\u011bta, kde chyb\u011bla pracovn\u00ed s\u00edla. Majitel\u00e9 plant\u00e1\u017e\u00ed, z nich\u017e n\u011bkolik bylo \u010dernoch\u016f, vlastnili \u010dernochy zotro\u010den\u00e9 v Africe \u010dernochy.<\/p>\n<p>V\u00fdrobci \u201erasismu\u201c zm\u011bnili oby\u010dejn\u00e1 slova pou\u017e\u00edvan\u00e1 po stalet\u00ed bez rasistick\u00e9ho podtextu v \u201ezra\u0148uj\u00edc\u00ed a \u0161kodliv\u00e9 fr\u00e1ze a terminologii\u201c. Dokonce i slova \u201etlust\u00fd\u201c a \u201eo\u0161kliv\u00fd\u201c jsou nyn\u00ed v\u00edd\u00e1na jako \u201eur\u00e1\u017eliv\u00e9 v\u00fdrazy\u201c. Jin\u00fdmi slovy, b\u011b\u017en\u00e1 popisn\u00e1 slova se nesm\u00ed pou\u017e\u00edvat.<\/p>\n<p>Historicky negramotn\u00e1 anglick\u00e1 spisovatelka Philippa Gregoryov\u00e1 p\u0159isp\u00edv\u00e1 k znesv\u011bcen\u00ed obl\u00edben\u00e9 klasiky \u00favodn\u00ed esej\u00ed ke knize, v n\u00ed\u017e prohla\u0161uje, \u017ee rom\u00e1n\u00a0<i>Gone With The Wind<\/i>\u00a0\u201eobhajuje rasismus, oslavuje a k\u00e1\u017ee nad\u0159azenost b\u00edl\u00e9 rasy. Jednozna\u010dn\u011b n\u00e1m \u0159\u00edk\u00e1, \u017ee Afri\u010dan\u00e9 nejsou stejn\u00e9ho druhu jako b\u011blo\u0161i\u201c. Mil\u00e1 hloup\u00e1 Philippo Gregoryov\u00e1, v\u00e1lky \u010dern\u00fdch africk\u00fdch otrok\u016f byly zdrojem zotro\u010den\u00fdch \u010dernoch\u016f. Zotro\u010den\u00ed \u010derno\u0161i byli p\u0159ivezeni do britsk\u00fdch koloni\u00ed d\u00e1vno p\u0159ed vznikem Spojen\u00fdch st\u00e1t\u016f a Konfederace. Zotro\u010dovali \u010derno\u0161i \u010dernochy proto, \u017ee \u010derno\u0161i v\u011b\u0159ili, \u017ee Afri\u010dan\u00e9 nejsou stejn\u00e9ho druhu jako b\u011blo\u0161i?<\/p>\n<p>Pro otce zakladatele Spojen\u00fdch st\u00e1t\u016f a pro Jih bylo otroctv\u00ed zd\u011bd\u011bnou instituc\u00ed. Leg\u00e1lnost a v\u0161udyp\u0159\u00edtomnost otroctv\u00ed p\u0159edch\u00e1zela existenci v\u0161ech zem\u00ed Nov\u00e9ho sv\u011bta.<\/p>\n<p>Jak je mo\u017en\u00e9, \u017ee tak dob\u0159e zdokumentovan\u00e1 fakta mohou b\u00fdt nahrazena podvodnou histori\u00ed?<\/p>\n<p><a href=\"https:\/\/www.rt.com\/pop-culture\/574029-gone-with-wind-racist-warning\/\" target=\"_blank\" rel=\"external noopener\">https:\/\/www.rt.com\/pop-culture\/574029-gone-with-wind-racist-warning\/<\/a><\/p>\n<div class=\"podcarou\">\n<p><a href=\"https:\/\/www.paulcraigroberts.org\/2023\/04\/12\/historical-lies-used-to-demonize-a-classic-historical-novel\/\" target=\"_blank\" rel=\"external noopener\">Historical Lies Used to Demonize a Classic Historical Novel<\/a> vy\u0161el na str\u00e1nkach PCR 12.4.2023. Preklad Zv\u011bdavec.<\/p>\n<p>P\u0159evzato\u00a0<a href=\"https:\/\/zvedavec.news\/komentare\/2023\/04\/9609-historicke-lzi-pouzite-k-demonizaci-klasickeho-historickeho-romanu.htm\">Zvedavec.org<\/a><\/p>\n<\/div>\n<\/section>\n<p>&nbsp;<\/p>\n<p>&nbsp;<\/p>\n<p><img decoding=\"async\" loading=\"lazy\" class=\"wp-image-19187 aligncenter\" src=\"http:\/\/www.infokuryr.cz\/n\/wp-content\/uploads\/2022\/12\/1-PRO-300x36.jpg\" alt=\"\" width=\"1275\" height=\"153\" srcset=\"https:\/\/www.infokuryr.cz\/n\/wp-content\/uploads\/2022\/12\/1-PRO-300x36.jpg 300w, https:\/\/www.infokuryr.cz\/n\/wp-content\/uploads\/2022\/12\/1-PRO.jpg 699w\" sizes=\"(max-width: 1275px) 100vw, 1275px\" \/><\/p>\n<p>&nbsp;<\/p>\n<p>&nbsp;<\/p>\n<p><img decoding=\"async\" loading=\"lazy\" class=\"wp-image-24737 aligncenter\" src=\"http:\/\/www.infokuryr.cz\/n\/wp-content\/uploads\/2023\/03\/cesko_proti_bide2-239x300.png\" alt=\"\" width=\"712\" height=\"894\" srcset=\"https:\/\/www.infokuryr.cz\/n\/wp-content\/uploads\/2023\/03\/cesko_proti_bide2-239x300.png 239w, https:\/\/www.infokuryr.cz\/n\/wp-content\/uploads\/2023\/03\/cesko_proti_bide2-816x1024.png 816w, https:\/\/www.infokuryr.cz\/n\/wp-content\/uploads\/2023\/03\/cesko_proti_bide2-768x964.png 768w, https:\/\/www.infokuryr.cz\/n\/wp-content\/uploads\/2023\/03\/cesko_proti_bide2.png 846w\" sizes=\"(max-width: 712px) 100vw, 712px\" \/><\/p>\n<p>&nbsp;<\/p>\n<p>&nbsp;<\/p>\n","protected":false},"excerpt":{"rendered":"<p>Kniha\u00a0Gone with the Wind\u00a0nyn\u00ed za\u010d\u00edn\u00e1 varov\u00e1n\u00edm a dlouh\u00fdm odsouzen\u00edm \u201enad\u0159azenosti b\u00edl\u00e9 rasy\u201c. Toto je p\u0159\u00edklad&#8230;<\/p>\n","protected":false},"author":2,"featured_media":810,"comment_status":"closed","ping_status":"closed","sticky":false,"template":"","format":"standard","meta":[],"categories":[7],"tags":[398,2315,37],"_links":{"self":[{"href":"https:\/\/www.infokuryr.cz\/n\/wp-json\/wp\/v2\/posts\/26238"}],"collection":[{"href":"https:\/\/www.infokuryr.cz\/n\/wp-json\/wp\/v2\/posts"}],"about":[{"href":"https:\/\/www.infokuryr.cz\/n\/wp-json\/wp\/v2\/types\/post"}],"author":[{"embeddable":true,"href":"https:\/\/www.infokuryr.cz\/n\/wp-json\/wp\/v2\/users\/2"}],"replies":[{"embeddable":true,"href":"https:\/\/www.infokuryr.cz\/n\/wp-json\/wp\/v2\/comments?post=26238"}],"version-history":[{"count":0,"href":"https:\/\/www.infokuryr.cz\/n\/wp-json\/wp\/v2\/posts\/26238\/revisions"}],"wp:featuredmedia":[{"embeddable":true,"href":"https:\/\/www.infokuryr.cz\/n\/wp-json\/wp\/v2\/media\/810"}],"wp:attachment":[{"href":"https:\/\/www.infokuryr.cz\/n\/wp-json\/wp\/v2\/media?parent=26238"}],"wp:term":[{"taxonomy":"category","embeddable":true,"href":"https:\/\/www.infokuryr.cz\/n\/wp-json\/wp\/v2\/categories?post=26238"},{"taxonomy":"post_tag","embeddable":true,"href":"https:\/\/www.infokuryr.cz\/n\/wp-json\/wp\/v2\/tags?post=26238"}],"curies":[{"name":"wp","href":"https:\/\/api.w.org\/{rel}","templated":true}]}}