{"id":26225,"date":"2023-04-15T01:17:13","date_gmt":"2023-04-14T23:17:13","guid":{"rendered":"http:\/\/www.infokuryr.cz\/n\/?p=26225"},"modified":"2023-04-14T18:26:46","modified_gmt":"2023-04-14T16:26:46","slug":"polsko-by-valku-rusko-nato-neprezilo","status":"publish","type":"post","link":"https:\/\/www.infokuryr.cz\/n\/2023\/04\/15\/polsko-by-valku-rusko-nato-neprezilo\/","title":{"rendered":"Polsko by v\u00e1lku Rusko-NATO nep\u0159e\u017eilo"},"content":{"rendered":"<div id=\"fb-root\"><\/div>\n<p><span style=\"font-size: 18pt;\"><strong>Dmitrij Medved\u011bv \u00fato\u010d\u00ed na polsk\u00e9ho premi\u00e9ra, kter\u00fd vyj\u00e1d\u0159il d\u016fv\u011bru ve vojenskou p\u0159evahu bloku nad Ruskem<\/strong><\/span><\/p>\n<p><span>B\u00fdval\u00fd rusk\u00fd prezident Dmitrij Medved\u011bv tvrdil, \u017ee Polsko by p\u0159estalo existovat, pokud by mezi Ruskem a NATO do\u0161lo k p\u0159\u00edm\u00e9 v\u00e1lce, bez ohledu na v\u00fdsledek.\u00a0Reagoval tak na pozn\u00e1mky polsk\u00e9ho premi\u00e9ra Mateusze Morawieck\u00e9ho, kter\u00fd vyj\u00e1d\u0159il p\u0159esv\u011bd\u010den\u00ed, \u017ee z\u00e1padn\u00ed aliance takov\u00fd konflikt vyhraje.<\/span><\/p>\n<p><span>Morawiecki, kter\u00fd je v sou\u010dasn\u00e9 dob\u011b na n\u00e1v\u0161t\u011bv\u011b USA, se v p\u00e1tek vyj\u00e1d\u0159il k ukrajinsk\u00e9mu konfliktu v rozhovoru pro NBC News.\u00a0Moder\u00e1torka Kristen Welker se zeptala, zda je znepokojen t\u00edm, \u017ee ukrajinsk\u00e9 \u00fadery mimo jeho \u00fazem\u00ed riskuj\u00ed <\/span><em><span>\u201e\u0161ir\u0161\u00ed v\u00e1lku, kter\u00e1 vt\u00e1hne Polsko&#8230; do konfliktu\u201c.<\/span><\/em><\/p>\n<p><span>Premi\u00e9r odpov\u011bd\u011bl, \u017ee ho to neznepokojuje, proto\u017ee by to byla\u00a0<\/span><em><span>\u201ev\u00e1lka mezi Ruskem a NATO a Rusko by tuto v\u00e1lku velmi rychle prohr\u00e1lo\u201c.<\/span><\/em><\/p>\n<p><em><span>\u201eV\u011b\u0159\u00ed, \u017ee bojuj\u00ed s Ukrajinou, bojuj\u00ed se Z\u00e1padem a bojuj\u00ed s NATO, zat\u00edmco faktem je, \u017ee pouze podporujeme brut\u00e1ln\u011b napadenou zemi,\u201c \u0159ekl Morawiecki<\/span><\/em><span>\u00a0.<\/span><\/p>\n<p><span>Medved\u011bv, kter\u00fd p\u016fsob\u00ed jako m\u00edstop\u0159edseda rusk\u00e9 N\u00e1rodn\u00ed bezpe\u010dnostn\u00ed rady, v reakci na tweet uvedl, \u017ee si nen\u00ed tak jist\u00fd, kter\u00e1 strana zv\u00edt\u011bz\u00ed, \u201e\u00a0<\/span><em><span>ale vzhledem k roli Polska jako z\u00e1kladny NATO v Evrop\u011b tato zem\u011b ur\u010dit\u011b zmiz\u00ed spolu se sv\u00fdmi hloup\u00fdm premi\u00e9r.&#8220;<\/span><\/em><\/p>\n<p><span>Rusk\u00fd p\u0159edstavitel ji\u017e d\u0159\u00edve varoval p\u0159ed mo\u017enou eskalac\u00ed ukrajinsk\u00e9ho konfliktu, kterou Moskva vn\u00edm\u00e1 jako z\u00e1stupnou v\u00e1lku proti n\u00ed ze strany USA a jejich spojenc\u016f.\u00a0Medved\u011bv se domn\u00edv\u00e1, \u017ee pokud by k tomu do\u0161lo, nep\u0159\u00e1telsk\u00e9 akce by mohly b\u00fdt nukle\u00e1rn\u00ed a v\u0161echny strany by byly katastrof\u00e1ln\u011b po\u0161kozeny.\u00a0B\u00fdval\u00fd prezident ozna\u010dil evropsk\u00e9 l\u00eddry, kte\u0159\u00ed toto riziko podce\u0148uj\u00ed, za nekompetentn\u00ed.<\/span><\/p>\n<p><span>Morawiecki je jedn\u00edm z nejotev\u0159en\u011bj\u0161\u00edch kritik\u016f Ruska a jeho anga\u017eovanosti na Ukrajin\u011b.\u00a0Tvrdil, \u017ee zem\u011b je sv\u00fdmi c\u00edli a metodami podobn\u00e1 nacistick\u00e9mu N\u011bmecku, a obvinil st\u00e1ty v EU, kter\u00e9 pln\u011b nepodporuj\u00ed Ukrajinu, a br\u00e1n\u00ed usm\u00ed\u0159en\u00ed s Moskvou.<\/span><\/p>\n<p><span>B\u011bhem sv\u00e9 n\u00e1v\u0161t\u011bvy v USA p\u0159ednesl polsk\u00fd v\u016fdce projev k Atlantic Council, pro-NATO think-tanku, ve kter\u00e9m zopakoval sv\u016fj argument ohledn\u011b investic na Ukrajin\u011b.\u00a0<\/span><em><span>Tvrdil, \u017ee pokud Kyjev prohraje, \u201ezlat\u00fd v\u011bk\u201c<\/span><\/em><span>\u00a0Z\u00e1padu\u00a0m\u016f\u017ee skon\u010dit.<\/span><\/p>\n<p><img decoding=\"async\" loading=\"lazy\" class=\"alignnone size-full wp-image-1185\" src=\"http:\/\/www.infokuryr.cz\/n\/wp-content\/uploads\/2021\/04\/kuryr-podpis.png\" alt=\"\" width=\"84\" height=\"24\" \/><\/p>\n<p>&nbsp;<\/p>\n<p>&nbsp;<\/p>\n<p><img decoding=\"async\" loading=\"lazy\" class=\"wp-image-19187 aligncenter\" src=\"http:\/\/www.infokuryr.cz\/n\/wp-content\/uploads\/2022\/12\/1-PRO-300x36.jpg\" alt=\"\" width=\"1275\" height=\"153\" srcset=\"https:\/\/www.infokuryr.cz\/n\/wp-content\/uploads\/2022\/12\/1-PRO-300x36.jpg 300w, https:\/\/www.infokuryr.cz\/n\/wp-content\/uploads\/2022\/12\/1-PRO.jpg 699w\" sizes=\"(max-width: 1275px) 100vw, 1275px\" \/><\/p>\n<p>&nbsp;<\/p>\n<p>&nbsp;<\/p>\n<p><img decoding=\"async\" loading=\"lazy\" class=\"wp-image-24737 aligncenter\" src=\"http:\/\/www.infokuryr.cz\/n\/wp-content\/uploads\/2023\/03\/cesko_proti_bide2-239x300.png\" alt=\"\" width=\"746\" height=\"936\" srcset=\"https:\/\/www.infokuryr.cz\/n\/wp-content\/uploads\/2023\/03\/cesko_proti_bide2-239x300.png 239w, https:\/\/www.infokuryr.cz\/n\/wp-content\/uploads\/2023\/03\/cesko_proti_bide2-816x1024.png 816w, https:\/\/www.infokuryr.cz\/n\/wp-content\/uploads\/2023\/03\/cesko_proti_bide2-768x964.png 768w, https:\/\/www.infokuryr.cz\/n\/wp-content\/uploads\/2023\/03\/cesko_proti_bide2.png 846w\" sizes=\"(max-width: 746px) 100vw, 746px\" \/><\/p>\n<p>&nbsp;<\/p>\n<p>&nbsp;<\/p>\n","protected":false},"excerpt":{"rendered":"<p>Dmitrij Medved\u011bv \u00fato\u010d\u00ed na polsk\u00e9ho premi\u00e9ra, kter\u00fd vyj\u00e1d\u0159il d\u016fv\u011bru ve vojenskou p\u0159evahu bloku nad Ruskem&#8230;<\/p>\n","protected":false},"author":2,"featured_media":1220,"comment_status":"closed","ping_status":"closed","sticky":false,"template":"","format":"standard","meta":[],"categories":[7],"tags":[220,214,39,2814,22],"_links":{"self":[{"href":"https:\/\/www.infokuryr.cz\/n\/wp-json\/wp\/v2\/posts\/26225"}],"collection":[{"href":"https:\/\/www.infokuryr.cz\/n\/wp-json\/wp\/v2\/posts"}],"about":[{"href":"https:\/\/www.infokuryr.cz\/n\/wp-json\/wp\/v2\/types\/post"}],"author":[{"embeddable":true,"href":"https:\/\/www.infokuryr.cz\/n\/wp-json\/wp\/v2\/users\/2"}],"replies":[{"embeddable":true,"href":"https:\/\/www.infokuryr.cz\/n\/wp-json\/wp\/v2\/comments?post=26225"}],"version-history":[{"count":0,"href":"https:\/\/www.infokuryr.cz\/n\/wp-json\/wp\/v2\/posts\/26225\/revisions"}],"wp:featuredmedia":[{"embeddable":true,"href":"https:\/\/www.infokuryr.cz\/n\/wp-json\/wp\/v2\/media\/1220"}],"wp:attachment":[{"href":"https:\/\/www.infokuryr.cz\/n\/wp-json\/wp\/v2\/media?parent=26225"}],"wp:term":[{"taxonomy":"category","embeddable":true,"href":"https:\/\/www.infokuryr.cz\/n\/wp-json\/wp\/v2\/categories?post=26225"},{"taxonomy":"post_tag","embeddable":true,"href":"https:\/\/www.infokuryr.cz\/n\/wp-json\/wp\/v2\/tags?post=26225"}],"curies":[{"name":"wp","href":"https:\/\/api.w.org\/{rel}","templated":true}]}}