{"id":26214,"date":"2023-04-15T01:12:38","date_gmt":"2023-04-14T23:12:38","guid":{"rendered":"http:\/\/www.infokuryr.cz\/n\/?p=26214"},"modified":"2023-04-14T17:39:00","modified_gmt":"2023-04-14T15:39:00","slug":"mezi-kyjevem-a-londynem-vypukl-skandal-kvuli-ukrajinskym-rukojmim","status":"publish","type":"post","link":"https:\/\/www.infokuryr.cz\/n\/2023\/04\/15\/mezi-kyjevem-a-londynem-vypukl-skandal-kvuli-ukrajinskym-rukojmim\/","title":{"rendered":"Mezi Kyjevem a Lond\u00fdnem vypukl skand\u00e1l kv\u016fli \u201eukrajinsk\u00fdm rukojm\u00edm\u201c"},"content":{"rendered":"<div id=\"fb-root\"><\/div>\n<p><strong>Mezi Kyjevem a Lond\u00fdnem vypukl skand\u00e1l kv\u016fli hudebn\u00edk\u016fm ukrajinsk\u00e9ho st\u00e1tn\u00edho orchestru, jim\u017e byla odm\u00edtnuta britsk\u00e1 v\u00edza, napsala pozorovatelka The Guardian Helen Piddov\u00e1.<\/strong><\/p>\n<p>V \u010dl\u00e1nku\u00a0<a href=\"https:\/\/jppx.azurewebsites.net\/browse.php?u=https%3A%2F%2Fwww.theguardian.com%2Fuk-news%2F2023%2Fapr%2F13%2Fukrainian-orchestra-key-members-refused-visas-play-uk&amp;b=8\">se uv\u00e1d\u00ed<\/a>, \u017ee hudebn\u00edci pl\u00e1novali turn\u00e9 po Brit\u00e1nii, a jejich program byl ozna\u010dov\u00e1n na webov\u00fdch str\u00e1nk\u00e1ch vl\u00e1dy Velk\u00e9 Brit\u00e1nie za \u201ep\u0159\u00edklad britsko-ukrajinsk\u00fdch vztah\u016f\u201c.<\/p>\n<p>\u201eHovo\u0159ili o v\u00fdznamu podpory Ukrajinc\u016f, kdy\u017e to ale do\u0161lo a\u017e k vystaven\u00ed v\u00edz pro koncerty ve Velk\u00e9 Brit\u00e1nii, bylo jim to jedno,\u201c prohl\u00e1sil v\u00fdkonn\u00fd \u0159editel Star Entertainment Jak Bizilj, kter\u00fd odpov\u00eddal za organizaci turn\u00e9.<\/p>\n<p>Vyzval rovn\u011b\u017e ministryni kultury Velk\u00e9 Brit\u00e1nie Lucy Frazerovou, aby podala demisi. \u201eOsoby zodpov\u011bdn\u00e9 za odm\u00edtnut\u00ed vjezdu do Velk\u00e9 Brit\u00e1nie herc\u016fm a kulturn\u00edm p\u0159edstavitel\u016fm maj\u00ed b\u00fdt pojmenov\u00e1ny a povol\u00e1ny k odpov\u011bdnosti. Skupiny, hudebn\u00edci a orchestry u\u017e nebudou do Velk\u00e9 Brit\u00e1nie p\u0159ij\u00ed\u017ed\u011bt z obav, \u017ee je tam nepust\u00ed,\u201c pobu\u0159uje se Bizilj.<\/p>\n<p>Aspo\u0148 Ukrajinci na vlastn\u00ed p\u011bst poznali, jak si jich Anglosasov\u00e9 v\u00e1\u017e\u00ed. Um\u00edrat za jejich z\u00e1jmy to jo, ale v\u00edza to ne!<\/p>\n<p><img decoding=\"async\" loading=\"lazy\" class=\"alignnone size-full wp-image-1185\" src=\"http:\/\/www.infokuryr.cz\/n\/wp-content\/uploads\/2021\/04\/kuryr-podpis.png\" alt=\"\" width=\"84\" height=\"24\" \/><\/p>\n<p>&nbsp;<\/p>\n<p><img decoding=\"async\" loading=\"lazy\" class=\"wp-image-19187 aligncenter\" src=\"http:\/\/www.infokuryr.cz\/n\/wp-content\/uploads\/2022\/12\/1-PRO-300x36.jpg\" alt=\"\" width=\"1250\" height=\"150\" srcset=\"https:\/\/www.infokuryr.cz\/n\/wp-content\/uploads\/2022\/12\/1-PRO-300x36.jpg 300w, https:\/\/www.infokuryr.cz\/n\/wp-content\/uploads\/2022\/12\/1-PRO.jpg 699w\" sizes=\"(max-width: 1250px) 100vw, 1250px\" \/><\/p>\n<p>&nbsp;<\/p>\n<p>&nbsp;<\/p>\n<p><img decoding=\"async\" loading=\"lazy\" class=\"wp-image-24737 aligncenter\" src=\"http:\/\/www.infokuryr.cz\/n\/wp-content\/uploads\/2023\/03\/cesko_proti_bide2-239x300.png\" alt=\"\" width=\"751\" height=\"943\" srcset=\"https:\/\/www.infokuryr.cz\/n\/wp-content\/uploads\/2023\/03\/cesko_proti_bide2-239x300.png 239w, https:\/\/www.infokuryr.cz\/n\/wp-content\/uploads\/2023\/03\/cesko_proti_bide2-816x1024.png 816w, https:\/\/www.infokuryr.cz\/n\/wp-content\/uploads\/2023\/03\/cesko_proti_bide2-768x964.png 768w, https:\/\/www.infokuryr.cz\/n\/wp-content\/uploads\/2023\/03\/cesko_proti_bide2.png 846w\" sizes=\"(max-width: 751px) 100vw, 751px\" \/><\/p>\n<p>&nbsp;<\/p>\n<p>&nbsp;<\/p>\n","protected":false},"excerpt":{"rendered":"<p>Mezi Kyjevem a Lond\u00fdnem vypukl skand\u00e1l kv\u016fli hudebn\u00edk\u016fm ukrajinsk\u00e9ho st\u00e1tn\u00edho orchestru, jim\u017e byla odm\u00edtnuta britsk\u00e1&#8230;<\/p>\n","protected":false},"author":2,"featured_media":26215,"comment_status":"closed","ping_status":"closed","sticky":false,"template":"","format":"standard","meta":[],"categories":[7],"tags":[4757,26,303,4756],"_links":{"self":[{"href":"https:\/\/www.infokuryr.cz\/n\/wp-json\/wp\/v2\/posts\/26214"}],"collection":[{"href":"https:\/\/www.infokuryr.cz\/n\/wp-json\/wp\/v2\/posts"}],"about":[{"href":"https:\/\/www.infokuryr.cz\/n\/wp-json\/wp\/v2\/types\/post"}],"author":[{"embeddable":true,"href":"https:\/\/www.infokuryr.cz\/n\/wp-json\/wp\/v2\/users\/2"}],"replies":[{"embeddable":true,"href":"https:\/\/www.infokuryr.cz\/n\/wp-json\/wp\/v2\/comments?post=26214"}],"version-history":[{"count":1,"href":"https:\/\/www.infokuryr.cz\/n\/wp-json\/wp\/v2\/posts\/26214\/revisions"}],"predecessor-version":[{"id":26216,"href":"https:\/\/www.infokuryr.cz\/n\/wp-json\/wp\/v2\/posts\/26214\/revisions\/26216"}],"wp:featuredmedia":[{"embeddable":true,"href":"https:\/\/www.infokuryr.cz\/n\/wp-json\/wp\/v2\/media\/26215"}],"wp:attachment":[{"href":"https:\/\/www.infokuryr.cz\/n\/wp-json\/wp\/v2\/media?parent=26214"}],"wp:term":[{"taxonomy":"category","embeddable":true,"href":"https:\/\/www.infokuryr.cz\/n\/wp-json\/wp\/v2\/categories?post=26214"},{"taxonomy":"post_tag","embeddable":true,"href":"https:\/\/www.infokuryr.cz\/n\/wp-json\/wp\/v2\/tags?post=26214"}],"curies":[{"name":"wp","href":"https:\/\/api.w.org\/{rel}","templated":true}]}}