{"id":2615,"date":"2021-06-18T05:31:00","date_gmt":"2021-06-18T03:31:00","guid":{"rendered":"http:\/\/www.infokuryr.cz\/n\/?p=2615"},"modified":"2021-06-18T05:31:00","modified_gmt":"2021-06-18T03:31:00","slug":"merkelova-pokud-ty-oblasti-opusti-cinu-nikdy-nenajdou-reseni","status":"publish","type":"post","link":"https:\/\/www.infokuryr.cz\/n\/2021\/06\/18\/merkelova-pokud-ty-oblasti-opusti-cinu-nikdy-nenajdou-reseni\/","title":{"rendered":"Merkelov\u00e1: Pokud ty oblasti opust\u00ed \u010c\u00ednu, nikdy nenajdou \u0159e\u0161en\u00ed"},"content":{"rendered":"<div id=\"fb-root\"><\/div>\n<p>China News Service 12. \u010dervna ozn\u00e1mila, \u017ee n\u011bmeck\u00e1 kancl\u00e9\u0159ka Angela Merkelov\u00e1 11. \u010dervna uvedla, \u017ee zem\u011b G7 doufaj\u00ed, \u017ee spolupracuj\u00ed se v\u0161emi zem\u011bmi v oblastech \u010delen\u00ed klimatick\u00e9 zm\u011bn\u011b, biodiverzity a dal\u0161\u00edch. Zd\u016fraznila, \u017ee pokud v t\u011bchto oblastech \u201evylou\u010d\u00edme \u010c\u00ednu\u201c, nikdy nenajdeme \u0159e\u0161en\u00ed.<\/p>\n<p>Merkelov\u00e1 t\u00e9ho\u017e dne dorazila do Velk\u00e9 Brit\u00e1nie, aby se z\u00fa\u010dastnila summitu G7. Uvedla to na pozd\u011bj\u0161\u00ed tiskov\u00e9 konferenci.<\/p>\n<p>Merkelov\u00e1 uvedla, \u017ee a\u010dkoli m\u00e1 G7 rozpory s \u010c\u00ednou a Ruskem, st\u00e1le douf\u00e1, \u017ee s nimi spolupracuje, zejm\u00e9na v oblastech \u010delen\u00ed klimatick\u00e9 zm\u011bn\u011b, biodiverzity a dal\u0161\u00edch. Sou\u010dasn\u011b si p\u0159\u00e1la, aby G7 mohla dos\u00e1hnout v ot\u00e1zce vakc\u00edn \u201evelmi dobr\u00fdch v\u00fdsledk\u016f\u201c, a aby se souvisej\u00edc\u00ed zem\u011b uk\u00e1zaly, \u017ee nestaraj\u00ed pouze o sob\u011b, ale tak\u00e9 uva\u017euj\u00ed o t\u011bch africk\u00fdch zem\u00edch a dal\u0161\u00edch zem\u00edch sv\u011bta, kter\u00e9 nemaj\u00ed mo\u017enost p\u0159\u00edstupu k o\u010dkov\u00e1n\u00ed vakc\u00ednami.<\/p>\n<p><img decoding=\"async\" loading=\"lazy\" class=\"alignnone size-full wp-image-1185\" src=\"http:\/\/www.infokuryr.cz\/n\/wp-content\/uploads\/2021\/04\/kuryr-podpis.png\" alt=\"\" width=\"84\" height=\"24\" \/><\/p>\n<p>&nbsp;<\/p>\n","protected":false},"excerpt":{"rendered":"<p>China News Service 12. \u010dervna ozn\u00e1mila, \u017ee n\u011bmeck\u00e1 kancl\u00e9\u0159ka Angela Merkelov\u00e1 11. \u010dervna uvedla, \u017ee&#8230;<\/p>\n","protected":false},"author":2,"featured_media":2616,"comment_status":"closed","ping_status":"closed","sticky":false,"template":"","format":"standard","meta":[],"categories":[7],"tags":[30,323,505,22],"_links":{"self":[{"href":"https:\/\/www.infokuryr.cz\/n\/wp-json\/wp\/v2\/posts\/2615"}],"collection":[{"href":"https:\/\/www.infokuryr.cz\/n\/wp-json\/wp\/v2\/posts"}],"about":[{"href":"https:\/\/www.infokuryr.cz\/n\/wp-json\/wp\/v2\/types\/post"}],"author":[{"embeddable":true,"href":"https:\/\/www.infokuryr.cz\/n\/wp-json\/wp\/v2\/users\/2"}],"replies":[{"embeddable":true,"href":"https:\/\/www.infokuryr.cz\/n\/wp-json\/wp\/v2\/comments?post=2615"}],"version-history":[{"count":0,"href":"https:\/\/www.infokuryr.cz\/n\/wp-json\/wp\/v2\/posts\/2615\/revisions"}],"wp:featuredmedia":[{"embeddable":true,"href":"https:\/\/www.infokuryr.cz\/n\/wp-json\/wp\/v2\/media\/2616"}],"wp:attachment":[{"href":"https:\/\/www.infokuryr.cz\/n\/wp-json\/wp\/v2\/media?parent=2615"}],"wp:term":[{"taxonomy":"category","embeddable":true,"href":"https:\/\/www.infokuryr.cz\/n\/wp-json\/wp\/v2\/categories?post=2615"},{"taxonomy":"post_tag","embeddable":true,"href":"https:\/\/www.infokuryr.cz\/n\/wp-json\/wp\/v2\/tags?post=2615"}],"curies":[{"name":"wp","href":"https:\/\/api.w.org\/{rel}","templated":true}]}}