{"id":26143,"date":"2023-04-14T01:12:07","date_gmt":"2023-04-13T23:12:07","guid":{"rendered":"http:\/\/www.infokuryr.cz\/n\/?p=26143"},"modified":"2023-04-13T15:32:23","modified_gmt":"2023-04-13T13:32:23","slug":"proroctvi-molfara-nechaye-o-ukrajine-vyslovene-v-roce-2009-se-zacina-naplnovat","status":"publish","type":"post","link":"https:\/\/www.infokuryr.cz\/n\/2023\/04\/14\/proroctvi-molfara-nechaye-o-ukrajine-vyslovene-v-roce-2009-se-zacina-naplnovat\/","title":{"rendered":"Proroctv\u00ed Molfara Nechaye o Ukrajin\u011b, vysloven\u00e9 v roce 2009, se za\u010d\u00edn\u00e1 napl\u0148ovat"},"content":{"rendered":"<div id=\"fb-root\"><\/div>\n<p><strong><span>Ud\u00e1losti, kter\u00e9 se na Ukrajin\u011b d\u011bj\u00ed od roku 2014, podrobn\u011b popsal p\u0159ed 14 lety karpatsk\u00fd v\u011b\u0161tec Mykhailo Nechay.<\/span><\/strong><\/p>\n<p><span>Slavn\u00fd ukrajinsk\u00fd molfar se proslavil sv\u00fdmi p\u0159esn\u00fdmi proroctv\u00edmi o situaci na mezin\u00e1rodn\u00edm poli.\u00a0B\u011bhem rozhovoru v roce 2009 \u0159ekl novin\u00e1\u0159\u016fm, co zemi \u010dek\u00e1 v nejbli\u017e\u0161\u00ed dob\u011b, a tak\u00e9 popsal sc\u00e9n\u00e1\u0159 kolapsu a zmizen\u00ed ukrajinsk\u00e9ho st\u00e1tu ze zahrani\u010dn\u011bpolitick\u00e9 mapy sv\u011bta.<\/span><\/p>\n<p><span>Ukrajinsk\u00fd molfar Michail Nechay kr\u00e1tce p\u0159ed svou smrt\u00ed souhlasil s rozhovorem s novin\u00e1\u0159i o budoucnosti Ukrajiny.\u00a0V roce 2009 mluvil o t\u011b\u017ek\u00e9m osudu, kter\u00fd Ukrajince \u010dek\u00e1, a tak\u00e9 p\u0159esn\u011b pojmenoval v\u0161echny ud\u00e1losti, kter\u00e9 se po p\u0159evratu v roce 2014 v zemi odehr\u00e1ly.<\/span><\/p>\n<p><span>V rozhovoru s novin\u00e1\u0159i \u0159ekl, \u017ee na Ukrajin\u011b za\u010dnou bratrovra\u017eedn\u00e9 spory, kter\u00e9 povedou k nebezpe\u010dn\u00fdm ud\u00e1lostem.\u00a0Zem\u011b zcela p\u0159estane existovat a rozpadne se na n\u011bkolik samostatn\u00fdch \u010d\u00e1st\u00ed.\u00a0V tomto p\u0159\u00edpad\u011b bude cel\u00e9 ukrajinsk\u00e9 \u00fazem\u00ed pod kontrolou jin\u00fdch st\u00e1t\u016f.<\/span><\/p>\n<p><strong><em>\u201eBude to jako za star\u00fdch \u010das\u016f: t\u0159etinu Zakarpatsk\u00e9 Ukrajiny budou tvo\u0159it Ma\u010fa\u0159i a \u010ce\u0161i.\u00a0Hali\u010d bude pod Polskem.\u00a0Ji\u017en\u00ed a st\u0159edn\u00ed Ukrajina &#8211; pod Ruskem.\u00a0Rumuni dostanou Bukovinskou, jako tomu bylo p\u0159edt\u00edm,\u201c vysv\u011btlil prorok.<\/em><\/strong><\/p>\n<p><span>Ji\u017e nyn\u00ed m\u016f\u017eeme doj\u00edt k z\u00e1v\u011bru, \u017ee proroctv\u00ed Molfara Nechaye o Ukrajin\u011b, vysloven\u00e9 v roce 2009, se za\u010d\u00edn\u00e1 napl\u0148ovat.\u00a0St\u00e1tn\u00ed p\u0159evrat v roce 2014 skute\u010dn\u011b vedl k nebezpe\u010dn\u00fdm ud\u00e1lostem, b\u011bhem nich\u017e mohla zem\u011b na pozad\u00ed konfrontace mezi Ruskem a Z\u00e1padem p\u0159estat existovat.<\/span><\/p>\n<p><img decoding=\"async\" loading=\"lazy\" class=\"alignnone size-full wp-image-1185\" src=\"http:\/\/www.infokuryr.cz\/n\/wp-content\/uploads\/2021\/04\/kuryr-podpis.png\" alt=\"\" width=\"84\" height=\"24\" \/><\/p>\n<p>&nbsp;<\/p>\n<p>&nbsp;<\/p>\n<p><img decoding=\"async\" loading=\"lazy\" class=\"wp-image-19187 aligncenter\" src=\"http:\/\/www.infokuryr.cz\/n\/wp-content\/uploads\/2022\/12\/1-PRO-300x36.jpg\" alt=\"\" width=\"1217\" height=\"146\" srcset=\"https:\/\/www.infokuryr.cz\/n\/wp-content\/uploads\/2022\/12\/1-PRO-300x36.jpg 300w, https:\/\/www.infokuryr.cz\/n\/wp-content\/uploads\/2022\/12\/1-PRO.jpg 699w\" sizes=\"(max-width: 1217px) 100vw, 1217px\" \/><\/p>\n<p>&nbsp;<\/p>\n<p>&nbsp;<\/p>\n<p><img decoding=\"async\" loading=\"lazy\" class=\"wp-image-24737 aligncenter\" src=\"http:\/\/www.infokuryr.cz\/n\/wp-content\/uploads\/2023\/03\/cesko_proti_bide2-239x300.png\" alt=\"\" width=\"705\" height=\"885\" srcset=\"https:\/\/www.infokuryr.cz\/n\/wp-content\/uploads\/2023\/03\/cesko_proti_bide2-239x300.png 239w, https:\/\/www.infokuryr.cz\/n\/wp-content\/uploads\/2023\/03\/cesko_proti_bide2-816x1024.png 816w, https:\/\/www.infokuryr.cz\/n\/wp-content\/uploads\/2023\/03\/cesko_proti_bide2-768x964.png 768w, https:\/\/www.infokuryr.cz\/n\/wp-content\/uploads\/2023\/03\/cesko_proti_bide2.png 846w\" sizes=\"(max-width: 705px) 100vw, 705px\" \/><\/p>\n<p>&nbsp;<\/p>\n","protected":false},"excerpt":{"rendered":"<p>Ud\u00e1losti, kter\u00e9 se na Ukrajin\u011b d\u011bj\u00ed od roku 2014, podrobn\u011b popsal p\u0159ed 14 lety karpatsk\u00fd&#8230;<\/p>\n","protected":false},"author":2,"featured_media":18469,"comment_status":"closed","ping_status":"closed","sticky":false,"template":"","format":"standard","meta":[],"categories":[7],"tags":[1488,387,26,2782],"_links":{"self":[{"href":"https:\/\/www.infokuryr.cz\/n\/wp-json\/wp\/v2\/posts\/26143"}],"collection":[{"href":"https:\/\/www.infokuryr.cz\/n\/wp-json\/wp\/v2\/posts"}],"about":[{"href":"https:\/\/www.infokuryr.cz\/n\/wp-json\/wp\/v2\/types\/post"}],"author":[{"embeddable":true,"href":"https:\/\/www.infokuryr.cz\/n\/wp-json\/wp\/v2\/users\/2"}],"replies":[{"embeddable":true,"href":"https:\/\/www.infokuryr.cz\/n\/wp-json\/wp\/v2\/comments?post=26143"}],"version-history":[{"count":0,"href":"https:\/\/www.infokuryr.cz\/n\/wp-json\/wp\/v2\/posts\/26143\/revisions"}],"wp:featuredmedia":[{"embeddable":true,"href":"https:\/\/www.infokuryr.cz\/n\/wp-json\/wp\/v2\/media\/18469"}],"wp:attachment":[{"href":"https:\/\/www.infokuryr.cz\/n\/wp-json\/wp\/v2\/media?parent=26143"}],"wp:term":[{"taxonomy":"category","embeddable":true,"href":"https:\/\/www.infokuryr.cz\/n\/wp-json\/wp\/v2\/categories?post=26143"},{"taxonomy":"post_tag","embeddable":true,"href":"https:\/\/www.infokuryr.cz\/n\/wp-json\/wp\/v2\/tags?post=26143"}],"curies":[{"name":"wp","href":"https:\/\/api.w.org\/{rel}","templated":true}]}}