{"id":26119,"date":"2023-04-14T01:02:37","date_gmt":"2023-04-13T23:02:37","guid":{"rendered":"http:\/\/www.infokuryr.cz\/n\/?p=26119"},"modified":"2023-04-13T14:20:25","modified_gmt":"2023-04-13T12:20:25","slug":"dr-yaakov-ophir-pribeh-ucinnosti-vakciny-covid-se-hrouti","status":"publish","type":"post","link":"https:\/\/www.infokuryr.cz\/n\/2023\/04\/14\/dr-yaakov-ophir-pribeh-ucinnosti-vakciny-covid-se-hrouti\/","title":{"rendered":"Dr. Yaakov Ophir: P\u0159\u00edb\u011bh \u00fa\u010dinnosti vakc\u00edny COVID se hrout\u00ed"},"content":{"rendered":"<div id=\"fb-root\"><\/div>\n<div class=\"elementor-element elementor-element-1fb4c2c elementor-widget elementor-widget-theme-post-content\" data-id=\"1fb4c2c\" data-element_type=\"widget\" data-widget_type=\"theme-post-content.default\">\n<div class=\"elementor-widget-container\">\n<p><strong>L\u00e9ka\u0159i Yaffa Shir-Raz, Shay Zakov, Peter McCullough a Yaakov Ophir ve sv\u00e9m nov\u00e9m \u010dl\u00e1nku v Journal of American Physicians and Surgeons zkoumaj\u00ed tvrzen\u00ed, \u017ee posilova\u010de COVID-19 mohou poskytnout dlouhodobou ochranu p\u0159ed v\u00e1\u017en\u00fdmi nemocemi a smrt\u00ed.<\/strong><\/p>\n<p><span>Zd\u00e1 se, \u017ee z p\u0159\u00edb\u011bhu o vakc\u00edn\u00e1ch COVID-19 ji\u017e vypadly dva d\u016fle\u017eit\u00e9 stavebn\u00ed kameny \u2013 jeden o jejich fantastick\u00e9 \u00fa\u010dinnosti proti infekci a druh\u00fd o jejich vynikaj\u00edc\u00ed bezpe\u010dnosti.<\/span><\/p>\n<p><span>Zd\u00e1 se v\u0161ak, \u017ee st\u00e1le z\u016fst\u00e1v\u00e1 tvrdohlav\u00e1 cihla, kter\u00e1 vede mnoho lid\u00ed k p\u0159esv\u011bd\u010den\u00ed, \u017ee posilovac\u00ed d\u00e1vky vakc\u00edn jsou schopny poskytnout dlouhodobou ochranu p\u0159ed v\u00e1\u017en\u00fdm onemocn\u011bn\u00edm a smrt\u00ed (a\u010dkoli nechr\u00e1n\u00ed p\u0159ed infekc\u00ed).<\/span><\/p>\n<p><span>Ale je tento k\u00e1men opravdu tak siln\u00fd?<\/span><\/p>\n<p><span>Podporuje st\u00e1vaj\u00edc\u00ed v\u011bdeck\u00e1 literatura skute\u010dn\u011b my\u0161lenku, \u017ee tyto dva typy ochrany jsou nez\u00e1visl\u00e9 \u2013 \u017ee ochrana p\u0159ed v\u00e1\u017en\u00fdmi nemocemi a smrt\u00ed z\u016fstala vysok\u00e1, zat\u00edmco ochrana p\u0159ed infekc\u00ed zmizela?<\/span><\/p>\n<p><span>V na\u0161em nov\u00e9m \u010dl\u00e1nku v Journal of American Physicians and Surgeons Drs.\u00a0Yaffa Shir-Raz, Dr.\u00a0Shay Zakov, Dr.\u00a0Peter McCullough a j\u00e1 jsme se pokusili odpov\u011bd\u011bt na tyto ot\u00e1zky z \u010dist\u011b v\u011bdeck\u00e9ho hlediska.<\/span><\/p>\n<p><span>Provedli jsme p\u0159\u00edsn\u00fd p\u0159ezkum reprezentativn\u00edch \u00fadaj\u016f ze t\u0159\u00ed r\u016fzn\u00fdch zdroj\u016f: (1) p\u016fvodn\u00ed klinick\u00e9 studie Pfizer a Moderna, (2) nov\u011bj\u0161\u00ed studie \u010dtvrt\u00e9 d\u00e1vky vakc\u00edny a (3) popul\u00e1rn\u00ed panely statistik pandemie.<\/span><\/p>\n<p><span>V tomto relativn\u011b kr\u00e1tk\u00e9m \u010dl\u00e1nku (zalo\u017een\u00e9m na\u00a0<\/span><a href=\"https:\/\/www.youtube.com\/watch?v=ZbTwoTMBB6Q&amp;t=246s\" target=\"_blank\" rel=\"noreferrer noopener\" data-type=\"URL\" data-id=\"https:\/\/www.youtube.com\/watch?v=ZbTwoTMBB6Q&amp;t=246s\"><span>videu,<\/span><\/a><span>\u00a0kter\u00e9 jsem na toto t\u00e9ma nato\u010dil) nemohu p\u0159edstavit v\u0161echna na\u0161e zji\u0161t\u011bn\u00ed.\u00a0Chci v\u00e1m v\u0161ak ochutnat na\u0161i recenzi se t\u0159emi p\u0159\u00edklady, po\u010d\u00ednaje prvn\u00ed klinickou studi\u00ed spole\u010dnosti Pfizer.<\/span><\/p>\n<p><span style=\"font-size: 18pt;\"><strong>Po\u010det \u00famrt\u00ed v klinick\u00e9 studii spole\u010dnosti Pfizer<\/strong><\/span><\/p>\n<p><span>Dalo by se (nespr\u00e1vn\u011b) p\u0159edpokl\u00e1dat, \u017ee kl\u00ed\u010dov\u00e1 ot\u00e1zka, kterou jsem uvedl v\u00fd\u0161e, ji\u017e byla zodpov\u011bzena v randomizovan\u00e9 kontroln\u00ed studii f\u00e1ze 3 spole\u010dnosti Pfizer \u2013 studii, kter\u00e1 umo\u017enila americk\u00e9mu \u00da\u0159adu pro kontrolu potravin a l\u00e9\u010div (FDA) ud\u011blit nouzov\u00e9 povolen\u00ed k pou\u017eit\u00ed vakc\u00edny proti COVID-19.<\/span><\/p>\n<p><span>Kone\u010dn\u011b, randomizovan\u00e9 kontrolovan\u00e9 studie jsou pova\u017eov\u00e1ny za zlat\u00fd standard v biomedic\u00ednsk\u00e9m v\u00fdzkumu.\u00a0Tato d\u016fle\u017eit\u00e1 klinick\u00e1 studie n\u00e1s v\u0161ak ve skute\u010dnosti nenau\u010dila nic o schopnosti vakc\u00edn chr\u00e1nit p\u0159ed v\u00e1\u017en\u00fdmi nemocemi a smrt\u00ed.<\/span><\/p>\n<p><span>Spole\u010dnost Pfizer uvedla, \u017ee \u0161est m\u011bs\u00edc\u016f po injekc\u00edch nebyly mezi skupinou, kter\u00e1 dostala vakc\u00ednu, a kontroln\u00ed skupinou, kter\u00e1 dostala placebo, \u017e\u00e1dn\u00e9 v\u00fdznamn\u00e9 rozd\u00edly v po\u010dtu \u00famrt\u00ed ze v\u0161ech p\u0159\u00ed\u010din.<\/span><\/p>\n<p><span>Krom\u011b toho v otev\u0159en\u00e9 f\u00e1zi studie, kdy bylo zaslepen\u00ed zru\u0161eno a \u00fa\u010dastn\u00edci, kte\u0159\u00ed dost\u00e1vali placebo, si mohli vybrat skute\u010dnou vakc\u00ednu, Pfizer identifikoval p\u011bt dal\u0161\u00edch \u00famrt\u00ed, z nich\u017e v\u0161echna se vyskytla u lid\u00ed dost\u00e1vaj\u00edc\u00edch vakc\u00ednu.<\/span><\/p>\n<p><span>Jin\u00fdmi slovy, v t\u00e9to d\u016fle\u017eit\u00e9 klinick\u00e9 studii v\u011bda nepodporovala my\u0161lenku, \u017ee vakc\u00edny chr\u00e1n\u00ed p\u0159ed smrt\u00ed.\u00a0N\u011bkdo by mohl dokonce nam\u00edtnout, \u017ee v\u011bda vydala d\u016fle\u017eit\u00e9 varov\u00e1n\u00ed p\u0159ed t\u011bmito vakc\u00ednami.<\/span><\/p>\n<p><span style=\"font-size: 18pt;\"><strong>Sou\u010dasn\u00e9 observa\u010dn\u00ed studie na \u010dtvrt\u00e9 d\u00e1vce<\/strong><\/span><\/p>\n<p><span>Vzhledem k tomu, \u017ee neexistuj\u00ed jasn\u00e9 d\u016fkazy z form\u00e1ln\u00edch klinick\u00fdch studi\u00ed, m\u011bli bychom se obr\u00e1tit na m\u00e9n\u011b p\u0159\u00edsn\u00e9 v\u00fdzkumn\u00e9 n\u00e1vrhy, kter\u00e9 testovaly vakc\u00edny v re\u00e1ln\u00e9m sv\u011bt\u011b pomoc\u00ed pozorovac\u00edch sp\u00ed\u0161e ne\u017e experiment\u00e1ln\u00edch opat\u0159en\u00ed.<\/span><\/p>\n<p><span>Samoz\u0159ejm\u011b, \u017ee pozorovac\u00ed studie by m\u011bly b\u00fdt interpretov\u00e1ny opatrn\u011b, proto\u017ee jsou n\u00e1chyln\u00e9 k zkreslen\u00ed v re\u00e1ln\u00e9m \u017eivot\u011b, jako je nap\u0159\u00a0B. Nestejn\u00e9 \u00farovn\u011b testov\u00e1n\u00ed, kdy neo\u010dkovan\u00ed lid\u00e9 byli nuceni se nechat testovat na COVID-19, zat\u00edmco o\u010dkovan\u00ed lid\u00e9 byli od t\u011bchto test\u016f osvobozeni.<\/span><\/p>\n<p><span>Nicm\u00e9n\u011b jsme se rozhodli p\u0159ezkoumat v\u0161echny pozorovac\u00ed studie \u00fa\u010dinnosti \u010dtvrt\u00e9 d\u00e1vky, kter\u00e9 byly zve\u0159ejn\u011bny v dob\u011b, kdy FDA schv\u00e1lil tuto druhou posilovac\u00ed d\u00e1vku.<\/span><\/p>\n<p><span>Nebude pro v\u00e1s \u017e\u00e1dn\u00fdm p\u0159ekvapen\u00edm, \u017ee tyto studie poch\u00e1zej\u00ed z Izraele \u2013 \u201elaborato\u0159e sv\u011bta\u201c, jak to spole\u010dnost Pfizer ofici\u00e1ln\u011b naz\u00fdv\u00e1.\u00a0Izrael byl prvn\u00ed zem\u00ed, kter\u00e1 schv\u00e1lila pod\u00e1v\u00e1n\u00ed tohoto druh\u00e9ho boosteru (p\u0159ed ofici\u00e1ln\u00edm schv\u00e1len\u00edm FDA) a Izrael byl prvn\u00ed zem\u00ed, kter\u00e1 zkoumala \u00fa\u010dinnost tohoto boosteru v praxi.<\/span><\/p>\n<p><span style=\"font-size: 18pt;\"><strong>Observa\u010dn\u00ed studie zm\u00edn\u011bn\u00e1 v tiskov\u00e9 zpr\u00e1v\u011b FDA<\/strong><\/span><\/p>\n<p><span>Prvn\u00ed izraelsk\u00e1 studie, kterou zde chci zm\u00ednit, je zm\u00edn\u011bna v tiskov\u00e9 zpr\u00e1v\u011b FDA o schv\u00e1len\u00ed \u010dtvrt\u00e9 d\u00e1vky vakc\u00edny.<\/span><\/p>\n<p><span>V t\u00e9to tiskov\u00e9 zpr\u00e1v\u011b FDA bez mrknut\u00ed oka poznamen\u00e1v\u00e1, \u017ee \u010dtvrt\u00e1 d\u00e1vka \u201ezlep\u0161uje ochranu p\u0159ed z\u00e1va\u017en\u00fdm onemocn\u011bn\u00edm COVID-19\u201c.\u00a0Jak to m\u00e1\u0161 v\u011bd\u011bt?<\/span><\/p>\n<p><span>Jedin\u00fd v\u011bdeck\u00fd odkaz, kter\u00fd citovali na podporu tohoto zjednodu\u0161uj\u00edc\u00edho tvrzen\u00ed, byla izraelsk\u00e1 studie proveden\u00e1 Sheba Medical Center, kter\u00e1 nep\u0159inesla dobr\u00e9 v\u00fdsledky \u00fa\u010dinnosti.<\/span><\/p>\n<p><span>Krom\u011b skute\u010dnosti, \u017ee tato studie se p\u0159\u00edmo nezab\u00fdvala v\u00e1\u017en\u00fdm onemocn\u011bn\u00edm, auto\u0159i dosp\u011bli k z\u00e1v\u011bru, \u017ee jejich v\u00fdsledky nazna\u010duj\u00ed, \u017ee druh\u00e1 posilovac\u00ed d\u00e1vka \u201em\u016f\u017ee m\u00edt mal\u00fd p\u0159\u00ednos\u201c.\u00a0To jsou jej\u00ed slova, ne moje.<\/span><\/p>\n<p><span style=\"font-size: 18pt;\"><strong>Velk\u00e1 observa\u010dn\u00ed studie, kter\u00e1 \u00fadajn\u011b dokazuje jej\u00ed \u00fa\u010dinnost proti v\u00e1\u017en\u00fdm nemocem<\/strong><\/span><\/p>\n<p><span>Jak\u00e9 d\u016fkazy tedy mohou b\u00fdt za t\u00edmto jednoduch\u00fdm prohl\u00e1\u0161en\u00edm FDA o \u00fa\u010dinnosti proti v\u00e1\u017en\u00fdm onemocn\u011bn\u00edm?<\/span><\/p>\n<p><span>Jak bylo uvedeno, tiskov\u00e1 zpr\u00e1va neobsahuje \u017e\u00e1dn\u00e9 dal\u0161\u00ed studie \u00fa\u010dinnosti, na kter\u00e9 bychom se mohli spolehnout, ale na\u0161li jsme dal\u0161\u00ed izraelskou studii, kter\u00e1 byla zve\u0159ejn\u011bna t\u00fdden pot\u00e9, co FDA schv\u00e1lil \u010dtvrtou d\u00e1vku.<\/span><\/p>\n<p><span>V t\u00e9to rozs\u00e1hl\u00e9 studii auto\u0159i uvedli, \u017ee \u010dtvrt\u00e1 d\u00e1vka byla st\u00e1le \u00fa\u010dinn\u00e1 proti v\u00e1\u017en\u00e9mu onemocn\u011bn\u00ed \u0161est t\u00fddn\u016f po jej\u00edm pod\u00e1n\u00ed, zat\u00edmco \u00fa\u010dinnost proti infekc\u00edm klesala p\u0159ibli\u017en\u011b od p\u00e1t\u00e9ho t\u00fddne, a\u017e \u00fapln\u011b vymizela v t\u00fddnu osm\u00e9m.<\/span><\/p>\n<p><span>Pokud je mi zn\u00e1mo, bylo to poprv\u00e9, kdy v\u011bdci ozn\u00e1mili v\u00fdsledky, kter\u00e9 by \u010dten\u00e1\u0159\u016fm umo\u017enily odvodit, \u017ee \u00fa\u010dinnost \u010dtvrt\u00e9 d\u00e1vky proti v\u00e1\u017en\u00fdm onemocn\u011bn\u00edm p\u0159evy\u0161uje jej\u00ed \u00fa\u010dinnost proti infekc\u00edm.<\/span><\/p>\n<p><span>Abych vysv\u011btlil toto posledn\u00ed tvrzen\u00ed a zhodnotil jeho platnost, mus\u00edm ud\u011blat v\u011bdeck\u00fd krok zp\u011bt a mluvit o z\u00e1kladn\u00edm konceptu v\u00fdzkumu zvan\u00e9ho \u201epodm\u00edn\u011bn\u00e1 pravd\u011bpodobnost\u201c.<\/span><\/p>\n<p><span>Teoreticky, kdy\u017e studie najdou d\u016fkazy, \u017ee konkr\u00e9tn\u00ed vakc\u00edna je \u00fa\u010dinn\u00e1 proti infekc\u00edm, maj\u00ed tak\u00e9 tendenci dost\u00e1vat ni\u017e\u0161\u00ed po\u010det v\u00e1\u017en\u00fdch p\u0159\u00edpad\u016f ve sv\u00fdch l\u00e9\u010den\u00fdch skupin\u00e1ch ve srovn\u00e1n\u00ed s jejich kontroln\u00edmi skupinami.<\/span><\/p>\n<p><img decoding=\"async\" loading=\"lazy\" class=\"wp-image-24737 alignright\" src=\"http:\/\/www.infokuryr.cz\/n\/wp-content\/uploads\/2023\/03\/cesko_proti_bide2-239x300.png\" alt=\"\" width=\"614\" height=\"771\" srcset=\"https:\/\/www.infokuryr.cz\/n\/wp-content\/uploads\/2023\/03\/cesko_proti_bide2-239x300.png 239w, https:\/\/www.infokuryr.cz\/n\/wp-content\/uploads\/2023\/03\/cesko_proti_bide2-816x1024.png 816w, https:\/\/www.infokuryr.cz\/n\/wp-content\/uploads\/2023\/03\/cesko_proti_bide2-768x964.png 768w, https:\/\/www.infokuryr.cz\/n\/wp-content\/uploads\/2023\/03\/cesko_proti_bide2.png 846w\" sizes=\"(max-width: 614px) 100vw, 614px\" \/><\/p>\n<p><span>Mimo jin\u00e9 uva\u017eujme sc\u00e9n\u00e1\u0159 v\u00fdzkumu, ve kter\u00e9m se virem nakazilo 10 \u00fa\u010dastn\u00edk\u016f z o\u010dkovac\u00ed skupiny ve srovn\u00e1n\u00ed se 100 \u00fa\u010dastn\u00edky z kontroln\u00ed skupiny.<\/span><\/p>\n<p><span>Tato \u010d\u00edsla lze interpretovat jako dobr\u00e9 znamen\u00ed vysok\u00e9 \u00fa\u010dinnosti proti infekc\u00edm.<\/span><\/p>\n<p><span>Ale co kdy\u017e se u 1 z 10 infikovan\u00fdch \u00fa\u010dastn\u00edk\u016f ve skupin\u011b s vakc\u00ednou rozvine z\u00e1va\u017en\u00e9 onemocn\u011bn\u00ed ve srovn\u00e1n\u00ed s 10 ze 100 \u00fa\u010dastn\u00edk\u016f v kontroln\u00ed skupin\u011b?<\/span><\/p>\n<p><span>V tomto sc\u00e9n\u00e1\u0159i m\u016f\u017ee rozd\u00edl v pouh\u00fdch \u010d\u00edslech \u2013 1 versus 10 z\u00e1va\u017en\u00fdch onemocn\u011bn\u00ed \u2013 zn\u00edt p\u016fsobiv\u011b, ale ve skute\u010dnosti jsou tato \u010d\u00edsla jen vedlej\u0161\u00edm produktem \u00fa\u010dinnosti vakc\u00edn proti infekc\u00edm, proto\u017ee v obou skupin\u00e1ch t\u00e9to hypotetick\u00e9 studie je 10 % z \u00fa\u010dastn\u00edk\u016f, kte\u0159\u00ed byli infikov\u00e1ni virem, v\u00e1\u017en\u011b onemocn\u011bli.<\/span><\/p>\n<p><span>Co se ale stane v p\u0159\u00edpadech, kdy vakc\u00edna nechr\u00e1n\u00ed p\u0159ed infekc\u00ed \u2013 jako v dne\u0161n\u00ed situaci, kdy u\u017e byl zni\u010den prvn\u00ed stavebn\u00ed k\u00e1men vypr\u00e1v\u011bn\u00ed?\u00a0Je zachov\u00e1na ochrana p\u0159ed z\u00e1va\u017en\u00fdmi nemocemi?<\/span><\/p>\n<p><span>Jedin\u00fdm zp\u016fsobem, jak prok\u00e1zat, \u017ee vakc\u00edny chr\u00e1n\u00ed p\u0159ed z\u00e1va\u017en\u00fdm onemocn\u011bn\u00edm nad r\u00e1mec jejich \u00fa\u010dinnosti proti infekci, je prok\u00e1zat, \u017ee podm\u00edn\u011bn\u00e1 pravd\u011bpodobnost z\u00e1va\u017en\u00e9ho onemocn\u011bn\u00ed ve skupin\u011b s vakc\u00ednou (tj. procento z\u00e1va\u017en\u00fdch onemocn\u011bn\u00ed mezi \u00fa\u010dastn\u00edky, kte\u0159\u00ed se nakazili) je v\u00fdrazn\u011b ni\u017e\u0161\u00ed ne\u017e podm\u00edn\u011bn\u00e1 pravd\u011bpodobnost t\u011b\u017ek\u00e9ho onemocn\u011bn\u00ed v kontroln\u00ed skupin\u011b.<\/span><\/p>\n<p><span>Nyn\u00ed, kdy\u017e rozum\u00edme tomuto d\u016fle\u017eit\u00e9mu konceptu podm\u00edn\u011bn\u00e9 pravd\u011bpodobnosti, m\u016f\u017eeme prozkoumat detaily t\u00e9to velk\u00e9 studie, o kter\u00e9 se \u0159\u00edk\u00e1, \u017ee dokazuje \u00fa\u010dinnost vakc\u00edn proti z\u00e1va\u017en\u00fdm onemocn\u011bn\u00edm.<\/span><\/p>\n<p><span>Prvn\u00ed v\u011bc, kterou o t\u00e9to studii pot\u0159ebujeme v\u011bd\u011bt, je, \u017ee z n\u011bjak\u00e9ho d\u016fvodu trvala doba sledov\u00e1n\u00ed u z\u00e1va\u017en\u00fdch onemocn\u011bn\u00ed a\u017e \u0161est\u00fd t\u00fdden po o\u010dkov\u00e1n\u00ed, zat\u00edmco doba sledov\u00e1n\u00ed u infekc\u00ed trvala o dva t\u00fddny d\u00e9le, a\u017e osm\u00fd t\u00fdden.<\/span><\/p>\n<p><span>To znamen\u00e1, \u017ee hlavn\u00ed poselstv\u00ed t\u00e9to studie je omezeno na mimo\u0159\u00e1dn\u011b \u00fazk\u00e9 \u010dasov\u00e9 okno, po\u010d\u00ednaje 5. t\u00fddnem, kdy protiinfek\u010dn\u00ed \u00fa\u010dinnost za\u010d\u00edn\u00e1 klesat, a kon\u010d\u00edc\u00ed 6. t\u00fddnem, kdy kon\u010d\u00ed sledov\u00e1n\u00ed z\u00e1va\u017en\u00fdch onemocn\u011bn\u00ed.<\/span><\/p>\n<p><span>Ale co je d\u016fle\u017eit\u011bj\u0161\u00ed, i bez ohledu na toto siln\u00e9 omezen\u00ed, moji spoluauto\u0159i a j\u00e1 jsme p\u0159i zkoum\u00e1n\u00ed \u00fadaj\u016f obsa\u017een\u00fdch v \u010dl\u00e1nku zjistili, \u017ee podm\u00edn\u011bn\u00e1 pravd\u011bpodobnost v\u00e1\u017en\u00e9ho onemocn\u011bn\u00ed se mezi l\u00e9\u010debn\u00fdmi a kontroln\u00edmi skupinami v t\u00e9to studii skute\u010dn\u011b li\u0161\u00ed.\u00a0Asi 1 % infikovan\u00fdch \u00fa\u010dastn\u00edk\u016f v obou skupin\u00e1ch v\u00e1\u017en\u011b onemocn\u011blo.<\/span><\/p>\n<p><span>Tyto v\u00fdsledky samoz\u0159ejm\u011b nelze pou\u017e\u00edt k vyvr\u00e1cen\u00ed rozumn\u00e9ho a jednoduch\u00e9ho p\u0159edpokladu, \u017ee sn\u00ed\u017een\u00ed \u00fa\u010dinnosti vakc\u00edn proti infekc\u00edm z p\u00e1t\u00e9ho t\u00fddne vedlo k odpov\u00eddaj\u00edc\u00edmu sn\u00ed\u017een\u00ed \u00fa\u010dinnosti vakc\u00edn proti v\u00e1\u017en\u00fdm onemocn\u011bn\u00edm a \u00famrt\u00ed \u2013 i kdy\u017e toto sn\u00ed\u017een\u00ed trvalo o dva t\u00fddny pozd\u011bji , co\u017e odpov\u00edd\u00e1 pr\u016fm\u011brn\u00e9 dob\u011b, za kterou dojde k rozvoji z\u00e1va\u017en\u00e9ho onemocn\u011bn\u00ed po prvn\u00edch p\u0159\u00edznac\u00edch viru.<\/span><\/p>\n<p><span>Bohu\u017eel, v\u00e1\u017en\u00e1 onemocn\u011bn\u00ed o dva t\u00fddny pozd\u011bji, tj. v podstat\u011b t\u00fdden sedm, nebyla v t\u00e9to studii pozorov\u00e1na, nato\u017e t\u00fdden deset, co\u017e je vlastn\u011b nejzaj\u00edmav\u011bj\u0161\u00ed \u010dasov\u00fd bod, proto\u017ee odr\u00e1\u017e\u00ed obdob\u00ed, ve kter\u00e9m vakc\u00edny nedok\u00e1zaly ochr\u00e1nit p\u0159ed infekc\u00ed.<\/span><\/p>\n<p><span style=\"font-size: 18pt;\"><strong>Z\u00e1v\u011br<\/strong><\/span><\/p>\n<p><span>Na z\u00e1v\u011br jsem v tomto kr\u00e1tk\u00e9m \u010dl\u00e1nku uvedl t\u0159i p\u0159\u00edklady, kter\u00e9 zpochyb\u0148uj\u00ed zd\u00e1nliv\u011b univerz\u00e1ln\u00ed p\u0159edstavu, \u017ee p\u0159eo\u010dkov\u00e1n\u00ed mohou poskytnout dlouhodobou ochranu p\u0159ed v\u00e1\u017en\u00fdm onemocn\u011bn\u00edm a smrt\u00ed.<\/span><\/p>\n<p><span>Tyto t\u0159i p\u0159\u00edklady samoz\u0159ejm\u011b p\u0159edstavuj\u00ed jen malou \u010d\u00e1st na\u0161eho podrobn\u00e9ho \u010dl\u00e1nku a vyz\u00fdv\u00e1m v\u00e1s, abyste si p\u0159e\u010detli v\u0161echny d\u016fkazy, kter\u00e9 p\u0159in\u00e1\u0161\u00edme v Journal of American Physicians and Surgeons.<\/span><\/p>\n<p><span>Vezm\u011bte pros\u00edm na v\u011bdom\u00ed, \u017ee nenazna\u010duji, \u017ee n\u00e1\u0161 \u010dl\u00e1nek m\u016f\u017ee nahradit komplexn\u00ed systematick\u00fd p\u0159ehled v\u0161ech dostupn\u00fdch d\u016fkaz\u016f.<\/span><\/p>\n<p><span>Ve v\u011bdeck\u00e9m diskurzu v\u0161ak jedin\u00e1 \u201e\u010dern\u00e1 labu\u0165\u201c, jak to nazval Karl Popper \u2013 jedin\u00fd negativn\u00ed p\u0159\u00edpad, kter\u00fd neodpov\u00edd\u00e1 teorii \u2013 m\u016f\u017ee zfal\u0161ovat univerz\u00e1ln\u00ed tvrzen\u00ed;\u00a0a slibuji v\u00e1m, \u017ee n\u00e1\u0161 \u010dl\u00e1nek pouk\u00e1\u017ee na \u010detn\u00e9 takov\u00e9 \u010dern\u00e9 labut\u011b, kter\u00e9 bouraj\u00ed posledn\u00ed cihlu p\u0159\u00edb\u011bhu o \u00fa\u010dinnosti vakc\u00edny.<\/span><\/p>\n<p><span>Podle na\u0161eho ch\u00e1p\u00e1n\u00ed literatury nem\u00e1 l\u00e9ka\u0159sk\u00fd p\u0159\u00edb\u011bh, \u017ee p\u0159eo\u010dkov\u00e1n\u00ed p\u0159edch\u00e1zej\u00ed v\u00e1\u017en\u00fdm onemocn\u011bn\u00edm a smrti, ani\u017e by chr\u00e1nil p\u0159ed infekc\u00ed, \u017e\u00e1dn\u00fd v\u011bdeck\u00fd z\u00e1klad.<\/span><\/p>\n<p><span>Vyz\u00fdv\u00e1me proto k nestrann\u00e9mu pro\u0161et\u0159en\u00ed rozhodovac\u00edch proces\u016f a glob\u00e1ln\u00edch zdravotn\u00edch politik implementovan\u00fdch b\u011bhem krize COVID-19, zejm\u00e9na s ohledem na to, co dnes v\u00edme o negativn\u00edm dopadu t\u011bchto politik a \u010detn\u00fdch rizic\u00edch, kter\u00e1 vakc\u00edny p\u0159edstavuj\u00ed.<\/span><\/p>\n<p><em><span><strong>Dr. Yaakov Ophir<\/strong> je v\u011bdeck\u00fdm pracovn\u00edkem Laborato\u0159e zpracov\u00e1n\u00ed p\u0159irozen\u00e9ho jazyka Technion &#8211; Israel Institute of Technology a je licencovan\u00fdm klinick\u00fdm psychologem.<\/span><\/em><\/p>\n<\/div>\n<\/div>\n<div class=\"elementor-element elementor-element-8c57238 quelle dc-has-condition dc-condition-empty elementor-widget elementor-widget-heading\" data-id=\"8c57238\" data-element_type=\"widget\" data-widget_type=\"heading.default\">\n<div class=\"elementor-widget-container\">\n<h3 class=\"elementor-heading-title elementor-size-default\"><span style=\"font-size: 8pt;\"><a href=\"https:\/\/childrenshealthdefense.org\/defender\/covid-vaccine-efficacy-narrative\/?itm_term=home\" target=\"_blank\" rel=\"nofollow noopener\">ZDROJ<\/a><\/span><\/h3>\n<\/div>\n<\/div>\n<p>&nbsp;<\/p>\n<p><img decoding=\"async\" loading=\"lazy\" class=\"wp-image-19187 aligncenter\" src=\"http:\/\/www.infokuryr.cz\/n\/wp-content\/uploads\/2022\/12\/1-PRO-300x36.jpg\" alt=\"\" width=\"1192\" height=\"143\" srcset=\"https:\/\/www.infokuryr.cz\/n\/wp-content\/uploads\/2022\/12\/1-PRO-300x36.jpg 300w, https:\/\/www.infokuryr.cz\/n\/wp-content\/uploads\/2022\/12\/1-PRO.jpg 699w\" sizes=\"(max-width: 1192px) 100vw, 1192px\" \/><\/p>\n<p>&nbsp;<\/p>\n<p>&nbsp;<\/p>\n","protected":false},"excerpt":{"rendered":"<p>L\u00e9ka\u0159i Yaffa Shir-Raz, Shay Zakov, Peter McCullough a Yaakov Ophir ve sv\u00e9m nov\u00e9m \u010dl\u00e1nku v&#8230;<\/p>\n","protected":false},"author":2,"featured_media":26120,"comment_status":"closed","ping_status":"closed","sticky":false,"template":"","format":"standard","meta":[],"categories":[7],"tags":[1042,593,839,651],"_links":{"self":[{"href":"https:\/\/www.infokuryr.cz\/n\/wp-json\/wp\/v2\/posts\/26119"}],"collection":[{"href":"https:\/\/www.infokuryr.cz\/n\/wp-json\/wp\/v2\/posts"}],"about":[{"href":"https:\/\/www.infokuryr.cz\/n\/wp-json\/wp\/v2\/types\/post"}],"author":[{"embeddable":true,"href":"https:\/\/www.infokuryr.cz\/n\/wp-json\/wp\/v2\/users\/2"}],"replies":[{"embeddable":true,"href":"https:\/\/www.infokuryr.cz\/n\/wp-json\/wp\/v2\/comments?post=26119"}],"version-history":[{"count":1,"href":"https:\/\/www.infokuryr.cz\/n\/wp-json\/wp\/v2\/posts\/26119\/revisions"}],"predecessor-version":[{"id":26121,"href":"https:\/\/www.infokuryr.cz\/n\/wp-json\/wp\/v2\/posts\/26119\/revisions\/26121"}],"wp:featuredmedia":[{"embeddable":true,"href":"https:\/\/www.infokuryr.cz\/n\/wp-json\/wp\/v2\/media\/26120"}],"wp:attachment":[{"href":"https:\/\/www.infokuryr.cz\/n\/wp-json\/wp\/v2\/media?parent=26119"}],"wp:term":[{"taxonomy":"category","embeddable":true,"href":"https:\/\/www.infokuryr.cz\/n\/wp-json\/wp\/v2\/categories?post=26119"},{"taxonomy":"post_tag","embeddable":true,"href":"https:\/\/www.infokuryr.cz\/n\/wp-json\/wp\/v2\/tags?post=26119"}],"curies":[{"name":"wp","href":"https:\/\/api.w.org\/{rel}","templated":true}]}}