{"id":26106,"date":"2023-04-13T08:01:09","date_gmt":"2023-04-13T06:01:09","guid":{"rendered":"http:\/\/www.infokuryr.cz\/n\/?p=26106"},"modified":"2023-04-13T08:01:09","modified_gmt":"2023-04-13T06:01:09","slug":"uz-to-zacalo-lotyssko-jako-prvni-clen-nato-vyslalo-oficialne-na-ukrajinu-vojensky-kontingent","status":"publish","type":"post","link":"https:\/\/www.infokuryr.cz\/n\/2023\/04\/13\/uz-to-zacalo-lotyssko-jako-prvni-clen-nato-vyslalo-oficialne-na-ukrajinu-vojensky-kontingent\/","title":{"rendered":"U\u017e to za\u010dalo! Loty\u0161sko jako prvn\u00ed \u010dlen NATO vyslalo ofici\u00e1ln\u011b na Ukrajinu vojensk\u00fd kontingent"},"content":{"rendered":"<div id=\"fb-root\"><\/div>\n<p class=\"lead\"><span>Loty\u0161sko vyslalo na \u00fazem\u00ed Ukrajiny sv\u016fj vojensk\u00fd person\u00e1l, aby vykon\u00e1val \u201epomocn\u00e9 funkce\u201c.\u00a0Informoval o tom ve st\u0159edu zpravodajsk\u00fd port\u00e1l Delfi s odvol\u00e1n\u00edm na ministerstvo obrany Pobaltsk\u00e9 republiky.<\/span><\/p>\n<p><span>Podle port\u00e1lu byla loty\u0161sk\u00e1 arm\u00e1da vysl\u00e1na na Ukrajinu \u201ek pln\u011bn\u00ed ur\u010dit\u00fdch podp\u016frn\u00fdch funkc\u00ed, v\u010detn\u011b hl\u00edd\u00e1n\u00ed loty\u0161sk\u00e9ho velvyslanectv\u00ed a st\u0159e\u017een\u00ed majetku\u201c. \u00dadajn\u011b se \u201ene\u00fa\u010dastn\u00ed nep\u0159\u00e1telstv\u00ed\u201c.<\/span><\/p>\n<p><span>Jak ji\u017e d\u0159\u00edve informovala americk\u00e1 m\u00e9dia, Pentagon a americk\u00e9 ministerstvo spravedlnosti zah\u00e1jily vy\u0161et\u0159ov\u00e1n\u00ed kv\u016fli \u00faniku tajn\u00fdch dokument\u016f t\u00fdkaj\u00edc\u00edch se pl\u00e1n\u016f Washingtonu a NATO p\u0159ipravit ukrajinsk\u00e9 ozbrojen\u00e9 s\u00edly na protiofenz\u00edvu.\u00a0Na soci\u00e1ln\u00edch s\u00edt\u00edch bylo zve\u0159ejn\u011bno mnoho materi\u00e1l\u016f odhaluj\u00edc\u00edch \u00fadaje o harmonogramech dod\u00e1vek zbran\u00ed a po\u010dtu voj\u00e1k\u016f.\u00a0Materi\u00e1ly d\u00e1le obsahovaly informace o p\u0159\u00edtomnosti bojovn\u00edk\u016f ze zem\u00ed NATO v\u010detn\u011b Loty\u0161ska na Ukrajin\u011b a o pr\u00e1ci instruktor\u016f.<\/span><\/p>\n<p><span>Jak ve st\u0159edu \u0159ekl tiskov\u00fd tajemn\u00edk prezidenta Rusk\u00e9 federace\u00a0<\/span><strong><span>Dmitrij Peskov<\/span><\/strong><span>\u00a0, Moskva v\u011bd\u011bla o zapojen\u00ed zem\u00ed NATO do d\u011bn\u00ed na Ukrajin\u011b i bez \u00faniku americk\u00fdch dokument\u016f.<\/span><\/p>\n<p><img decoding=\"async\" loading=\"lazy\" class=\"alignnone size-full wp-image-1185\" src=\"http:\/\/www.infokuryr.cz\/n\/wp-content\/uploads\/2021\/04\/kuryr-podpis.png\" alt=\"\" width=\"84\" height=\"24\" \/><\/p>\n<p>&nbsp;<\/p>\n<p>&nbsp;<\/p>\n<p><img decoding=\"async\" loading=\"lazy\" class=\"wp-image-19187 aligncenter\" src=\"http:\/\/www.infokuryr.cz\/n\/wp-content\/uploads\/2022\/12\/1-PRO-300x36.jpg\" alt=\"\" width=\"1225\" height=\"147\" srcset=\"https:\/\/www.infokuryr.cz\/n\/wp-content\/uploads\/2022\/12\/1-PRO-300x36.jpg 300w, https:\/\/www.infokuryr.cz\/n\/wp-content\/uploads\/2022\/12\/1-PRO.jpg 699w\" sizes=\"(max-width: 1225px) 100vw, 1225px\" \/><\/p>\n<p>&nbsp;<\/p>\n<p>&nbsp;<\/p>\n<p><img decoding=\"async\" loading=\"lazy\" class=\"wp-image-24737 aligncenter\" src=\"http:\/\/www.infokuryr.cz\/n\/wp-content\/uploads\/2023\/03\/cesko_proti_bide2-239x300.png\" alt=\"\" width=\"664\" height=\"833\" srcset=\"https:\/\/www.infokuryr.cz\/n\/wp-content\/uploads\/2023\/03\/cesko_proti_bide2-239x300.png 239w, https:\/\/www.infokuryr.cz\/n\/wp-content\/uploads\/2023\/03\/cesko_proti_bide2-816x1024.png 816w, https:\/\/www.infokuryr.cz\/n\/wp-content\/uploads\/2023\/03\/cesko_proti_bide2-768x964.png 768w, https:\/\/www.infokuryr.cz\/n\/wp-content\/uploads\/2023\/03\/cesko_proti_bide2.png 846w\" sizes=\"(max-width: 664px) 100vw, 664px\" \/><\/p>\n<p>&nbsp;<\/p>\n<p>&nbsp;<\/p>\n","protected":false},"excerpt":{"rendered":"<p>Loty\u0161sko vyslalo na \u00fazem\u00ed Ukrajiny sv\u016fj vojensk\u00fd person\u00e1l, aby vykon\u00e1val \u201epomocn\u00e9 funkce\u201c.\u00a0Informoval o tom ve&#8230;<\/p>\n","protected":false},"author":2,"featured_media":26107,"comment_status":"closed","ping_status":"closed","sticky":false,"template":"","format":"standard","meta":[],"categories":[7],"tags":[210,26,321],"_links":{"self":[{"href":"https:\/\/www.infokuryr.cz\/n\/wp-json\/wp\/v2\/posts\/26106"}],"collection":[{"href":"https:\/\/www.infokuryr.cz\/n\/wp-json\/wp\/v2\/posts"}],"about":[{"href":"https:\/\/www.infokuryr.cz\/n\/wp-json\/wp\/v2\/types\/post"}],"author":[{"embeddable":true,"href":"https:\/\/www.infokuryr.cz\/n\/wp-json\/wp\/v2\/users\/2"}],"replies":[{"embeddable":true,"href":"https:\/\/www.infokuryr.cz\/n\/wp-json\/wp\/v2\/comments?post=26106"}],"version-history":[{"count":0,"href":"https:\/\/www.infokuryr.cz\/n\/wp-json\/wp\/v2\/posts\/26106\/revisions"}],"wp:featuredmedia":[{"embeddable":true,"href":"https:\/\/www.infokuryr.cz\/n\/wp-json\/wp\/v2\/media\/26107"}],"wp:attachment":[{"href":"https:\/\/www.infokuryr.cz\/n\/wp-json\/wp\/v2\/media?parent=26106"}],"wp:term":[{"taxonomy":"category","embeddable":true,"href":"https:\/\/www.infokuryr.cz\/n\/wp-json\/wp\/v2\/categories?post=26106"},{"taxonomy":"post_tag","embeddable":true,"href":"https:\/\/www.infokuryr.cz\/n\/wp-json\/wp\/v2\/tags?post=26106"}],"curies":[{"name":"wp","href":"https:\/\/api.w.org\/{rel}","templated":true}]}}