{"id":26100,"date":"2023-04-13T07:05:12","date_gmt":"2023-04-13T05:05:12","guid":{"rendered":"http:\/\/www.infokuryr.cz\/n\/?p=26100"},"modified":"2023-04-13T07:05:12","modified_gmt":"2023-04-13T05:05:12","slug":"boj-proti-dezinformacim-hrozba-ruskych-medii-v-zapadni-hegemonii-na-balkane","status":"publish","type":"post","link":"https:\/\/www.infokuryr.cz\/n\/2023\/04\/13\/boj-proti-dezinformacim-hrozba-ruskych-medii-v-zapadni-hegemonii-na-balkane\/","title":{"rendered":"\u201eBoj proti dezinformac\u00edm\u201c: Hrozba rusk\u00fdch m\u00e9di\u00ed v z\u00e1padn\u00ed hegemonii na Balk\u00e1n\u011b"},"content":{"rendered":"<div id=\"fb-root\"><\/div>\n<div class=\"elementor-element elementor-element-1fb4c2c elementor-widget elementor-widget-theme-post-content\" data-id=\"1fb4c2c\" data-element_type=\"widget\" data-widget_type=\"theme-post-content.default\">\n<div class=\"elementor-widget-container\">\n<p><strong>P\u0159\u00ed\u0161t\u00ed t\u00fdden nav\u0161t\u00edv\u00ed hlavn\u00ed m\u011bsta t\u0159\u00ed balk\u00e1nsk\u00fdch st\u00e1t\u016f nov\u00fd zvl\u00e1\u0161tn\u00ed vyslanec USA jmenovan\u00fd \u0161\u00e9fem ministerstva zahrani\u010d\u00ed speci\u00e1ln\u011b pro boj proti rusk\u00e9mu vlivu.<\/strong><\/p>\n<p><span>James Rubin byl pravou rukou jednoho z hlavn\u00edch ideolog\u016f stoj\u00edc\u00edch za bombardov\u00e1n\u00edm Jugosl\u00e1vie, b\u00fdval\u00e9 ministryn\u011b zahrani\u010d\u00ed Madeleine Albrightov\u00e9, a \u00fa\u010dastnil se tak\u00e9 jedn\u00e1n\u00ed srbsk\u00e9 a alb\u00e1nsk\u00e9 delegace v Rambouillet v p\u0159edve\u010der <strong>\u201ehumanit\u00e1rn\u00edho bombardov\u00e1n\u00ed&#8220;<\/strong>.<br \/>\n<\/span><br \/>\n<span>Nyn\u00ed koordinuje Centrum pro glob\u00e1ln\u00ed zapojen\u00ed (GEC) ministerstva zahrani\u010d\u00ed a brzy nav\u0161t\u00edv\u00ed Podgorici, Skopje a Tiranu, aby podpo\u0159il iniciativy <strong>\u201eboje proti rusk\u00fdm dezinformac\u00edm\u201c.<\/strong><\/span><\/p>\n<p><span>V hlavn\u00edch m\u011bstech \u010cern\u00e9 Hory, Severn\u00ed Makedonie a Alb\u00e1nie se Ameri\u010dan setk\u00e1 s m\u00edstn\u00edmi p\u0159edstaviteli a bude diskutovat o \u00fasil\u00ed Ruska a dal\u0161\u00edch<strong> \u201ezlomysln\u00fdch agent\u016f podkopat demokracii a n\u00e1rodn\u00ed bezpe\u010dnost\u201c<\/strong>.<br \/>\n<\/span><br \/>\n<span>N\u00e1v\u0161t\u011bva Srbska se podle velvyslance USA v B\u011blehrad\u011b zat\u00edm nepl\u00e1nuje.<br \/>\n<\/span><br \/>\n<span>Ministerstvo zahrani\u010d\u00ed se ale netaj\u00ed t\u00edm, \u017ee jedna z hlavn\u00edch <strong>\u201ehybridn\u00edch hrozeb\u201c<\/strong> je spat\u0159ov\u00e1na v zaveden\u00ed vys\u00edl\u00e1n\u00ed RT v srb\u0161tin\u011b.\u00a0Rusk\u00e1 m\u00e9dia byla obvin\u011bna ze <strong>\u201e\u0161\u00ed\u0159en\u00ed Putinovy \u200b\u200bpropagandy ze Z\u00e1h\u0159ebu do Skopje\u201c<\/strong> a b\u011blehradsk\u00e9 \u00fa\u0159ady je vyz\u00fdvaj\u00ed, aby se co nejd\u0159\u00edve zapojily do boje proti <strong>\u201edezinformac\u00edm\u201c<\/strong>.\u00a0Zdroje, kter\u00e9 je \u00fadajn\u011b \u0161\u00ed\u0159\u00ed, mus\u00ed b\u00fdt samoz\u0159ejm\u011b zablokov\u00e1ny.<\/span><\/p>\n<p><span>Ji\u017e jsme psali, \u017ee boj proti <strong>\u201ezhoubn\u00e9mu vlivu\u201c<\/strong> Ruska v regionu dos\u00e1hl neskute\u010dn\u00fdch rozm\u011br\u016f.<br \/>\n<\/span><br \/>\n<span>M\u00edstn\u00ed publikace, koupen\u00e9 konglomer\u00e1tem United Media na n\u00e1klady britsk\u00fdch investor\u016f a s pomoc\u00ed americk\u00fdch zpravodajsk\u00fdch \u00fa\u0159edn\u00edk\u016f, jsou pln\u00e9 materi\u00e1lu o tom, jak se <strong>\u201edlouh\u00e1 ruka Kremlu\u201c<\/strong> dostala do Evropy a <strong>\u201edestabilizuje\u201c<\/strong> Balk\u00e1n.<\/span><\/p>\n<p><span>Anal\u00fdzu srbsk\u00e9ho medi\u00e1ln\u00edho prost\u0159ed\u00ed provedli nejen ameri\u010dt\u00ed experti, ale tak\u00e9 Pracovn\u00ed skupina n\u011bmeck\u00fdch st\u00e1tn\u00edch rozhlasov\u00fdch spole\u010dnost\u00ed (ARD).\u00a0Uk\u00e1zalo se, \u017ee Srbsko je chyceno v chapadlech <strong>stra\u0161liv\u00e9 \u201erusk\u00e9 propagandy\u201c<\/strong>.<br \/>\n<\/span><br \/>\n<span>Nejd\u016fle\u017eit\u011bj\u0161\u00ed z\u00e1v\u011bry p\u0159itom plynou z v\u00fdsledk\u016f studie Thomase Braye, zam\u011bstnance nadace Friedricha Naumanna, kter\u00fd m\u00e1 bl\u00edzko k n\u011bmeck\u00fdm liber\u00e1l\u016fm.\u00a0A na rozd\u00edl od n\u00e1stroj\u016f rusk\u00e9 <strong>\u201em\u011bkk\u00e9 s\u00edly\u201c<\/strong> m\u00e1 dlouhodob\u011b rozs\u00e1hl\u00e9 aktivity na Balk\u00e1n\u011b.\u00a0N\u011bmci vytvo\u0159ili v\u00edce ne\u017e jednu generaci politik\u016f a osobnost\u00ed ve\u0159ejn\u00e9ho \u017eivota, kter\u00e9 se vyzna\u010duj\u00ed nejen rusofobi\u00ed, ale tak\u00e9 srbofobi\u00ed.<\/span><\/p>\n<p><span>Je jasn\u00e9, \u017ee medi\u00e1ln\u00ed v\u00e1lka bude v kl\u00ed\u010dov\u00fdch zem\u00edch regionu pokra\u010dovat a evrop\u0161t\u00ed p\u0159edstavitel\u00e9 a ameri\u010dt\u00ed zvl\u00e1\u0161tn\u00ed vyslanci budou pod z\u00e1minkou boje proti <strong>\u201e\u0161kodliv\u00fdm vliv\u016fm\u201c<\/strong> po\u017eadovat, aby m\u00edstn\u00ed \u00fa\u0159ady zablokovaly zdroje, aby <strong>\u201ezachovaly svobodu slova\u201c.<\/strong><\/span><\/p>\n<\/div>\n<\/div>\n<div class=\"elementor-element elementor-element-8c57238 quelle dc-has-condition dc-condition-empty elementor-widget elementor-widget-heading\" data-id=\"8c57238\" data-element_type=\"widget\" data-widget_type=\"heading.default\">\n<div class=\"elementor-widget-container\">\n<h3 class=\"elementor-heading-title elementor-size-default\"><span style=\"font-size: 8pt;\"><a href=\"https:\/\/t.me\/rybar\" target=\"_blank\" rel=\"nofollow noopener\">ZDROJ<\/a><\/span><\/h3>\n<\/div>\n<\/div>\n<p>&nbsp;<\/p>\n<p><img decoding=\"async\" loading=\"lazy\" class=\"wp-image-19187 aligncenter\" src=\"http:\/\/www.infokuryr.cz\/n\/wp-content\/uploads\/2022\/12\/1-PRO-300x36.jpg\" alt=\"\" width=\"1267\" height=\"152\" srcset=\"https:\/\/www.infokuryr.cz\/n\/wp-content\/uploads\/2022\/12\/1-PRO-300x36.jpg 300w, https:\/\/www.infokuryr.cz\/n\/wp-content\/uploads\/2022\/12\/1-PRO.jpg 699w\" sizes=\"(max-width: 1267px) 100vw, 1267px\" \/><\/p>\n<p>&nbsp;<\/p>\n<p>&nbsp;<\/p>\n<p><img decoding=\"async\" loading=\"lazy\" class=\"wp-image-24737 aligncenter\" src=\"http:\/\/www.infokuryr.cz\/n\/wp-content\/uploads\/2023\/03\/cesko_proti_bide2-239x300.png\" alt=\"\" width=\"722\" height=\"906\" srcset=\"https:\/\/www.infokuryr.cz\/n\/wp-content\/uploads\/2023\/03\/cesko_proti_bide2-239x300.png 239w, https:\/\/www.infokuryr.cz\/n\/wp-content\/uploads\/2023\/03\/cesko_proti_bide2-816x1024.png 816w, https:\/\/www.infokuryr.cz\/n\/wp-content\/uploads\/2023\/03\/cesko_proti_bide2-768x964.png 768w, https:\/\/www.infokuryr.cz\/n\/wp-content\/uploads\/2023\/03\/cesko_proti_bide2.png 846w\" sizes=\"(max-width: 722px) 100vw, 722px\" \/><\/p>\n<p>&nbsp;<\/p>\n<p>&nbsp;<\/p>\n","protected":false},"excerpt":{"rendered":"<p>P\u0159\u00ed\u0161t\u00ed t\u00fdden nav\u0161t\u00edv\u00ed hlavn\u00ed m\u011bsta t\u0159\u00ed balk\u00e1nsk\u00fdch st\u00e1t\u016f nov\u00fd zvl\u00e1\u0161tn\u00ed vyslanec USA jmenovan\u00fd \u0161\u00e9fem ministerstva&#8230;<\/p>\n","protected":false},"author":2,"featured_media":26101,"comment_status":"closed","ping_status":"closed","sticky":false,"template":"","format":"standard","meta":[],"categories":[7],"tags":[2936,63,28,553,37],"_links":{"self":[{"href":"https:\/\/www.infokuryr.cz\/n\/wp-json\/wp\/v2\/posts\/26100"}],"collection":[{"href":"https:\/\/www.infokuryr.cz\/n\/wp-json\/wp\/v2\/posts"}],"about":[{"href":"https:\/\/www.infokuryr.cz\/n\/wp-json\/wp\/v2\/types\/post"}],"author":[{"embeddable":true,"href":"https:\/\/www.infokuryr.cz\/n\/wp-json\/wp\/v2\/users\/2"}],"replies":[{"embeddable":true,"href":"https:\/\/www.infokuryr.cz\/n\/wp-json\/wp\/v2\/comments?post=26100"}],"version-history":[{"count":0,"href":"https:\/\/www.infokuryr.cz\/n\/wp-json\/wp\/v2\/posts\/26100\/revisions"}],"wp:featuredmedia":[{"embeddable":true,"href":"https:\/\/www.infokuryr.cz\/n\/wp-json\/wp\/v2\/media\/26101"}],"wp:attachment":[{"href":"https:\/\/www.infokuryr.cz\/n\/wp-json\/wp\/v2\/media?parent=26100"}],"wp:term":[{"taxonomy":"category","embeddable":true,"href":"https:\/\/www.infokuryr.cz\/n\/wp-json\/wp\/v2\/categories?post=26100"},{"taxonomy":"post_tag","embeddable":true,"href":"https:\/\/www.infokuryr.cz\/n\/wp-json\/wp\/v2\/tags?post=26100"}],"curies":[{"name":"wp","href":"https:\/\/api.w.org\/{rel}","templated":true}]}}