{"id":2609,"date":"2021-06-18T05:02:25","date_gmt":"2021-06-18T03:02:25","guid":{"rendered":"http:\/\/www.infokuryr.cz\/n\/?p=2609"},"modified":"2021-06-18T05:02:25","modified_gmt":"2021-06-18T03:02:25","slug":"lidri-volebniho-uskupeni-trikolora-svobodni-soukromnici-odstartovali-kampan-jejim-symbolem-se-stalo-pirko-v-narodnich-barvach","status":"publish","type":"post","link":"https:\/\/www.infokuryr.cz\/n\/2021\/06\/18\/lidri-volebniho-uskupeni-trikolora-svobodni-soukromnici-odstartovali-kampan-jejim-symbolem-se-stalo-pirko-v-narodnich-barvach\/","title":{"rendered":"L\u00edd\u0159i volebn\u00edho uskupen\u00ed Trikolora Svobodn\u00ed Soukromn\u00edci odstartovali kampa\u0148. Jej\u00edm symbolem se stalo p\u00edrko v\u00a0n\u00e1rodn\u00edch barv\u00e1ch"},"content":{"rendered":"<div id=\"fb-root\"><\/div>\n<p>Praha, 17. \u010dervna 2021 \u2013<strong> Volebn\u00ed uskupen\u00ed \u201eTrikolora Svobodn\u00ed Soukromn\u00edci\u201c odstartovalo ve \u010dtvrtek svou p\u0159edvolebn\u00ed kampa\u0148. <\/strong><strong>\u00a0<\/strong><strong>V\u00a0nov\u011b otev\u0159en\u00e9m \u201cMuzeu slivovice Praha\u201d firmy R. JEL\u00cdNEK na Mal\u00e9 Stran\u011b,\u00a0se\u00a0ve\u0159ejnosti\u00a0p\u0159edstavili nejen jednotliv\u00ed l\u00edd\u0159i krajsk\u00fdch kandid\u00e1tek,\u00a0ale tak\u00e9 symbol kampan\u011b.<\/strong><strong> T\u00edm se stalo p\u00edrko v\u00a0n\u00e1rodn\u00edch barv\u00e1ch, kter\u00e9 m\u00e1 symbolizovat svobodu a volnost. P\u00edrko je nav\u00edc spojeno se \u0161t\u011bst\u00edm, l\u00e9\u010den\u00edm a tak\u00e9 se o n\u011bm traduje, \u017ee um\u00ed chr\u00e1nit. <\/strong><\/p>\n<p><em>\u201eV\u0161ichni ob\u010dan\u00e9 na\u0161\u00ed zem\u011b maj\u00ed pr\u00e1vo \u017e\u00edt ve svobodn\u00e9 a prosperuj\u00edc\u00ed zemi. K\u00a0tomu v\u0161ak vede jedin\u00e1 cesta &#8211; vr\u00e1tit lidem norm\u00e1ln\u00ed sv\u011bt bez zbyte\u010dn\u00fdch omezen\u00ed, zastavit rozkr\u00e1d\u00e1n\u00ed na\u0161\u00ed zem\u011b a zadlu\u017eov\u00e1n\u00ed p\u0159\u00ed\u0161t\u00edch generac\u00ed, uh\u00e1jit svobodu, ale i z\u00e1klady pr\u00e1vn\u00edho st\u00e1tu, kter\u00e9 se v\u00a0posledn\u00edch m\u011bs\u00edc\u00edch tak\u0159ka zhroutily. Lid\u00e9 maj\u00ed pr\u00e1vo na sv\u016fj norm\u00e1ln\u00ed a svobodn\u00fd \u017eivot a st\u00e1t tu nen\u00ed od toho, aby jim toto pr\u00e1vo bral. Proto se \u00fast\u0159edn\u00edm heslem na\u0161\u00ed kampan\u011b stalo \u201epr\u00e1vo \u017e\u00edt\u201c a za symbol jsme si zvolili p\u00edrko v\u00a0n\u00e1rodn\u00edch barv\u00e1ch jako v\u00fdraz \u00facty ke svobod\u011b a jej\u00ed ochrany,\u201c <\/em>uvedla <strong>poslankyn\u011b a p\u0159edsedkyn\u011b hnut\u00ed Trikolora Zuzana Majerov\u00e1 Zahradn\u00edkov\u00e1. <\/strong><\/p>\n<p>P\u0159edsedkyn\u011b hnut\u00ed Trikolora <strong>Zuzana Majerov\u00e1 Zahradn\u00edkov\u00e1<\/strong>, p\u0159edseda Svobodn\u00fdch <strong>Libor Vondr\u00e1\u010dek<\/strong> a p\u0159edseda Soukromn\u00edk\u016f<strong> Petr Bajer<\/strong> takt\u00e9\u017e p\u0159edstavili spole\u010dn\u00fd program, se kter\u00fdm cht\u011bj\u00ed oslovit voli\u010de. Mezi hlavn\u00ed programov\u00e9 pil\u00ed\u0159e pat\u0159\u00ed n\u00e1prava \u0161kod zp\u016fsoben\u00fdch vl\u00e1dnou, odstartov\u00e1n\u00ed antibyrokratick\u00e9 revoluce, prosazen\u00ed modelu \u0161t\u00edhl\u00e9ho a efektivn\u00edho st\u00e1tu s\u00a0trvale n\u00edzk\u00fdmi dan\u011bmi, co nejrychlej\u0161\u00ed sn\u00ed\u017een\u00ed role st\u00e1tu v\u010detn\u011b razantn\u00edch \u00faspor v\u00a0r\u00e1mci st\u00e1tn\u00edho apar\u00e1tu. Z\u00e1rove\u0148 <strong>\u201eTrikolora Svobodn\u00ed Soukromn\u00edci\u201c <\/strong>chce prosadit nad\u0159azenost \u010desk\u00e9ho pr\u00e1va nad evropsk\u00fdm a \u00fastavn\u011b zakotvit zachov\u00e1n\u00ed \u010desk\u00e9 koruny i platby v\u00a0hotovosti. Kompletn\u00ed program je k\u00a0dispozici na <a href=\"http:\/\/www.pravozit.cz\">www.pravozit.cz<\/a>.<\/p>\n<p><em>\u201eZ\u016fstali jsme tak\u0159ka jedin\u00ed, kte\u0159\u00ed se neboj\u00ed nahlas h\u00e1jit svobodu, nedotknutelnost soukrom\u00e9ho majetku, na\u0161i n\u00e1rodn\u00ed suverenitu, ale z\u00e1rove\u0148 nab\u00edzet skute\u010dn\u00e1 \u0159e\u0161en\u00ed ka\u017edodenn\u00edch probl\u00e9m\u016f ob\u010dan\u016f na\u0161\u00ed zem\u011b. C\u00edt\u00edme velkou podporu lid\u00ed nap\u0159\u00ed\u010d generacemi. V\u011b\u0159\u00edme, \u017ee p\u011btiprocentn\u00ed hranici hlas\u016f s\u00a0p\u0159ehledem p\u0159ekon\u00e1me, na\u0161\u00edm c\u00edlem je v\u0161ak dvojcifern\u00e9 \u010d\u00edslo,\u201c <\/em><strong>uvedla <\/strong><strong>poslankyn\u011b<\/strong> <strong>Zuzana Majerov\u00e1 Zahradn\u00edkov\u00e1, p\u0159edsedkyn\u011b hnut\u00ed Trikolora. <\/strong><\/p>\n<p><em>\u201ePo t\u011bchto volb\u00e1ch mus\u00ed b\u00fdt ve sn\u011bmovn\u011b siln\u011b zastoupen hlas t\u011bch, kte\u0159\u00ed si v\u00e1\u017e\u00ed sv\u00fdch osobn\u00edch pr\u00e1v \u00a0\u00a0\u00a0\u00a0\u00a0\u00a0\u00a0\u00a0\u00a0\u00a0\u00a0\u00a0\u00a0\u00a0\u00a0a svobod. Nikdo z n\u00e1s si nechce ani p\u0159edstavit, jak \u0161patn\u011b by to mohlo dopadnout, kdyby pod \u010darou z\u016fstalo v\u00fdznamn\u00e9 mno\u017estv\u00ed hlas\u016f lid\u00ed, kte\u0159\u00ed stoj\u00ed o v\u011bt\u0161\u00ed nez\u00e1vislost na politic\u00edch u n\u00e1s i v\u00a0Bruselu. Pokl\u00e1d\u00e1me za d\u016fle\u017eit\u00e9, abychom prosadili nad\u0159azenost \u010desk\u00e9ho pr\u00e1va nad unijn\u00edm a c\u00edlen\u011b se za\u010dali p\u0159ipravovat na Evropu bez Evropsk\u00e9 unie. I proto mimo jin\u00e9 prosazujeme \u00fastavn\u00ed zakotven\u00ed pr\u00e1va platit \u010deskou korunou,\u201c<\/em> <strong>doplnil p\u0159edseda Svobodn\u00fdch, Libor Vondr\u00e1\u010dek<\/strong>.<\/p>\n<p><em>\u201eDostaneme-li d\u016fv\u011bru voli\u010d\u016f, odstartujeme antibyrokratickou revoluci, zru\u0161\u00edme v\u0161echny nepot\u0159ebn\u00e9 p\u0159edpisy a regulace, zredukujeme st\u00e1tn\u00ed apar\u00e1t minim\u00e1ln\u011b o 30 % a zajist\u00edme nejen pro \u017eivnostn\u00edky \u00a0\u00a0\u00a0\u00a0\u00a0\u00a0\u00a0\u00a0\u00a0\u00a0\u00a0\u00a0\u00a0\u00a0\u00a0\u00a0\u00a0\u00a0\u00a0\u00a0a podnikatele stabiln\u00ed pr\u00e1vn\u00ed prost\u0159ed\u00ed, ve kter\u00e9m budou cht\u00edt svobodn\u011b a dlouhodob\u011b pracovat \u00a0\u00a0\u00a0\u00a0\u00a0\u00a0\u00a0\u00a0\u00a0\u00a0\u00a0\u00a0\u00a0\u00a0\u00a0\u00a0\u00a0\u00a0\u00a0\u00a0\u00a0\u00a0\u00a0\u00a0\u00a0\u00a0\u00a0\u00a0a vytv\u00e1\u0159et hodnoty. Obnovu \u010desk\u00e9 ekonomiky chceme op\u0159\u00edt pr\u00e1v\u011b o hou\u017eevnatost \u010desk\u00fdch, moravsk\u00fdch a slezsk\u00fdch podnikatel\u016f a odstranit diskriminaci \u017eivnostn\u00edk\u016f v\u016f\u010di fabrik\u00e1m a nadn\u00e1rodn\u00edm \u0159et\u011bzc\u016fm. Postar\u00e1me se o rozvoj venkova, zem\u011bd\u011blstv\u00ed i mal\u00e9ho rodinn\u00e9ho podnik\u00e1n\u00ed. Jsme toti\u017e jedinou skute\u010dnou politickou sebeobranou v\u0161ech, kte\u0159\u00ed v\u00a0na\u0161\u00ed zemi vytv\u00e1\u0159\u00ed hodnoty a pracovn\u00ed m\u00edsta,\u201c<\/em> <strong>dodal<\/strong> <strong>Petr Bajer, p\u0159edseda Soukromn\u00edk\u016f<\/strong>.<\/p>\n<p>Sou\u010d\u00e1st\u00ed zah\u00e1jen\u00ed kampan\u011b byl tak\u00e9 slavnostn\u00ed akt, v\u00a0r\u00e1mci kter\u00e9ho se ka\u017ed\u00fd l\u00eddr vlastnoru\u010dn\u011b podepsal na velk\u00e9 map\u011b \u010cesk\u00e9 republiky jako stvrzen\u00ed \u201esmlouvy s\u00a0voli\u010dem\u201c, \u017ee budou za v\u0161ech okolnost\u00ed v\u00a0Poslaneck\u00e9 sn\u011bmovn\u011b prosazovat p\u0159edstaven\u00fd program uskupen\u00ed Trikolora Svobodn\u00ed Soukromn\u00edci. L\u00edd\u0159i pak spole\u010dn\u011b vypustili 14 b\u00edl\u00fdch holubic, kter\u00e9 maj\u00ed symbolizovat nejen start kampan\u011b ve v\u0161ech koutech \u010cesk\u00e9 republiky, ale tak\u00e9 p\u0159ed\u00e1n\u00ed cenzurou nezkreslen\u00e9ho poselstv\u00ed o programu a kandid\u00e1tech uskupen\u00ed Trikolora Svobodn\u00ed Soukromn\u00edci.<\/p>\n<p>&nbsp;<\/p>\n<p>P\u0159edstavujeme v\u00e1m jm\u00e9na krajsk\u00fdch l\u00eddr\u016f, kte\u0159\u00ed potvrdili svoje odhodl\u00e1n\u00ed h\u00e1jit z\u00e1jmy strany \u201eTrikolora Svobodn\u00ed Soukromn\u00edci\u201c v\u00a0Poslaneck\u00e9 sn\u011bmovn\u011b:<\/p>\n<ul>\n<li><strong>Olomouck\u00fd kraj &#8211;<\/strong> <strong>Zuzana Majerov\u00e1 Zahradn\u00edkov\u00e1<\/strong>, poslankyn\u011b, p\u0159edsedkyn\u011b hnut\u00ed Trikolora<\/li>\n<li><strong>Jiho\u010desk\u00fd kraj \u2013 Mgr. Libor Vondr\u00e1\u010dek<\/strong>, pr\u00e1vn\u00edk, p\u0159edseda Svobodn\u00fdch<\/li>\n<li><strong>Pardubick\u00fd kraj \u2013 Petr Bajer<\/strong>, podnikatel, p\u0159edseda Strany soukromn\u00edk\u016f \u010cR<\/li>\n<li><strong>St\u0159edo\u010desk\u00fd kraj &#8211; Nat\u00e1lie Vachatov\u00e1<\/strong>, soudn\u00ed tlumo\u010dnice, podnikatelka, kou\u010d<\/li>\n<li><strong>Praha &#8211; Radomil B\u00e1bek<\/strong>, podnikatel, p\u0159edseda Podnikatelsk\u00fdch odbor\u016f<\/li>\n<li><strong>\u00dasteck\u00fd <\/strong><strong>kraj<\/strong><strong> &#8211; Mgr. Tereza Hy\u0165hov\u00e1<\/strong>, poslankyn\u011b, u\u010ditelka<\/li>\n<li><strong>Kr\u00e1lov\u00e9hradeck\u00fd kraj &#8211; MUDr. Miroslav Havrda<\/strong>, l\u00e9ka\u0159, majitel soukrom\u00e9 kliniky, zakladatel \u010cesk\u00e9 podiatrick\u00e9 spole\u010dnosti, m\u00edstop\u0159edseda Svobodn\u00fdch<\/li>\n<li><strong>Vyso\u010dina &#8211; Jan Tesa\u0159 \u2013 <\/strong>podnikatel, m\u00edstop\u0159edseda hnut\u00ed Trikolora<\/li>\n<li><strong>Zl\u00ednsk\u00fd kraj \u2013 Libor Luk\u00e1\u0161<\/strong>, mana\u017eer, podnikatel, emeritn\u00ed hejtman Zl\u00ednsk\u00e9ho kraje<\/li>\n<li><strong>Karlovarsk\u00fd kraj &#8211; PhDr. Marcel Ku\u010dera,<\/strong> hlasov\u00fd pedagog a kou\u010d pro person\u00e1ln\u00ed r\u016fst<\/li>\n<li><strong>Libereck\u00fd kraj &#8211; RNDr. Otto Jarol\u00edmek, CSc.<\/strong>, vysoko\u0161kolsk\u00fd pedagog a podnikatel<\/li>\n<li><strong>Moravskoslezsk\u00fd kraj &#8211; doc. Mgr. Tom\u00e1\u0161 Jarmara, PhD.<\/strong>, vysoko\u0161kolsk\u00fd u\u010ditel, b\u00fdval\u00fd d\u011bkan Pedagogick\u00e9 fakulty Ostravsk\u00e9 univerzity<\/li>\n<li><strong>Plze\u0148sk\u00fd kraj &#8211; Jan Do\u010dekal<\/strong>, mana\u017eer, podnikatel, m\u00edstop\u0159edseda Svobodn\u00fdch<\/li>\n<li><strong>Jihomoravsk\u00fd kraj &#8211; Mgr. et Mgr. David Han\u00e1k, MBA, <\/strong>obchodn\u00ed mana\u017eer<\/li>\n<\/ul>\n<p><em>Foto: Olomouck\u00fd kraj &#8211; Zuzana Majerov\u00e1 Zahradn\u00edkov\u00e1, poslankyn\u011b, p\u0159edsedkyn\u011b hnut\u00ed Trikolora<\/em><\/p>\n<p><img decoding=\"async\" loading=\"lazy\" class=\"alignnone size-full wp-image-1185\" src=\"http:\/\/www.infokuryr.cz\/n\/wp-content\/uploads\/2021\/04\/kuryr-podpis.png\" alt=\"\" width=\"84\" height=\"24\" \/><\/p>\n<p>&nbsp;<\/p>\n","protected":false},"excerpt":{"rendered":"<p>Praha, 17. \u010dervna 2021 \u2013 Volebn\u00ed uskupen\u00ed \u201eTrikolora Svobodn\u00ed Soukromn\u00edci\u201c odstartovalo ve \u010dtvrtek svou p\u0159edvolebn\u00ed&#8230;<\/p>\n","protected":false},"author":2,"featured_media":2610,"comment_status":"closed","ping_status":"closed","sticky":false,"template":"","format":"standard","meta":[],"categories":[6],"tags":[466,462,465,653],"_links":{"self":[{"href":"https:\/\/www.infokuryr.cz\/n\/wp-json\/wp\/v2\/posts\/2609"}],"collection":[{"href":"https:\/\/www.infokuryr.cz\/n\/wp-json\/wp\/v2\/posts"}],"about":[{"href":"https:\/\/www.infokuryr.cz\/n\/wp-json\/wp\/v2\/types\/post"}],"author":[{"embeddable":true,"href":"https:\/\/www.infokuryr.cz\/n\/wp-json\/wp\/v2\/users\/2"}],"replies":[{"embeddable":true,"href":"https:\/\/www.infokuryr.cz\/n\/wp-json\/wp\/v2\/comments?post=2609"}],"version-history":[{"count":0,"href":"https:\/\/www.infokuryr.cz\/n\/wp-json\/wp\/v2\/posts\/2609\/revisions"}],"wp:featuredmedia":[{"embeddable":true,"href":"https:\/\/www.infokuryr.cz\/n\/wp-json\/wp\/v2\/media\/2610"}],"wp:attachment":[{"href":"https:\/\/www.infokuryr.cz\/n\/wp-json\/wp\/v2\/media?parent=2609"}],"wp:term":[{"taxonomy":"category","embeddable":true,"href":"https:\/\/www.infokuryr.cz\/n\/wp-json\/wp\/v2\/categories?post=2609"},{"taxonomy":"post_tag","embeddable":true,"href":"https:\/\/www.infokuryr.cz\/n\/wp-json\/wp\/v2\/tags?post=2609"}],"curies":[{"name":"wp","href":"https:\/\/api.w.org\/{rel}","templated":true}]}}