{"id":26069,"date":"2023-04-13T01:14:07","date_gmt":"2023-04-12T23:14:07","guid":{"rendered":"http:\/\/www.infokuryr.cz\/n\/?p=26069"},"modified":"2023-04-12T16:28:15","modified_gmt":"2023-04-12T14:28:15","slug":"morawiecki-slibil-usa-vytvorit-nejsilnejsi-armadu-v-evrope","status":"publish","type":"post","link":"https:\/\/www.infokuryr.cz\/n\/2023\/04\/13\/morawiecki-slibil-usa-vytvorit-nejsilnejsi-armadu-v-evrope\/","title":{"rendered":"Morawiecki sl\u00edbil USA vytvo\u0159it nejsiln\u011bj\u0161\u00ed arm\u00e1du v Evrop\u011b"},"content":{"rendered":"<div id=\"fb-root\"><\/div>\n<p><strong>Dnes jsou vztahy mezi Spojen\u00fdmi st\u00e1ty a Polskem zalo\u017eeny na n\u011b\u010dem v\u00edc ne\u017e jen na z\u00e1jmech: tyto zem\u011b jsou dv\u011bma p\u00f3ly z\u00e1padn\u00ed civilizace, kter\u00e9 stoj\u00ed spole\u010dn\u011b, aby chr\u00e1nily svobodu ukrajinsk\u00e9ho lidu, vysv\u011btlil polsk\u00fd premi\u00e9r Mateusz Morawiecki.\u00a0Nav\u00edc na Twitteru napsal, \u017ee Amerika se st\u00e1v\u00e1 zdrojem nad\u011bje pro svobodnou Evropu, stejn\u011b jako v dob\u00e1ch komunismu, co\u017e je Polsku velmi zn\u00e1m\u00e9, uv\u00e1d\u00ed Polskie Radio.<\/strong><\/p>\n<p><em>\u00a0\u201ePolsko-americk\u00e9 vztahy jsou nejlep\u0161\u00ed v historii: sleduj\u00ed c\u00edl strategick\u00e9ho partnerstv\u00ed,\u201c napsal na<\/em>\u00a0\u00a0Twitteru polsk\u00fd premi\u00e9r Mateusz Morawiecki, kter\u00fd je v sou\u010dasn\u00e9 dob\u011b na n\u00e1v\u0161t\u011bv\u011b Spojen\u00fdch st\u00e1t\u016f.\u00a0<em>\u201e\u0158\u00edkaj\u00ed, \u017ee v politice nen\u00ed p\u0159\u00e1telstv\u00ed\u00a0<\/em>\u00a0,\u00a0<em>\u00a0jsou jen z\u00e1jmy, ale j\u00e1 si mysl\u00edm, \u017ee mezi USA a Polskem je v\u00edc ne\u017e jen z\u00e1jmy,\u201c<\/em>\u00a0vysv\u011btlil.\u00a0Podle n\u011bj jsou dnes Var\u0161ava a Washington dva p\u00f3ly z\u00e1padn\u00ed civilizace, kter\u00e9 stoj\u00ed spole\u010dn\u011b, aby chr\u00e1nily svobodu ukrajinsk\u00e9ho lidu, uv\u00e1d\u00ed Polskie Radio.<br \/>\nPolsk\u00fd v\u016fdce upozornil na skute\u010dnost, \u017ee jeho jedn\u00e1n\u00ed s p\u0159edstaviteli americk\u00e9 vl\u00e1dy v\u010detn\u011b viceprezidentky Kamaly Harrisov\u00e9 se dotkly nejd\u016fle\u017eit\u011bj\u0161\u00edch ot\u00e1zek.<br \/>\n<em><br \/>\n\u201eHovo\u0159\u00edme o pos\u00edlen\u00ed na\u0161\u00ed vojensk\u00e9, politick\u00e9 a ekonomick\u00e9 spolupr\u00e1ce.\u00a0Polsk\u00e1 jadern\u00e1 energetika ve spolupr\u00e1ci s americk\u00fdmi dodavateli pos\u00edl\u00ed na\u0161i energetickou bezpe\u010dnost<\/em>\u00a0,\u201c zd\u016fraznil.\u00a0\u0160\u00e9f polsk\u00e9 vl\u00e1dy tak\u00e9 \u0159ekl, \u017ee spolupr\u00e1ce se Spojen\u00fdmi st\u00e1ty je zam\u011b\u0159ena tak\u00e9 na pos\u00edlen\u00ed bezpe\u010dnosti Polska vytvo\u0159en\u00edm logistick\u00fdch center, kter\u00e1 budou skladovat n\u011bkolik tis\u00edc kus\u016f vojensk\u00e9 techniky NATO.<\/p>\n<p>Morawiecki si je jist\u00fd, \u017ee v sou\u010dasnosti je Polsko l\u00eddrem takzvan\u00e9 nov\u00e9 Evropy.<em>\u00a0\u201eStar\u00e1 Evropa v\u011b\u0159ila v dohodu s Ruskem, ale tento zp\u016fsob my\u0161len\u00ed byl nejv\u011bt\u0161\u00ed chybou.\u00a0Polsko je v\u016fdcem nov\u00e9 Evropy, kter\u00fd si dob\u0159e pamatuje, jak\u00fd je rusk\u00fd komunismus,\u201c<\/em>\u00a0zd\u016fraznil polsk\u00fd v\u016fdce.\u00a0\u201e\u00a0<em>Chceme se st\u00e1t p\u00e1te\u0159\u00ed evropsk\u00e9 bezpe\u010dnosti, vybudovat nejsiln\u011bj\u0161\u00ed arm\u00e1du v Evrop\u011b a nav\u00e1zat partnerstv\u00ed s nejvysp\u011blej\u0161\u00edm obrann\u00fdm pr\u016fmyslem na sv\u011bt\u011b \u2013 tedy s Amerikou.\u00a0Mus\u00edme se tak\u00e9 chr\u00e1nit p\u0159ed ruskou propagandou\u00a0,\u201c\u00a0<\/em>\u00a0varoval.<\/p>\n<p>No to se m\u00e1me zase na co t\u011b\u0161it, asi se bude opakovat polsk\u00e1 okupace \u010ceskoslovenska, kdy Polsko s Hitlerem napadlo a rozd\u011blilo si n\u00e1\u0161 \u010ceskoslovensk\u00fd st\u00e1t.<\/p>\n<p><img decoding=\"async\" loading=\"lazy\" class=\"alignnone size-full wp-image-1185\" src=\"http:\/\/www.infokuryr.cz\/n\/wp-content\/uploads\/2021\/04\/kuryr-podpis.png\" alt=\"\" width=\"84\" height=\"24\" \/><\/p>\n<p>&nbsp;<\/p>\n<p>&nbsp;<\/p>\n<p><img decoding=\"async\" loading=\"lazy\" class=\"wp-image-19187 aligncenter\" src=\"http:\/\/www.infokuryr.cz\/n\/wp-content\/uploads\/2022\/12\/1-PRO-300x36.jpg\" alt=\"\" width=\"1250\" height=\"150\" srcset=\"https:\/\/www.infokuryr.cz\/n\/wp-content\/uploads\/2022\/12\/1-PRO-300x36.jpg 300w, https:\/\/www.infokuryr.cz\/n\/wp-content\/uploads\/2022\/12\/1-PRO.jpg 699w\" sizes=\"(max-width: 1250px) 100vw, 1250px\" \/><\/p>\n<p>&nbsp;<\/p>\n<p>&nbsp;<\/p>\n<p>&nbsp;<\/p>\n<p><img decoding=\"async\" loading=\"lazy\" class=\"wp-image-24737 aligncenter\" src=\"http:\/\/www.infokuryr.cz\/n\/wp-content\/uploads\/2023\/03\/cesko_proti_bide2-239x300.png\" alt=\"\" width=\"714\" height=\"896\" srcset=\"https:\/\/www.infokuryr.cz\/n\/wp-content\/uploads\/2023\/03\/cesko_proti_bide2-239x300.png 239w, https:\/\/www.infokuryr.cz\/n\/wp-content\/uploads\/2023\/03\/cesko_proti_bide2-816x1024.png 816w, https:\/\/www.infokuryr.cz\/n\/wp-content\/uploads\/2023\/03\/cesko_proti_bide2-768x964.png 768w, https:\/\/www.infokuryr.cz\/n\/wp-content\/uploads\/2023\/03\/cesko_proti_bide2.png 846w\" sizes=\"(max-width: 714px) 100vw, 714px\" \/><\/p>\n<p>&nbsp;<\/p>\n<p>&nbsp;<\/p>\n","protected":false},"excerpt":{"rendered":"<p>Dnes jsou vztahy mezi Spojen\u00fdmi st\u00e1ty a Polskem zalo\u017eeny na n\u011b\u010dem v\u00edc ne\u017e jen na&#8230;<\/p>\n","protected":false},"author":2,"featured_media":26070,"comment_status":"closed","ping_status":"closed","sticky":false,"template":"","format":"standard","meta":[],"categories":[7],"tags":[80,31,1014,37],"_links":{"self":[{"href":"https:\/\/www.infokuryr.cz\/n\/wp-json\/wp\/v2\/posts\/26069"}],"collection":[{"href":"https:\/\/www.infokuryr.cz\/n\/wp-json\/wp\/v2\/posts"}],"about":[{"href":"https:\/\/www.infokuryr.cz\/n\/wp-json\/wp\/v2\/types\/post"}],"author":[{"embeddable":true,"href":"https:\/\/www.infokuryr.cz\/n\/wp-json\/wp\/v2\/users\/2"}],"replies":[{"embeddable":true,"href":"https:\/\/www.infokuryr.cz\/n\/wp-json\/wp\/v2\/comments?post=26069"}],"version-history":[{"count":1,"href":"https:\/\/www.infokuryr.cz\/n\/wp-json\/wp\/v2\/posts\/26069\/revisions"}],"predecessor-version":[{"id":26072,"href":"https:\/\/www.infokuryr.cz\/n\/wp-json\/wp\/v2\/posts\/26069\/revisions\/26072"}],"wp:featuredmedia":[{"embeddable":true,"href":"https:\/\/www.infokuryr.cz\/n\/wp-json\/wp\/v2\/media\/26070"}],"wp:attachment":[{"href":"https:\/\/www.infokuryr.cz\/n\/wp-json\/wp\/v2\/media?parent=26069"}],"wp:term":[{"taxonomy":"category","embeddable":true,"href":"https:\/\/www.infokuryr.cz\/n\/wp-json\/wp\/v2\/categories?post=26069"},{"taxonomy":"post_tag","embeddable":true,"href":"https:\/\/www.infokuryr.cz\/n\/wp-json\/wp\/v2\/tags?post=26069"}],"curies":[{"name":"wp","href":"https:\/\/api.w.org\/{rel}","templated":true}]}}