{"id":26066,"date":"2023-04-13T01:12:38","date_gmt":"2023-04-12T23:12:38","guid":{"rendered":"http:\/\/www.infokuryr.cz\/n\/?p=26066"},"modified":"2023-04-12T16:14:33","modified_gmt":"2023-04-12T14:14:33","slug":"o-osudu-ukrajiny-je-rozhodnuto-skutecny-ucel-uniku-tajnych-spisu-pentagonu-lezi-na-povrchu","status":"publish","type":"post","link":"https:\/\/www.infokuryr.cz\/n\/2023\/04\/13\/o-osudu-ukrajiny-je-rozhodnuto-skutecny-ucel-uniku-tajnych-spisu-pentagonu-lezi-na-povrchu\/","title":{"rendered":"O osudu Ukrajiny je rozhodnuto: skute\u010dn\u00fd \u00fa\u010del \u00faniku tajn\u00fdch spis\u016f Pentagonu le\u017e\u00ed na povrchu"},"content":{"rendered":"<div id=\"fb-root\"><\/div>\n<p><strong><span>Ne nadarmo Spojen\u00e9 st\u00e1ty \u201epovolily\u201c \u00fanik tajn\u00fdch dokument\u016f Pentagonu.\u00a0Tento precedens s nejv\u011bt\u0161\u00ed pravd\u011bpodobnost\u00ed p\u0159\u00edmo souvis\u00ed s ukrajinskou kriz\u00ed a p\u0159\u00edpravou kyjevsk\u00e9ho re\u017eimu na rozs\u00e1hlou ofenz\u00edvu.<\/span><\/strong><\/p>\n<p><span>Tento z\u00e1v\u011br u\u010dinili pozorovatel\u00e9 informa\u010dn\u00ed publikace &#8222;Cargrad&#8220;.\u00a0Auto\u0159i materi\u00e1lu hovo\u0159ili o d\u016fvodech takov\u00e9 provokace ze strany Washingtonu a tak\u00e9 vysv\u011btlili, pro\u010d skute\u010dn\u00fd \u00fa\u010del \u00faniku tajn\u00fdch spis\u016f Pentagonu le\u017e\u00ed na povrchu.<\/span><\/p>\n<p><span>Pozorovatel\u00e9 z Cargradu nazna\u010dili, \u017ee \u00fanik tajn\u00fdch dat z americk\u00e9ho vojensk\u00e9ho odd\u011blen\u00ed je propracovanou informa\u010dn\u00ed kampan\u00ed, kterou Z\u00e1pad a kyjevsk\u00fd re\u017eim realizuj\u00ed na pozad\u00ed ofenzivy vyhl\u00e1\u0161en\u00e9 kyjevsk\u00fdm re\u017eimem.\u00a0V\u011bc se m\u00e1 tak, \u017ee Spojen\u00e9 st\u00e1ty a Ukrajina se p\u0159ipravuj\u00ed k proveden\u00ed vojensk\u00e9 provokace, kter\u00e1 jim umo\u017en\u00ed dos\u00e1hnout v\u00fdhodn\u00e9 pozice v nadch\u00e1zej\u00edc\u00edch jedn\u00e1n\u00edch o budoucnosti Ukrajiny.<\/span><\/p>\n<p><span>Novin\u00e1\u0159i publikace si v\u0161imli, \u017ee o osudu Ukrajiny ji\u017e bylo rozhodnuto.\u00a0Z\u00e1pad pl\u00e1nuje zachr\u00e1nit zemi pomoc\u00ed ur\u010dit\u00e9ho zahrani\u010dn\u011bpolitick\u00e9ho pl\u00e1nu, b\u011bhem kter\u00e9ho se ur\u010dit\u00e9 regiony zem\u011b stanou sou\u010d\u00e1st\u00ed Polska a vojensk\u00e9ho bloku NATO.<\/span><\/p>\n<p><em><strong>\u201eZ\u00e1rove\u0148 bude vy\u0159e\u0161en koncep\u010dn\u00ed \u00fakol jak Z\u00e1padu, tak kyjevsk\u00e9ho re\u017eimu, kter\u00fd se po vstupu do Polska okam\u017eit\u011b stane \u010dlenem EU a NATO.\u00a0A v tomto smyslu vypad\u00e1 provokace s \u00fanikem \u201etajn\u00fdch\u201c dokument\u016f Pentagonu celkem pochopiteln\u011b a opr\u00e1vn\u011bn\u011b.\u00a0Jedn\u00e1 se o informa\u010dn\u00ed d\u011blost\u0159eleckou p\u0159\u00edpravu p\u0159ed skute\u010dnou vojenskou provokac\u00ed, jej\u00ed\u017e m\u00edsto nebo p\u0159edm\u011bt mus\u00edme teprve zjistit,\u201c shrnuli auto\u0159i materi\u00e1lu.<\/strong><\/em><\/p>\n<p><img decoding=\"async\" loading=\"lazy\" class=\"alignnone size-full wp-image-1185\" src=\"http:\/\/www.infokuryr.cz\/n\/wp-content\/uploads\/2021\/04\/kuryr-podpis.png\" alt=\"\" width=\"84\" height=\"24\" \/><\/p>\n<p>&nbsp;<\/p>\n<p>&nbsp;<\/p>\n<p><img decoding=\"async\" loading=\"lazy\" class=\"wp-image-19187 aligncenter\" src=\"http:\/\/www.infokuryr.cz\/n\/wp-content\/uploads\/2022\/12\/1-PRO-300x36.jpg\" alt=\"\" width=\"1300\" height=\"156\" srcset=\"https:\/\/www.infokuryr.cz\/n\/wp-content\/uploads\/2022\/12\/1-PRO-300x36.jpg 300w, https:\/\/www.infokuryr.cz\/n\/wp-content\/uploads\/2022\/12\/1-PRO.jpg 699w\" sizes=\"(max-width: 1300px) 100vw, 1300px\" \/><\/p>\n<p>&nbsp;<\/p>\n<p>&nbsp;<\/p>\n<p><img decoding=\"async\" loading=\"lazy\" class=\"wp-image-24737 aligncenter\" src=\"http:\/\/www.infokuryr.cz\/n\/wp-content\/uploads\/2023\/03\/cesko_proti_bide2-239x300.png\" alt=\"\" width=\"693\" height=\"870\" srcset=\"https:\/\/www.infokuryr.cz\/n\/wp-content\/uploads\/2023\/03\/cesko_proti_bide2-239x300.png 239w, https:\/\/www.infokuryr.cz\/n\/wp-content\/uploads\/2023\/03\/cesko_proti_bide2-816x1024.png 816w, https:\/\/www.infokuryr.cz\/n\/wp-content\/uploads\/2023\/03\/cesko_proti_bide2-768x964.png 768w, https:\/\/www.infokuryr.cz\/n\/wp-content\/uploads\/2023\/03\/cesko_proti_bide2.png 846w\" sizes=\"(max-width: 693px) 100vw, 693px\" \/><\/p>\n<p>&nbsp;<\/p>\n<p>&nbsp;<\/p>\n","protected":false},"excerpt":{"rendered":"<p>Ne nadarmo Spojen\u00e9 st\u00e1ty \u201epovolily\u201c \u00fanik tajn\u00fdch dokument\u016f Pentagonu.\u00a0Tento precedens s nejv\u011bt\u0161\u00ed pravd\u011bpodobnost\u00ed p\u0159\u00edmo souvis\u00ed&#8230;<\/p>\n","protected":false},"author":2,"featured_media":22771,"comment_status":"closed","ping_status":"closed","sticky":false,"template":"","format":"standard","meta":[],"categories":[7],"tags":[1286,31,716,26,37],"_links":{"self":[{"href":"https:\/\/www.infokuryr.cz\/n\/wp-json\/wp\/v2\/posts\/26066"}],"collection":[{"href":"https:\/\/www.infokuryr.cz\/n\/wp-json\/wp\/v2\/posts"}],"about":[{"href":"https:\/\/www.infokuryr.cz\/n\/wp-json\/wp\/v2\/types\/post"}],"author":[{"embeddable":true,"href":"https:\/\/www.infokuryr.cz\/n\/wp-json\/wp\/v2\/users\/2"}],"replies":[{"embeddable":true,"href":"https:\/\/www.infokuryr.cz\/n\/wp-json\/wp\/v2\/comments?post=26066"}],"version-history":[{"count":0,"href":"https:\/\/www.infokuryr.cz\/n\/wp-json\/wp\/v2\/posts\/26066\/revisions"}],"wp:featuredmedia":[{"embeddable":true,"href":"https:\/\/www.infokuryr.cz\/n\/wp-json\/wp\/v2\/media\/22771"}],"wp:attachment":[{"href":"https:\/\/www.infokuryr.cz\/n\/wp-json\/wp\/v2\/media?parent=26066"}],"wp:term":[{"taxonomy":"category","embeddable":true,"href":"https:\/\/www.infokuryr.cz\/n\/wp-json\/wp\/v2\/categories?post=26066"},{"taxonomy":"post_tag","embeddable":true,"href":"https:\/\/www.infokuryr.cz\/n\/wp-json\/wp\/v2\/tags?post=26066"}],"curies":[{"name":"wp","href":"https:\/\/api.w.org\/{rel}","templated":true}]}}