{"id":25998,"date":"2023-04-12T01:01:01","date_gmt":"2023-04-11T23:01:01","guid":{"rendered":"http:\/\/www.infokuryr.cz\/n\/?p=25998"},"modified":"2023-04-11T16:24:59","modified_gmt":"2023-04-11T14:24:59","slug":"nedelnik-adama-b-bartose-129-az-zazni-z-usa-bijte-uz-rusa","status":"publish","type":"post","link":"https:\/\/www.infokuryr.cz\/n\/2023\/04\/12\/nedelnik-adama-b-bartose-129-az-zazni-z-usa-bijte-uz-rusa\/","title":{"rendered":"NED\u011aLN\u00cdK ADAMA B. BARTO\u0160E (129) A\u017d ZAZN\u00cd Z USA, BIJTE U\u017d RUSA"},"content":{"rendered":"<div id=\"fb-root\"><\/div>\n<p>P\u011bkn\u00fd sv\u00e1te\u010dn\u00ed ned\u011bln\u00edk, vlastn\u011b pond\u011bln\u00edk. Slun\u00ed\u010dko n\u00e1m kr\u00e1sn\u011b sv\u00edt\u00ed, jaro von\u00ed, pu\u010d\u00ed, bzu\u010d\u00ed, prozp\u011bvuje a cvrlik\u00e1. Takov\u00e1 kr\u00e1sa na tom sv\u011bt\u011b, cht\u011blo by se \u0159\u00edci. \u010clov\u011bku kaz\u00ed radost jen to pomy\u0161len\u00ed na v\u00e1lku.<span id=\"more-13535\"><\/span><\/p>\n<p>Ty jsi ale \u0161karohl\u00edd, mohl by n\u011bkdo nam\u00edtnout. Nestra\u0161 v\u00e1lkou. Nep\u0159ivol\u00e1vej ji. Tak hork\u00e9 to nebude. Jak r\u00e1di sly\u0161\u00edme tato slova\u2026<\/p>\n<p>Ob\u010das na to t\u00e9ma s n\u011bkter\u00fdm zn\u00e1m\u00fdm zavedu \u0159e\u010d. Pokud trochu vid\u00ed do vojenstv\u00ed nebo do st\u00e1tn\u00ed spr\u00e1vy, nam\u00edtne mi, \u017ee st\u00e1t je na tom tak \u0161patn\u011b, \u017ee by to stejn\u011b nedovedl zorganizovat \u2013 my\u0161leno mobilizaci. Pokud je to pr\u00e1vn\u00edk, tvrd\u00ed, \u017ee m\u00e9 obavy jsou neopodstatn\u011bn\u00e9, \u017ee se mus\u00ed postupovat podle pr\u00e1va apod. Ale co kdy\u017e se oba m\u00fdl\u00ed? Mobilizace m\u016f\u017ee b\u00fdt chaotick\u00e1, ale to neznamen\u00e1, \u017ee se o ni st\u00e1t nepokus\u00ed. Ono mu ani nic jin\u00e9ho nezbyde \u2013 pokud bude vyhl\u00e1\u0161en v\u00e1le\u010dn\u00fd stav, za\u010d\u00ednaj\u00ed platit \u00fapln\u011b jin\u00e9 z\u00e1kony, nastupuje v\u00e1le\u010dn\u00e9 hospod\u00e1\u0159stv\u00ed, jsou omezena lidsk\u00e1 pr\u00e1va a svobody, najednou jsme jako m\u00e1vnut\u00edm kouzeln\u00e9ho proutku v jin\u00e9m sv\u011bt\u011b a jede se podle jin\u00fdch pravidel.<\/p>\n<p>A jsme i u toho pr\u00e1va \u2013 krom\u011b toho, \u017ee v dob\u011b m\u00edru plat\u00ed jin\u00e9 z\u00e1kony, ne\u017e v dob\u011b v\u00e1le\u010dn\u00e9, plat\u00ed tak\u00e9 to, \u017ee v dob\u011b v\u00e1le\u010dn\u00e9 lze rychlost\u00ed blesku st\u00e1vaj\u00edc\u00ed z\u00e1kony upravovat novelami a m\u011bnit jejich zn\u011bn\u00ed. To, co dnes plat\u00ed, z\u00edtra platit nebude. Skoro ani nem\u00e1 smysl se zde bavit o slov\u00ed\u010dk\u00e1ch, proto\u017ee v\u0161e bude jinak. Dokonce vid\u00edme, \u017ee z\u00e1sadn\u00ed zm\u011bny lze prov\u00e9st v nouzov\u00e9m re\u017eimu i v dob\u011b m\u00edru \u2013 jak jsme vid\u011bli na p\u0159\u00edpadech okraden\u00ed d\u016fchodc\u016f. To u\u017e ani nemluv\u011b o tom, \u017ee se pr\u00e1vo oh\u00fdb\u00e1, jak se vl\u00e1dnouc\u00edm \u010dinitel\u016fm hod\u00ed, \u017ee pr\u00e1vo plat\u00ed jen pro n\u011bkoho a pro jin\u00e9ho ne, \u017ee pr\u00e1vo nen\u00ed vymahateln\u00e9 a v\u0161echny ty podobn\u00e9 n\u00e1\u0159ky, kter\u00e9 tu sl\u00fdch\u00e1me u\u017e od listopadu \u00b489. Za v\u00e1le\u010dn\u00e9ho pr\u00e1va to bude to sam\u00e9, jen je\u0161t\u011b hor\u0161\u00ed \u2013 nebude odvol\u00e1n\u00ed.<\/p>\n<p><img decoding=\"async\" loading=\"lazy\" class=\"wp-image-24737 alignright\" src=\"http:\/\/www.infokuryr.cz\/n\/wp-content\/uploads\/2023\/03\/cesko_proti_bide2-239x300.png\" alt=\"\" width=\"619\" height=\"777\" srcset=\"https:\/\/www.infokuryr.cz\/n\/wp-content\/uploads\/2023\/03\/cesko_proti_bide2-239x300.png 239w, https:\/\/www.infokuryr.cz\/n\/wp-content\/uploads\/2023\/03\/cesko_proti_bide2-816x1024.png 816w, https:\/\/www.infokuryr.cz\/n\/wp-content\/uploads\/2023\/03\/cesko_proti_bide2-768x964.png 768w, https:\/\/www.infokuryr.cz\/n\/wp-content\/uploads\/2023\/03\/cesko_proti_bide2.png 846w\" sizes=\"(max-width: 619px) 100vw, 619px\" \/><\/p>\n<p>Prvn\u00edho dubna jsem dostal do mailu zpr\u00e1vu. Nadeps\u00e1na byla \u201eaktu\u00e1ln\u00ed info od krizov\u00fdch pracovn\u00edk\u016f obc\u00ed\u201c a zn\u011bla takto: \u201earm\u00e1da poslala na radnice m\u011bst po\u017eadavek, aby p\u0159ipravili m\u00edstnosti pro mobilizaci. S t\u00edm, \u017ee si osobn\u011b p\u0159ijdou ji\u017e p\u0159\u00ed\u0161t\u00ed t\u00fdden zkontrolovat p\u0159ipravenost t\u011bchto m\u00edstnost\u00ed. Na ot\u00e1zku, jak \u010dasto v minulosti arm\u00e1da kladla podobn\u00e9 po\u017eadavky, mi bylo odpov\u011bzeno \u2013 dosud nikdy, toto je poprv\u00e9!\u201c No, co v\u00e1m budu pov\u00eddat. V dne\u0161n\u00edm sv\u011bt\u011b hoax\u016f, dezinformac\u00ed a l\u017eiv\u00e9 propagandy u\u017e nev\u00edte, \u010demu m\u00e1te v\u011b\u0159it, nav\u00edc jsem si \u0159\u00edkal, zda to nen\u00ed apr\u00edl.<\/p>\n<p>P\u00e1r dn\u00ed na to jsem se chystal na p\u0159edn\u00e1\u0161ku Ale\u0161e P\u0159ichystala, autora knih P\u0159e\u017e\u00edt nebo zem\u0159\u00edt 1 a 2. Bylo to v Kladn\u011b, ale to nen\u00ed podstatn\u00e9 \u2013 on takov\u00e9 p\u0159edn\u00e1\u0161ky d\u011bl\u00e1 \u010dasto a na r\u016fzn\u00fdch m\u00edstech republiky a p\u0159edn\u00e1\u0161\u00ed nejen pro na\u0161ince (tedy lidi z alternativy, kte\u0159\u00ed cht\u011bj\u00ed v\u011bd\u011bt a cht\u011bj\u00ed b\u00fdt p\u0159ipraveni), ale i pro krizov\u00e9 pracovn\u00edky obc\u00ed, pro starosty apod. Zn\u00e1m jeho knihy, jsou v\u00fdborn\u00e9, ale cht\u011bl jsem ho sly\u0161et i na\u017eivo a hlavn\u011b vid\u011bt, jak\u00e9 publikum si ho chod\u00ed vyslechnout. Chystal jsem se mu v p\u0159\u00edpadn\u00e9 diskuzi polo\u017eit dotaz, zda by mi mohl mail, kter\u00fd jsem citoval v\u00fd\u0161e, potvrdit. Zda se s t\u00edm setkal, zda o tom v\u00ed, kdy\u017e se s t\u011bmi krizov\u00fdmi pracovn\u00edky pom\u011brn\u011b \u010dasto st\u00fdk\u00e1.<\/p>\n<p>K m\u00e9mu p\u0159ekvapen\u00ed nakonec tuto \u201eaktualitku\u201c zm\u00ednil ve sv\u00e9m vystoupen\u00ed on s\u00e1m. \u017de m\u00e1 informaci z ter\u00e9nu p\u0159esn\u011b tohoto zn\u011bn\u00ed. Hm, na tom n\u011bco bude, \u0159ekl jsem si. Nemus\u00ed to nic znamenat, ale tak\u00e9 to m\u016f\u017ee znamenat mnoho. D\u011blaj\u00ed se p\u0159\u00edpravn\u00e1 opat\u0159en\u00ed, kdyby? Bylo by to jen logick\u00e9. Pokud o mobilizaci mluv\u00ed n\u00e1\u010deln\u00edk gener\u00e1ln\u00edho \u0161t\u00e1bu jako o jasn\u00e9 v\u011bci v p\u0159\u00edpad\u011b v\u00e1le\u010dn\u00e9ho stavu, nejsp\u00ed\u0161e i v dob\u011b m\u00edru, ve kter\u00e9m se st\u00e1le je\u0161t\u011b nach\u00e1z\u00edme, prob\u00edhaj\u00ed r\u016fzn\u00e9 zkou\u0161ky, testy, mo\u017en\u00e1 i takov\u00e9, jak\u00e9 neprob\u00edhaly l\u00e9ta. Sir\u00e9ny se zkou\u0161\u00ed ka\u017ed\u00fd m\u011bs\u00edc, zkou\u0161et p\u0159ipravenost odvodov\u00fdch m\u00edstnost\u00ed asi nebylo dlouh\u00e1 l\u00e9ta nutn\u00e9 a nejsp\u00ed\u0161e ani neexistovaly \u2013 o d\u016fvod v\u00edc, pro\u010d je ale z\u0159\u00eddit, pokud se slovo v\u00e1lka objevuje v m\u00e9di\u00edch ka\u017ed\u00fd den st\u00e1le \u010dast\u011bji. Mobilizace je toti\u017e skute\u010dn\u011b n\u011bco v dob\u011b v\u00e1lky p\u0159irozen\u00e9ho. To, pro\u010d o tom \u0158ehka mluvil a pro\u010d se to i p\u0159es jeho slova setkalo s \u00fadivem ve\u0159ejnosti, je to, \u017ee jsme za t\u011bch t\u0159icet let, co m\u00e1me profesion\u00e1ln\u00ed arm\u00e1du, odvykli na n\u011bco takov\u00e9ho myslet. Povinn\u00e1 vojna v dob\u011b m\u00edru zanikla, ale ne tak v dob\u011b v\u00e1lky. Nejnov\u011bji to \u2013 doslova p\u0159ed p\u00e1r hodinami \u2013 v rozhovoru potvrdil dal\u0161\u00ed mu\u017e z obrany, Jan Jire\u0161, kter\u00fd \u0159\u00edd\u00ed sekci obrann\u00e9 politiky a strategie na MO: \u201eBrann\u00e1 povinnost a mo\u017enost mobilizace je n\u011bco, co v \u010desk\u00e9 legislativ\u011b bylo v\u017edy p\u0159\u00edtomno a nikdy odtamtud nezmizelo\u201c (<a href=\"https:\/\/www.irozhlas.cz\/zpravy-domov\/jan-jires-ministerstvo-obrany-mobilizace_2304090600_gut\" target=\"_blank\" rel=\"noopener\"><em><strong>zde<\/strong><\/em><\/a>), proto\u017ee \u201ev p\u0159\u00edpad\u011b nutnosti mus\u00edme b\u00fdt schopni zv\u011bt\u0161it na\u0161e ozbrojen\u00e9 s\u00edly a um\u011bt je z\u00e1sobovat v\u0161\u00edm, co je pro veden\u00ed vojensk\u00e9ho konfliktu, obrann\u00e9 operace pot\u0159eba.\u201c Jire\u0161 v\u00ed, o \u010dem mluv\u00ed, proto\u017ee m\u00e1 za \u00fakol aktualizovat dokumenty a koncepce, kter\u00e9 mobilizaci upravuj\u00ed. Ty aktu\u00e1ln\u011b platn\u00e9 jsou u\u017e toti\u017e n\u011bkolik let star\u00e9 \u2013 z roku 2017. \u201eDokumenty, o kter\u00fdch se bav\u00edme, to podrobn\u011bji rozep\u00ed\u0161ou a stanov\u00ed, co by schopnost mobilizace obn\u00e1\u0161ela, kde m\u00e1me nejv\u011bt\u0161\u00ed nedostatky a jak\u00fdm zp\u016fsobem je naprav\u00edme,\u201c \u0159\u00edk\u00e1.<\/p>\n<p>Informace o m\u00edstnostech pro odvedence m\u016f\u017ee b\u00fdt klidn\u011b hoax a je to jedno, ale tady m\u00e1me vysok\u00e9ho \u00fa\u0159edn\u00edka z ministerstva obrany, kter\u00fd n\u00e1m \u0159\u00edk\u00e1, \u017ee se aktu\u00e1ln\u011b pracuje na zm\u011bn\u00e1ch v Obrann\u00e9 strategii st\u00e1tu a ta \u017ee s mobilizac\u00ed samoz\u0159ejm\u011b po\u010d\u00edt\u00e1 a po zku\u0161enostech na Ukrajin\u011b je pot\u0159eba dokumenty inovovat. Jire\u0161 v\u011b\u0159\u00ed, \u017ee vl\u00e1da p\u0159ijde s n\u011bjakou komunika\u010dn\u00ed strategi\u00ed nebo kampan\u00ed, kter\u00e1 lidem \u2013 ob\u010dan\u016fm \u2013 tyto pro n\u011b pon\u011bkud p\u0159ekvapiv\u00e9 v\u011bci osv\u011btl\u00ed.<\/p>\n<p>Samoz\u0159ejm\u011b, \u017ee si st\u00e1t t\u00edm, \u017ee zru\u0161il povinnou z\u00e1kladn\u00ed vojenskou slu\u017ebu, nad\u011blal spoustu probl\u00e9m\u016f, kter\u00e9 nyn\u00ed bude muset hore\u010dn\u011b doh\u00e1n\u011bt, \u0159\u00edk\u00e1m j\u00e1. O to h\u016f\u0159e, proto\u017ee bude jednat pod tlakem a st\u0159et s realitou pro lidi, kte\u0159\u00ed vojnu nezakusili, bude ohromn\u00fd. St\u00e1t m\u00e1 jen 28 tis\u00edc profesion\u00e1ln\u00edch voj\u00e1k\u016f, \u0159\u00edk\u00e1 Jire\u0161 a p\u0159izn\u00e1v\u00e1, \u017ee je\u0161t\u011b nen\u00ed shoda na tom, na kolik by m\u011bl zv\u00fd\u0161it jejich kapacitu v p\u0159\u00edpad\u011b krize nebo konfliktu \u2013 na pades\u00e1t, na sedmdes\u00e1t, na sto tis\u00edc? A\u0165 to bude jak\u00e9koli \u010d\u00edslo, je jasn\u00e9, \u017ee \u010d\u00e1ste\u010dn\u00e1 mobilizace je bez diskuze.<\/p>\n<p>Jire\u0161 ubezpe\u010duje, \u017ee mobilizace by nebyla v\u0161eobecn\u00e1 \u2013 jako v roce 1938 \u2013 ale jist\u011b v\u00fdb\u011brov\u00e1 a prob\u00edhala by v r\u016fzn\u00fdch f\u00e1z\u00edch. A \u017ee se tak\u00e9 net\u00fdk\u00e1 pouze p\u0159\u00edm\u00e9ho boje, ale i r\u016fzn\u00fdch doprovodn\u00fdch \u010dinnost\u00ed, kter\u00e9 jsou v dob\u011b konfliktu pot\u0159eba.<\/p>\n<p>I tak by ale vyhl\u00e1\u0161en\u00ed v\u00e1le\u010dn\u00e9ho stavu spustilo procesy, kter\u00e9 si jen m\u00e1lokdo z n\u00e1s dovede p\u0159edstavit. Jsou p\u0159itom pops\u00e1ny v z\u00e1konech a v r\u016fzn\u00fdch koncepc\u00edch, kter\u00e9 jsou ve\u0159ejn\u011b dohledateln\u00e9 na internetu. A i kdy\u017e se nyn\u00ed hore\u010dn\u011b pracuje na jejich aktualizaci, m\u00e1 smysl se pod\u00edvat na jejich zastaral\u00e9 verze, proto\u017ee se dozv\u00edme \u0159adu zaj\u00edmav\u00fdch v\u011bc\u00ed. Spole\u010dn\u011b s m\u00fdm kolegou Romanem jsme se na n\u011bkter\u00e9 dokumenty pod\u00edvali a p\u0159\u00ed\u0161t\u011b si o tom \u0159ekneme v\u00edce.<\/p>\n<p>Do t\u00e9 doby \u2013 M\u00edru zdar!<\/p>\n<p><em>Adam B. Barto\u0161<\/em><br \/>\n<em>p\u0159edseda N\u00e1rodn\u00ed demokracie<\/em><\/p>\n<p><img decoding=\"async\" loading=\"lazy\" class=\"alignnone size-full wp-image-678\" src=\"http:\/\/www.infokuryr.cz\/n\/wp-content\/uploads\/2021\/04\/narodni_demokracie_logo.jpg\" alt=\"\" width=\"300\" height=\"85\" \/><\/p>\n<p>____________________________<\/p>\n<p>&nbsp;<\/p>\n<p>&nbsp;<\/p>\n<p><img decoding=\"async\" loading=\"lazy\" class=\"wp-image-19187 aligncenter\" src=\"http:\/\/www.infokuryr.cz\/n\/wp-content\/uploads\/2022\/12\/1-PRO-300x36.jpg\" alt=\"\" width=\"1242\" height=\"149\" srcset=\"https:\/\/www.infokuryr.cz\/n\/wp-content\/uploads\/2022\/12\/1-PRO-300x36.jpg 300w, https:\/\/www.infokuryr.cz\/n\/wp-content\/uploads\/2022\/12\/1-PRO.jpg 699w\" sizes=\"(max-width: 1242px) 100vw, 1242px\" \/><\/p>\n<p>&nbsp;<\/p>\n<p>&nbsp;<\/p>\n","protected":false},"excerpt":{"rendered":"<p>P\u011bkn\u00fd sv\u00e1te\u010dn\u00ed ned\u011bln\u00edk, vlastn\u011b pond\u011bln\u00edk. Slun\u00ed\u010dko n\u00e1m kr\u00e1sn\u011b sv\u00edt\u00ed, jaro von\u00ed, pu\u010d\u00ed, bzu\u010d\u00ed, prozp\u011bvuje a&#8230;<\/p>\n","protected":false},"author":2,"featured_media":25999,"comment_status":"closed","ping_status":"closed","sticky":false,"template":"","format":"standard","meta":[],"categories":[6],"tags":[367,29,85,122],"_links":{"self":[{"href":"https:\/\/www.infokuryr.cz\/n\/wp-json\/wp\/v2\/posts\/25998"}],"collection":[{"href":"https:\/\/www.infokuryr.cz\/n\/wp-json\/wp\/v2\/posts"}],"about":[{"href":"https:\/\/www.infokuryr.cz\/n\/wp-json\/wp\/v2\/types\/post"}],"author":[{"embeddable":true,"href":"https:\/\/www.infokuryr.cz\/n\/wp-json\/wp\/v2\/users\/2"}],"replies":[{"embeddable":true,"href":"https:\/\/www.infokuryr.cz\/n\/wp-json\/wp\/v2\/comments?post=25998"}],"version-history":[{"count":0,"href":"https:\/\/www.infokuryr.cz\/n\/wp-json\/wp\/v2\/posts\/25998\/revisions"}],"wp:featuredmedia":[{"embeddable":true,"href":"https:\/\/www.infokuryr.cz\/n\/wp-json\/wp\/v2\/media\/25999"}],"wp:attachment":[{"href":"https:\/\/www.infokuryr.cz\/n\/wp-json\/wp\/v2\/media?parent=25998"}],"wp:term":[{"taxonomy":"category","embeddable":true,"href":"https:\/\/www.infokuryr.cz\/n\/wp-json\/wp\/v2\/categories?post=25998"},{"taxonomy":"post_tag","embeddable":true,"href":"https:\/\/www.infokuryr.cz\/n\/wp-json\/wp\/v2\/tags?post=25998"}],"curies":[{"name":"wp","href":"https:\/\/api.w.org\/{rel}","templated":true}]}}