{"id":25962,"date":"2023-04-11T08:40:05","date_gmt":"2023-04-11T06:40:05","guid":{"rendered":"http:\/\/www.infokuryr.cz\/n\/?p=25962"},"modified":"2023-04-11T08:40:05","modified_gmt":"2023-04-11T06:40:05","slug":"jindrich-kulhavy-navrat-do-reality-diky-navsteve-ciny","status":"publish","type":"post","link":"https:\/\/www.infokuryr.cz\/n\/2023\/04\/11\/jindrich-kulhavy-navrat-do-reality-diky-navsteve-ciny\/","title":{"rendered":"Jind\u0159ich Kulhav\u00fd: N\u00e1vrat do reality d\u00edky n\u00e1v\u0161t\u011bv\u011b \u010c\u00edny"},"content":{"rendered":"<div id=\"fb-root\"><\/div>\n<p><span class=\"anotation\">N\u00e1v\u0161t\u011bva vrcholn\u00fdch p\u0159edstavitel\u016f Evropy v \u010c\u00edn\u011b m\u011bla zaj\u00edmav\u00fd pr\u016fb\u011bh. Zat\u00edmco francouzsk\u00e9ho prezidenta Macrona p\u0159ijali i p\u0159es jeho p\u0159\u00edslu\u0161nost ke skupin\u011b sdru\u017euj\u00edc\u00edho se kolem WEF (Sv\u011btov\u00e9ho ekonomick\u00e9ho f\u00f3ra) se v\u0161emi poctami, Ursulu vor den Leyen odsunuli v\u00a0oblasti sv\u00e9ho z\u00e1jmu do naprost\u00e9ho kouta.<\/span><\/p>\n<div id=\"pagetext\">\n<p>\u00a0 M\u00e1 to svou logiku. Emanuel Macron je prezidentem svrchovan\u00e9ho evropsk\u00e9ho st\u00e1tu a podstatnou mocnost\u00ed kdysi tak v\u00fdznamn\u00e9ho kontinentu. Leyenov\u00e1 je \u0161mucka, kter\u00e1 v\u00a0dob\u011b sv\u00e9ho veden\u00ed potopila j\u00ed veden\u00e9 ministerstvo obrany N\u011bmecka a pozd\u011bji byla dosazena do funkce p\u0159edsedkyn\u011b Evropsk\u00e9 komise, aby n\u00e1sledn\u011b plnila ciz\u00ed rozkazy. Podepsala se pod naprosto devastuj\u00edc\u00ed smlouvy s\u00a0dodavateli pseudovakc\u00edn, jejich\u017e obsah je dosud tajemstv\u00edm pro v\u0161echny, mo\u017en\u00e1 i v\u010detn\u011b n\u00ed. Je toti\u017e mo\u017en\u00e9, \u017ee ani ona nev\u00ed, co v\u00a0nich je. Jist\u00fdm se v\u0161ak stala obrovsk\u00e1 n\u00e1kladnost tohoho ,,byznysu\u201c pro jednu stranu (v\u0161echny st\u00e1ty EU) a v\u00fdhodnost pro Big Pharmu a Leyenovou. N\u00e1sledn\u00e9 zkoum\u00e1n\u00ed za\u010dern\u011bn\u00fdch smluv a jej\u00edho mobiln\u00edho telefonu, kter\u00fdm byla ve spojen\u00ed s\u00a0veden\u00edm farmaceutick\u00fdch firem, \u017e\u00e1dn\u00e9 v\u00fdsledky zat\u00edm nep\u0159ineslo a Leyenov\u00e1 \u00fadajn\u011b m\u00ed\u0159\u00ed do veden\u00ed NATO. Jej\u00ed destrukce dal\u0161\u00ed instituce m\u016f\u017ee pokra\u010dovat. T\u0159eba prosad\u00ed Green Dealk i v arm\u00e1d\u00e1ch a budou jezdit elektrotanky.<\/p>\n<p>\u010c\u00ed\u0148an\u00e9 jsou na n\u011bkter\u00e9 ud\u00e1losti velmi citliv\u00ed. Leyenov\u00e1 otev\u0159en\u011b proti \u010c\u00edn\u011b a jej\u00edmu spojenci Rusku vystupuje. Stoj\u00ed za \u0159adou sankc\u00ed a je jednou z\u00a0hlavn\u00edch tv\u00e1\u0159\u00ed v\u00a0konkuren\u010dn\u00edm boji EU a \u010c\u00edny. Z\u00e1rove\u0148 m\u00e1 tendenci radit Pekingu v oblastech vnit\u0159n\u00ed i zahrani\u010dn\u00ed politiky. To u\u017e je dost d\u016fvod\u016f, pro\u010d ji nechat ztrapnit p\u0159i odletu zp\u011bt dom\u016f. Jej\u00ed odbaven\u00ed mezi b\u011b\u017en\u00fdmi klienty leteck\u00fdch spole\u010dnost\u00ed v\u010detn\u011b pasov\u00e9 kontroly bylo jen zavr\u0161en\u00edm ignorace n\u00e1v\u0161t\u011bvy osoby, z\u00a0n\u00ed\u017e si v\u00a0Evrop\u011b mohou v\u0161ichni sednout na zadek, ov\u0161em sv\u011bt si m\u016f\u017ee dovolit ji ignorovat. On i samotn\u00fd pr\u016fb\u011bh cesty do \u010c\u00edny byl pro ni ned\u016fstojn\u00fd a odpov\u00eddal \u00fact\u011b, kterou k\u00a0n\u00ed mus\u00ed rozumn\u00ed politici m\u00edt. EU nen\u00ed st\u00e1t, nem\u00e1 svou vl\u00e1du a ministry, pr\u016fmysl i\u00a0obchod,\u00a0Evropsk\u00e1 komise je pouze samozvan\u00fd org\u00e1n, jeho\u017e pravomoce jsou naprosto pofid\u00e9rn\u00ed. Je s\u00a0podivem, jak mocnou instituc\u00ed je pro evropsk\u00e9 liber\u00e1ly a jak pod\u0159adnou se uk\u00e1zala b\u00fdt pro veden\u00ed \u010c\u00edny \u010di pro Rusko. Nen\u00ed tomu tak poka\u017ed\u00e9, ale tentokr\u00e1t je t\u0159eba Pekingu bezv\u00fdhradn\u011b zatleskat. Evropsk\u00e1 unie nen\u00ed nijak v\u00fdznamn\u00fdm partnerem.<\/p>\n<p>Macron dostal pravd\u011bpodobn\u011b solidn\u00ed ,,nalejv\u00e1rnu\u201c. Tady jsou pocty, bereme T\u011b jako hlavu velk\u00e9ho st\u00e1tu, ale\u2026 Nebude\u0161 vystupovat proti \u010c\u00edn\u011b. Nebude\u0161 mopsl\u00edkem USA, proto\u017ee jste Spojen\u00fdmi st\u00e1ty zneu\u017e\u00edv\u00e1ni ve v\u0161ech sm\u011brech a my s\u00a0Tebou pak nebudeme spolupracovat. P\u0159estane\u0161 podporovat Ukrajinu, proto\u017ee\u2026 Za to s\u00a0Tebou uzav\u0159eme pro ob\u011b strany v\u00fdhodn\u00e9 smlouvy a d\u00e1me Ti prostor k\u00a0potla\u010den\u00ed nepokoj\u016f v\u00a0Tv\u00e9 zemi. O Taiwanu nechceme sly\u0161et ani slovo s\u00a0nehrabej se v\u00a0na\u0161\u00ed demokracii. Asi tak n\u011bjak to v\u00a0Pekingu v\u00a0jednac\u00edch s\u00e1lech mohlo vypadat. A Macron se vr\u00e1til dom\u016f a za\u010dal vystupovat. V\u00fdsledky zn\u00e1te. Jeho slova o pot\u0159eb\u011b vzep\u0159\u00edt se nadvl\u00e1d\u011b USA nad Evropou zazn\u011bla hned po p\u0159\u00edletu. Tak\u00e9 zm\u00ednil hospod\u00e1\u0159sk\u00e9 smlouvy s\u00a0\u010c\u00ednou a nijak se nezast\u00e1val Leyenov\u00e9, kter\u00e1 p\u016fvodn\u011b odl\u00e9tala s\u00a0n\u00edm. Kdysi hrd\u00e1 Francie byla pou\u010dena o tom, \u017ee v\u00a0r\u00e1mci Evropsk\u00e9 unie v\u00fdrazn\u011b upad\u00e1 a m\u011bla by se zamyslet nad t\u00edm, co pro ni bude v\u00a0budoucnu v\u00fdhodn\u011bj\u0161\u00ed.<\/p>\n<p>V\u00a0kontextu s\u00a0v\u00fd\u0161e uveden\u00fdm je evidentn\u00ed, do jak\u00e9ho lejna \u0161lape na\u0161e veden\u00ed l\u00e9taj\u00edc\u00ed na Taiwan a rozumuj\u00edc\u00ed o demokracii ve V\u00fdchodn\u00ed Asii. Kr\u00e1tkozrakost a tupost Vystr\u010dila, Pekarov\u00e9 Adamov\u00e9 a ministerstva zahrani\u010d\u00ed pod veden\u00edm Aspenem ideologicky zpracovan\u00e9ho ml\u00e1de\u017en\u00edka Lipavsk\u00e9ho jsou v\u00a0porovn\u00e1n\u00ed s\u00a0Macronem zjevn\u00e9. N\u00e1v\u0161t\u011bva Pekingu i Moskvy by m\u011bla b\u00fdt i pro na\u0161e vl\u00e1dn\u00ed p\u0159edstavitele povinn\u00e1. Ot\u00e1zkou z\u016fst\u00e1v\u00e1, zda li by p\u0159i n\u00e1vratu nemuseli proch\u00e1zet kontroln\u00edm r\u00e1mem na leti\u0161ti naz\u00ed. Takovou \u00factu by k\u00a0nim v\u00a0\u010c\u00edn\u011b nyn\u00ed asi m\u011bli. Leyenov\u00e9 srazili h\u0159eb\u00ednek a uk\u00e1zali j\u00ed, kam pat\u0159\u00ed. Ti na\u0161i by dopadnuli je\u0161t\u011b mnohem h\u016f\u0159e. Mo\u017en\u00e1 by je tam ani nepustili. Jen\u017ee d\u016fsledky t\u00e9to skute\u010dnosti mohou b\u00fdt v\u00a0dob\u011b zm\u011bn pom\u011bru sil na sv\u011btov\u00e9m kolbi\u0161ti.pro n\u00e1s op\u011bt jen katastrof\u00e1ln\u00ed.<\/p>\n<p><a href=\"https:\/\/www.inadhled.live\/zajimavosti\/navrat-do-reality-diky-navsteve-ciny\/\">Jind\u0159ich Kulhav\u00fd<\/a><\/p>\n<p><img decoding=\"async\" loading=\"lazy\" class=\"alignnone size-medium wp-image-22653\" src=\"http:\/\/www.infokuryr.cz\/n\/wp-content\/uploads\/2023\/02\/jindra-kulhavy-221x300.jpg\" alt=\"\" width=\"221\" height=\"300\" srcset=\"https:\/\/www.infokuryr.cz\/n\/wp-content\/uploads\/2023\/02\/jindra-kulhavy-221x300.jpg 221w, https:\/\/www.infokuryr.cz\/n\/wp-content\/uploads\/2023\/02\/jindra-kulhavy.jpg 311w\" sizes=\"(max-width: 221px) 100vw, 221px\" \/><\/p>\n<p>_____________________<\/p>\n<\/div>\n<p>&nbsp;<\/p>\n<p><img decoding=\"async\" loading=\"lazy\" class=\"wp-image-19187 aligncenter\" src=\"http:\/\/www.infokuryr.cz\/n\/wp-content\/uploads\/2022\/12\/1-PRO-300x36.jpg\" alt=\"\" width=\"1283\" height=\"154\" srcset=\"https:\/\/www.infokuryr.cz\/n\/wp-content\/uploads\/2022\/12\/1-PRO-300x36.jpg 300w, https:\/\/www.infokuryr.cz\/n\/wp-content\/uploads\/2022\/12\/1-PRO.jpg 699w\" sizes=\"(max-width: 1283px) 100vw, 1283px\" \/><\/p>\n<p>&nbsp;<\/p>\n<p>&nbsp;<\/p>\n<p><img decoding=\"async\" loading=\"lazy\" class=\"wp-image-24737 aligncenter\" src=\"http:\/\/www.infokuryr.cz\/n\/wp-content\/uploads\/2023\/03\/cesko_proti_bide2-239x300.png\" alt=\"\" width=\"750\" height=\"941\" srcset=\"https:\/\/www.infokuryr.cz\/n\/wp-content\/uploads\/2023\/03\/cesko_proti_bide2-239x300.png 239w, https:\/\/www.infokuryr.cz\/n\/wp-content\/uploads\/2023\/03\/cesko_proti_bide2-816x1024.png 816w, https:\/\/www.infokuryr.cz\/n\/wp-content\/uploads\/2023\/03\/cesko_proti_bide2-768x964.png 768w, https:\/\/www.infokuryr.cz\/n\/wp-content\/uploads\/2023\/03\/cesko_proti_bide2.png 846w\" sizes=\"(max-width: 750px) 100vw, 750px\" \/><\/p>\n<p>&nbsp;<\/p>\n<p>&nbsp;<\/p>\n<p>&nbsp;<\/p>\n","protected":false},"excerpt":{"rendered":"<p>N\u00e1v\u0161t\u011bva vrcholn\u00fdch p\u0159edstavitel\u016f Evropy v \u010c\u00edn\u011b m\u011bla zaj\u00edmav\u00fd pr\u016fb\u011bh. Zat\u00edmco francouzsk\u00e9ho prezidenta Macrona p\u0159ijali i&#8230;<\/p>\n","protected":false},"author":2,"featured_media":25963,"comment_status":"closed","ping_status":"closed","sticky":false,"template":"","format":"standard","meta":[],"categories":[6],"tags":[30,29,307,3251],"_links":{"self":[{"href":"https:\/\/www.infokuryr.cz\/n\/wp-json\/wp\/v2\/posts\/25962"}],"collection":[{"href":"https:\/\/www.infokuryr.cz\/n\/wp-json\/wp\/v2\/posts"}],"about":[{"href":"https:\/\/www.infokuryr.cz\/n\/wp-json\/wp\/v2\/types\/post"}],"author":[{"embeddable":true,"href":"https:\/\/www.infokuryr.cz\/n\/wp-json\/wp\/v2\/users\/2"}],"replies":[{"embeddable":true,"href":"https:\/\/www.infokuryr.cz\/n\/wp-json\/wp\/v2\/comments?post=25962"}],"version-history":[{"count":0,"href":"https:\/\/www.infokuryr.cz\/n\/wp-json\/wp\/v2\/posts\/25962\/revisions"}],"wp:featuredmedia":[{"embeddable":true,"href":"https:\/\/www.infokuryr.cz\/n\/wp-json\/wp\/v2\/media\/25963"}],"wp:attachment":[{"href":"https:\/\/www.infokuryr.cz\/n\/wp-json\/wp\/v2\/media?parent=25962"}],"wp:term":[{"taxonomy":"category","embeddable":true,"href":"https:\/\/www.infokuryr.cz\/n\/wp-json\/wp\/v2\/categories?post=25962"},{"taxonomy":"post_tag","embeddable":true,"href":"https:\/\/www.infokuryr.cz\/n\/wp-json\/wp\/v2\/tags?post=25962"}],"curies":[{"name":"wp","href":"https:\/\/api.w.org\/{rel}","templated":true}]}}