{"id":25913,"date":"2023-04-11T01:03:50","date_gmt":"2023-04-10T23:03:50","guid":{"rendered":"http:\/\/www.infokuryr.cz\/n\/?p=25913"},"modified":"2023-04-10T10:31:23","modified_gmt":"2023-04-10T08:31:23","slug":"polsky-statni-tajemnik-mari-plany-schwaba-a-pozaduje-protihmyzovy-zakon","status":"publish","type":"post","link":"https:\/\/www.infokuryr.cz\/n\/2023\/04\/11\/polsky-statni-tajemnik-mari-plany-schwaba-a-pozaduje-protihmyzovy-zakon\/","title":{"rendered":"Polsk\u00fd st\u00e1tn\u00ed tajemn\u00edk ma\u0159\u00ed pl\u00e1ny Schwaba a po\u017eaduje \u201eprotihmyzov\u00fd z\u00e1kon\u201c"},"content":{"rendered":"<div id=\"fb-root\"><\/div>\n<div class=\"elementor-element elementor-element-1fb4c2c elementor-widget elementor-widget-theme-post-content\" data-id=\"1fb4c2c\" data-element_type=\"widget\" data-widget_type=\"theme-post-content.default\">\n<div class=\"elementor-widget-container\">\n<p><strong>Pl\u00e1ny Klause Schwaba se setkaly s odporem v cel\u00e9 Evrop\u011b.\u00a0Tedy i v Polsku.\u00a0Polsk\u00fd st\u00e1tn\u00ed tajemn\u00edk pro zem\u011bd\u011blstv\u00ed po\u017eaduje \u201eprotihmyzov\u00fd z\u00e1kon\u201c.\u00a0To by m\u011blo zpo\u010d\u00e1tku zajistit, aby v\u0161echny potraviny obsahuj\u00edc\u00ed hmyz byly ozna\u010deny varov\u00e1n\u00edm.<\/strong><\/p>\n<p><span>Krok vl\u00e1dn\u00edho \u010dlena Konzervativn\u00ed strany p\u0159ich\u00e1z\u00ed uprost\u0159ed obvin\u011bn\u00ed, \u017ee pokud by se progresivn\u00ed opozi\u010dn\u00ed strany dostaly k moci v leto\u0161n\u00edch volb\u00e1ch, zah\u00e1j\u00ed orwellovskou kampa\u0148 \u201esn\u011bzte brouky\u201c s c\u00edlem omezit tradi\u010dn\u00ed spot\u0159ebu masa.\u00a0Podle\u00a0<\/span><a href=\"https:\/\/notesfrompoland.com\/2023\/04\/07\/polish-government-minister-proposes-anti-bug-law-to-label-foods-containing-insects\/\" target=\"_blank\" rel=\"noreferrer noopener\" data-type=\"URL\" data-id=\"https:\/\/notesfrompoland.com\/2023\/04\/07\/polish-government-minister-proposes-anti-bug-law-to-label-foods-containing-insects\/\"><span>Notes z Polska<\/span><\/a><span>\u00a0opozice ofici\u00e1ln\u011b \u017e\u00e1dn\u00e9 takov\u00e9 pl\u00e1ny neozn\u00e1mila.<\/span><\/p>\n<p><span>Polish News uv\u00e1d\u00ed, \u017ee \u201eopozice chce, aby ob\u010dan\u00e9 v Polsku jedli \u010dervy\u201c.<\/span><\/p>\n<p><em><span>Ka\u017ed\u00fd potravin\u00e1\u0159sk\u00fd v\u00fdrobek obsahuj\u00edc\u00ed p\u0159idan\u00e9 \u010dervy by m\u011bl b\u00fdt ozna\u010den.<\/span><\/em><\/p>\n<div class=\"twitter-tweet twitter-tweet-rendered\"><iframe id=\"twitter-widget-0\" class=\"\" title=\"Twitter Tweet\" src=\"https:\/\/platform.twitter.com\/embed\/Tweet.html?creatorScreenName=uncutnewsCH&amp;dnt=false&amp;embedId=twitter-widget-0&amp;features=eyJ0ZndfdGltZWxpbmVfbGlzdCI6eyJidWNrZXQiOltdLCJ2ZXJzaW9uIjpudWxsfSwidGZ3X2ZvbGxvd2VyX2NvdW50X3N1bnNldCI6eyJidWNrZXQiOnRydWUsInZlcnNpb24iOm51bGx9LCJ0ZndfdHdlZXRfZWRpdF9iYWNrZW5kIjp7ImJ1Y2tldCI6Im9uIiwidmVyc2lvbiI6bnVsbH0sInRmd19yZWZzcmNfc2Vzc2lvbiI6eyJidWNrZXQiOiJvbiIsInZlcnNpb24iOm51bGx9LCJ0ZndfbWl4ZWRfbWVkaWFfMTU4OTciOnsiYnVja2V0IjoidHJlYXRtZW50IiwidmVyc2lvbiI6bnVsbH0sInRmd19leHBlcmltZW50c19jb29raWVfZXhwaXJhdGlvbiI6eyJidWNrZXQiOjEyMDk2MDAsInZlcnNpb24iOm51bGx9LCJ0ZndfZHVwbGljYXRlX3NjcmliZXNfdG9fc2V0dGluZ3MiOnsiYnVja2V0Ijoib24iLCJ2ZXJzaW9uIjpudWxsfSwidGZ3X3ZpZGVvX2hsc19keW5hbWljX21hbmlmZXN0c18xNTA4MiI6eyJidWNrZXQiOiJ0cnVlX2JpdHJhdGUiLCJ2ZXJzaW9uIjpudWxsfSwidGZ3X2xlZ2FjeV90aW1lbGluZV9zdW5zZXQiOnsiYnVja2V0Ijp0cnVlLCJ2ZXJzaW9uIjpudWxsfSwidGZ3X3R3ZWV0X2VkaXRfZnJvbnRlbmQiOnsiYnVja2V0Ijoib24iLCJ2ZXJzaW9uIjpudWxsfX0%3D&amp;frame=false&amp;hideCard=false&amp;hideThread=false&amp;id=1643942230992863233&amp;lang=cs&amp;origin=https%3A%2F%2Funcutnews.ch%2Fpolnischer-staatssekretaer-macht-schwab-einen-strich-durch-die-rechnung-und-fordert-ein-anti-insekten-gesetz%2F&amp;sessionId=394c775e70282a2e884f22adbb1337e446f98bc8&amp;siteScreenName=Donuncutschweiz&amp;theme=light&amp;widgetsVersion=aaf4084522e3a%3A1674595607486&amp;width=550px\" frameborder=\"0\" scrolling=\"no\" allowfullscreen=\"allowfullscreen\" data-tweet-id=\"1643942230992863233\" data-mce-fragment=\"1\"><\/iframe><\/div>\n<p><span>Eurokrat\u00e9 a var\u0161avsk\u00fd starosta Rafal Trzaskowski ozna\u010duj\u00ed su\u0161en\u00e9 larvy mou\u010dn\u00fdch \u010derv\u016f, cvr\u010d\u010d\u00ed pr\u00e1\u0161ek a dal\u0161\u00ed hmyz jako nov\u00e9 potraviny, \u0159ekl st\u00e1tn\u00ed tajemn\u00edk zem\u011bd\u011blstv\u00ed Janusz Kowalski v polsk\u00e9m parlamentu.\u00a0Jeho strana proto stejn\u011b jako v Ma\u010farsku a It\u00e1lii p\u0159ipravuje na\u0159\u00edzen\u00ed, kter\u00e1 zajist\u00ed, aby pol\u0161t\u00ed spot\u0159ebitel\u00e9 p\u0159esn\u011b v\u011bd\u011bli, kter\u00e9 potraviny obsahuj\u00ed hmyz.<\/span><\/p>\n<p><span>&#8222;Toto je z\u00e1kon proti hmyzu,&#8220; \u0159ekl.<\/span><\/p>\n<p><span>N\u00e1vrh z\u00e1kona stanov\u00ed, \u017ee v\u00fdrobci mus\u00ed obaly ozna\u010dit upozorn\u011bn\u00edm \u201ePozor, tato potravina obsahuje hmyz\u00ed b\u00edlkovinu\u201c.<\/span><\/p>\n<p><span>&#8222;Pokud chce Rafal Trzaskowski j\u00edst mazurek (polsk\u00fd velikono\u010dn\u00ed kol\u00e1\u010d) vyroben\u00fd ze su\u0161en\u00e9ho hmyzu, m\u011bl by to ud\u011blat,&#8220; \u0159ekl Kowalski.\u00a0&#8222;Preferujeme b\u011b\u017en\u00e1 polsk\u00e1 j\u00eddla, polsk\u00e9 maso a polsk\u00e9 ml\u00e9\u010dn\u00e9 v\u00fdrobky.&#8220;<\/span><\/p>\n<p><span>Trzaskowski tvrd\u00ed, \u017ee nem\u00e1 v pl\u00e1nu sn\u00ed\u017eit spot\u0159ebu masa ve Var\u0161av\u011b.<\/span><\/p>\n<\/div>\n<\/div>\n<div class=\"elementor-element elementor-element-8c57238 quelle dc-has-condition dc-condition-empty elementor-widget elementor-widget-heading\" data-id=\"8c57238\" data-element_type=\"widget\" data-widget_type=\"heading.default\">\n<div class=\"elementor-widget-container\">\n<h3 class=\"elementor-heading-title elementor-size-default\"><span style=\"font-size: 8pt;\"><a href=\"https:\/\/www.zerohedge.com\/geopolitical\/polish-mp-proposes-anti-bug-law-require-labels-insect-containing-foods\" target=\"_blank\" rel=\"nofollow noopener\">ZDROJ<\/a><\/span><\/h3>\n<\/div>\n<\/div>\n<p>&nbsp;<\/p>\n<p>&nbsp;<\/p>\n<p><img decoding=\"async\" loading=\"lazy\" class=\"wp-image-19187 aligncenter\" src=\"http:\/\/www.infokuryr.cz\/n\/wp-content\/uploads\/2022\/12\/1-PRO-300x36.jpg\" alt=\"\" width=\"1258\" height=\"151\" srcset=\"https:\/\/www.infokuryr.cz\/n\/wp-content\/uploads\/2022\/12\/1-PRO-300x36.jpg 300w, https:\/\/www.infokuryr.cz\/n\/wp-content\/uploads\/2022\/12\/1-PRO.jpg 699w\" sizes=\"(max-width: 1258px) 100vw, 1258px\" \/><\/p>\n<p>&nbsp;<\/p>\n<p>&nbsp;<\/p>\n<p><img decoding=\"async\" loading=\"lazy\" class=\"wp-image-24737 aligncenter\" src=\"http:\/\/www.infokuryr.cz\/n\/wp-content\/uploads\/2023\/03\/cesko_proti_bide2-239x300.png\" alt=\"\" width=\"702\" height=\"881\" srcset=\"https:\/\/www.infokuryr.cz\/n\/wp-content\/uploads\/2023\/03\/cesko_proti_bide2-239x300.png 239w, https:\/\/www.infokuryr.cz\/n\/wp-content\/uploads\/2023\/03\/cesko_proti_bide2-816x1024.png 816w, https:\/\/www.infokuryr.cz\/n\/wp-content\/uploads\/2023\/03\/cesko_proti_bide2-768x964.png 768w, https:\/\/www.infokuryr.cz\/n\/wp-content\/uploads\/2023\/03\/cesko_proti_bide2.png 846w\" sizes=\"(max-width: 702px) 100vw, 702px\" \/><\/p>\n<p>&nbsp;<\/p>\n<p>&nbsp;<\/p>\n","protected":false},"excerpt":{"rendered":"<p>Pl\u00e1ny Klause Schwaba se setkaly s odporem v cel\u00e9 Evrop\u011b.\u00a0Tedy i v Polsku.\u00a0Polsk\u00fd st\u00e1tn\u00ed tajemn\u00edk&#8230;<\/p>\n","protected":false},"author":2,"featured_media":21267,"comment_status":"closed","ping_status":"closed","sticky":false,"template":"","format":"standard","meta":[],"categories":[7],"tags":[2499,31,750,609],"_links":{"self":[{"href":"https:\/\/www.infokuryr.cz\/n\/wp-json\/wp\/v2\/posts\/25913"}],"collection":[{"href":"https:\/\/www.infokuryr.cz\/n\/wp-json\/wp\/v2\/posts"}],"about":[{"href":"https:\/\/www.infokuryr.cz\/n\/wp-json\/wp\/v2\/types\/post"}],"author":[{"embeddable":true,"href":"https:\/\/www.infokuryr.cz\/n\/wp-json\/wp\/v2\/users\/2"}],"replies":[{"embeddable":true,"href":"https:\/\/www.infokuryr.cz\/n\/wp-json\/wp\/v2\/comments?post=25913"}],"version-history":[{"count":1,"href":"https:\/\/www.infokuryr.cz\/n\/wp-json\/wp\/v2\/posts\/25913\/revisions"}],"predecessor-version":[{"id":25914,"href":"https:\/\/www.infokuryr.cz\/n\/wp-json\/wp\/v2\/posts\/25913\/revisions\/25914"}],"wp:featuredmedia":[{"embeddable":true,"href":"https:\/\/www.infokuryr.cz\/n\/wp-json\/wp\/v2\/media\/21267"}],"wp:attachment":[{"href":"https:\/\/www.infokuryr.cz\/n\/wp-json\/wp\/v2\/media?parent=25913"}],"wp:term":[{"taxonomy":"category","embeddable":true,"href":"https:\/\/www.infokuryr.cz\/n\/wp-json\/wp\/v2\/categories?post=25913"},{"taxonomy":"post_tag","embeddable":true,"href":"https:\/\/www.infokuryr.cz\/n\/wp-json\/wp\/v2\/tags?post=25913"}],"curies":[{"name":"wp","href":"https:\/\/api.w.org\/{rel}","templated":true}]}}