{"id":25911,"date":"2023-04-11T01:02:16","date_gmt":"2023-04-10T23:02:16","guid":{"rendered":"http:\/\/www.infokuryr.cz\/n\/?p=25911"},"modified":"2023-04-10T10:28:23","modified_gmt":"2023-04-10T08:28:23","slug":"bylo-potvrzeno-ze-neockovani-lide-dostali-kod","status":"publish","type":"post","link":"https:\/\/www.infokuryr.cz\/n\/2023\/04\/11\/bylo-potvrzeno-ze-neockovani-lide-dostali-kod\/","title":{"rendered":"Bylo potvrzeno, \u017ee neo\u010dkovan\u00ed lid\u00e9 dostali k\u00f3d"},"content":{"rendered":"<div id=\"fb-root\"><\/div>\n<div class=\"elementor-element elementor-element-1fb4c2c elementor-widget elementor-widget-theme-post-content\" data-id=\"1fb4c2c\" data-element_type=\"widget\" data-widget_type=\"theme-post-content.default\">\n<div class=\"elementor-widget-container\">\n<p><span style=\"font-size: 18pt;\"><strong>Ke sledov\u00e1n\u00ed lid\u00ed se pou\u017e\u00edvaj\u00ed nov\u00e9 l\u00e9ka\u0159sk\u00e9 k\u00f3dy pro stav o\u010dkov\u00e1n\u00ed proti COVID-19, potvrzuje CDC<\/strong><\/span><\/p>\n<p><span>L\u00e9ka\u0159sk\u00e9 k\u00f3dy, kter\u00e9 byly zavedeny b\u011bhem pandemie COVID-19, aby uk\u00e1zaly, kdy jsou lid\u00e9 neo\u010dkovan\u00ed nebo nedostate\u010dn\u011b o\u010dkovan\u00ed, se pou\u017e\u00edvaj\u00ed ke sledov\u00e1n\u00ed lid\u00ed, potvrdila p\u0159edn\u00ed americk\u00e1 zdravotnick\u00e1 agentura.<\/span><\/p>\n<p><span>Americk\u00e9 centrum pro kontrolu a prevenci nemoc\u00ed (CDC) to potvrdilo v e-mailech, kter\u00e9 The Epoch Times z\u00edskaly na z\u00e1klad\u011b \u017e\u00e1dosti o z\u00e1kon o svobod\u011b informac\u00ed.<\/span><\/p>\n<p><span>CDC v dokumentech a ve\u0159ejn\u00fdch prohl\u00e1\u0161en\u00edch uvedlo, \u017ee c\u00edlem nov\u00fdch k\u00f3d\u016f v syst\u00e9mu Mezin\u00e1rodn\u00ed klasifikace nemoc\u00ed (ICD) bylo \u201ezachytit lidi, kte\u0159\u00ed jsou neo\u010dkovan\u00ed nebo jen \u010d\u00e1ste\u010dn\u011b o\u010dkovan\u00ed\u201c.<\/span><\/p>\n<p><span>CDC nyn\u00ed tvrd\u00ed, \u017ee k dat\u016fm p\u0159\u00edstup nem\u00e1, ale zdravotnick\u00e9 syst\u00e9my ano.<\/span><\/p>\n<p><span>&#8222;K\u00f3dy ICD byly zavedeny v dubnu 2022, ale CDC nem\u00e1 \u017e\u00e1dn\u00e1 data o k\u00f3dech a tyto informace nesleduje,&#8220; uvedli p\u0159edstavitel\u00e9 CDC v e-mailech.<\/span><\/p>\n<p><span>&#8222;K\u00f3dy byly vytvo\u0159eny, aby umo\u017enily poskytovatel\u016fm zdravotn\u00ed p\u00e9\u010de sledovat jejich postupy,&#8220; uvedli \u00fa\u0159edn\u00edci.<\/span><\/p>\n<p><span>E-maily byly zasl\u00e1ny tiskov\u00fdm agentur\u00e1m.\u00a0CDC neodpov\u011bd\u011blo na dotazy The Epoch Times ohledn\u011b k\u00f3d\u016f, kter\u00e9 CDC p\u0159idalo do americk\u00e9ho syst\u00e9mu ICD v roce 2022.<\/span><\/p>\n<div class=\"wp-block-image\">\n<figure class=\"aligncenter size-large\"><img decoding=\"async\" class=\"jetpack-lazy-image jetpack-lazy-image--handled aligncenter\" src=\"https:\/\/i0.wp.com\/img.theepochtimes.com\/assets\/uploads\/2023\/04\/05\/id5174168-cdc-icd.jpg?w=800&amp;ssl=1\" alt=\"\" data-recalc-dims=\"1\" data-lazy-loaded=\"1\" \/><\/figure>\n<\/div>\n<p><span style=\"font-size: 18pt;\"><strong>Jak poskytovatel\u00e9 pou\u017e\u00edvaj\u00ed k\u00f3dy<\/strong><\/span><\/p>\n<p><span>CDC navrhlo k\u00f3dy v roce 2021.\u00a0&#8222;Byl vyj\u00e1d\u0159en z\u00e1jem o pron\u00e1sledov\u00e1n\u00ed lid\u00ed, kte\u0159\u00ed jsou neo\u010dkovan\u00ed nebo jen \u010d\u00e1ste\u010dn\u011b o\u010dkovan\u00ed,&#8220; \u0159ekl Dr.\u00a0David Berglund, l\u00e9ka\u0159sk\u00fd pracovn\u00edk CDC, b\u011bhem briefingu o n\u00e1vrhu.<\/span><\/p>\n<p><span>K\u00f3d znamen\u00e1 \u201eneo\u010dkovan\u00ed proti COVID-19\u201c.\u00a0Jin\u00fd k\u00f3d znamen\u00e1, \u017ee jste \u010d\u00e1ste\u010dn\u011b o\u010dkov\u00e1ni nebo jste nedostali prim\u00e1rn\u00ed o\u010dkov\u00e1n\u00ed proti COVID-19.<\/span><\/p>\n<p><span>V p\u0159ipom\u00ednk\u00e1ch CDC k n\u00e1vrhu se poskytovatel\u00e9 zdravotn\u00ed p\u00e9\u010de vyslovili pro zaveden\u00ed k\u00f3d\u016f &#8211; s n\u011bkter\u00fdmi podrobnostmi, jak budou pou\u017eity.<\/span><\/p>\n<p><span>Identifikace neo\u010dkovan\u00fdch nebo nedostate\u010dn\u011b o\u010dkovan\u00fdch osob souvisej\u00edc\u00edch s COVID-19 \u201epom\u016f\u017ee zdravotn\u00edm poji\u0161\u0165ovn\u00e1m identifikovat jednotlivce, kte\u0159\u00ed by mohli m\u00edt prosp\u011bch z ter\u00e9nn\u00edho a n\u00e1sledn\u00e9ho vzd\u011bl\u00e1v\u00e1n\u00ed v oblasti imunizace,\u201c \u0159ekl Danielle Lloyd, senior viceprezident spole\u010dnosti America&#8217;s Health Insurance Plans (AHIP), a Adam. Myers, senior viceprezident asociace Blue Cross Blue Shield Association, ve spole\u010dn\u00e9m dopise CDC.<\/span><\/p>\n<p><span>\u201eVytvo\u0159en\u00ed k\u00f3d\u016f MKN-10, kter\u00e9 lze sledovat nap\u0159\u00ed\u010d n\u00e1roky, by poskytlo zdravotn\u00edm poji\u0161\u0165ovn\u00e1m z\u00e1sadn\u00ed informace ke zv\u00fd\u0161en\u00ed proo\u010dkovanosti,\u201c dodali.<\/span><\/p>\n<p><span>V dal\u0161\u00edm dopise Nancy Andersen, \u0159editelka Kaiser Permanente Health Plan and Hospitals, a Erica Eastham, v\u00fdkonn\u00e1 \u0159editelka The Permanente Federation LLC, \u0159ekly CDC: \u201eTyto k\u00f3dy poskytuj\u00ed cenn\u00e1 data pro pochopen\u00ed m\u00edry o\u010dkov\u00e1n\u00ed a sledov\u00e1n\u00ed t\u011bch, kter\u00e9 adekv\u00e1tn\u011b o\u010dkovan\u00fdch pacient\u016f.&#8220;<\/span><\/p>\n<p><span>Andersen a Eastham po\u017e\u00e1dali CDC, aby poradili poskytovatel\u016fm zdravotn\u00ed p\u00e9\u010de, kte\u0159\u00ed zadaj\u00ed jeden z nov\u00fdch k\u00f3d\u016f, aby tak\u00e9 zadali dal\u0161\u00ed k\u00f3d, kter\u00fd ozna\u010duje, pro\u010d jednotlivec nebyl o\u010dkov\u00e1n nebo nedoo\u010dkov\u00e1n, d\u016fvody v\u010detn\u011b kontraindikace nebo kv\u016fli \u201eodsouzen\u00ed nebo tlaku vrstevn\u00edk\u016f\u201c.<\/span><\/p>\n<p><span>Koment\u00e1\u0159e z\u00edskal The Epoch Times prost\u0159ednictv\u00edm z\u00e1kona o svobod\u011b informac\u00ed.<\/span><\/p>\n<p><span>V\u011bt\u0161ina poskytovatel\u016f a dal\u0161\u00edch zdravotnick\u00fdch skupin, kter\u00e9 hovo\u0159ily, v\u010detn\u011b Americk\u00e9 asociace pro management zdravotn\u00edch informac\u00ed (AHIMA), na \u017e\u00e1dosti nereagovala.<\/span><\/p>\n<p><span>AHIP odm\u00edtla sd\u011blit, jak\u00e9 \u0161kolen\u00ed nab\u00eddla lidem, na kter\u00e9 se vztahuj\u00ed nov\u00e9 k\u00f3dy.\u00a0Mluv\u010d\u00ed pouk\u00e1zala na \u010dl\u00e1nek z 28. \u00fanora 2022, kter\u00fd podrobn\u011b popisuje kroky k podpo\u0159e o\u010dkov\u00e1n\u00ed ze strany poskytovatel\u016f.<\/span><\/p>\n<p><span>K\u00f3dy jsou sou\u010d\u00e1st\u00ed 10. vyd\u00e1n\u00ed MKN.\u00a0Sv\u011btov\u00e1 zdravotnick\u00e1 organizace Organizace spojen\u00fdch n\u00e1rod\u016f je dr\u017eitelem autorsk\u00fdch pr\u00e1v k MKN-10, ale povolila vl\u00e1d\u011b USA, aby p\u0159evzala vyd\u00e1n\u00ed, uvedla CDC.\u00a0Nov\u00e9 k\u00f3dy nejsou sou\u010d\u00e1st\u00ed ICD Sv\u011btov\u00e9 zdravotnick\u00e9 organizace.<\/span><\/p>\n<p><span>V\u0161echny zdravotnick\u00e9 organizace, na kter\u00e9 se vztahuje z\u00e1kon o p\u0159enositelnosti a odpov\u011bdnosti zdravotn\u00edho poji\u0161t\u011bn\u00ed, mus\u00ed pou\u017e\u00edvat americkou verzi ICD.\u00a0Americk\u00e1 verze se aktualizuje alespo\u0148 jednou ro\u010dn\u011b.\u00a0K\u00f3dovan\u00e1 data ICD od poskytovatel\u016f p\u00e9\u010de umo\u017e\u0148uj\u00ed zdravotnick\u00fdm \u00fa\u0159edn\u00edk\u016fm \u201eprov\u00e1d\u011bt mnoho \u010dinnost\u00ed souvisej\u00edc\u00edch s nemoc\u00ed,\u201c uv\u00e1d\u00ed CDC.\u00a0To tak\u00e9 znamen\u00e1, \u017ee l\u00e9ka\u0159 o\u0161et\u0159uj\u00edc\u00ed nov\u00e9ho pacienta m\u016f\u017ee snadno z\u00edskat jeho anamn\u00e9zu.<\/span><\/p>\n<p><span>P\u0159edstavitel\u00e9 ve\u0159ejn\u00e9ho zdrav\u00ed byli do zna\u010dn\u00e9 m\u00edry pro zaveden\u00ed k\u00f3d\u016f, proto\u017ee neo\u010dkovan\u00ed nebo nedoo\u010dkov\u00e1n\u00ed bylo \u201erizikov\u00fdm faktorem\u201c.<\/span><\/p>\n<p><span>&#8222;AHIMA podpo\u0159ila nov\u00e9 k\u00f3dy nedostate\u010dn\u00e9ho o\u010dkov\u00e1n\u00ed pro status COVID-19, proto\u017ee neo\u010dkovanost nebo \u010d\u00e1ste\u010dn\u00e1 vakcinace je zdravotn\u00edm rizikov\u00fdm faktorem, kter\u00fd zvy\u0161uje riziko nemocnosti a \u00famrtnosti jednotlivce,&#8220; \u0159ekla mluv\u010d\u00ed AHIMA The Epoch Times per E-Mail.<\/span><\/p>\n<p><span>\u201eK\u00f3dovac\u00ed syst\u00e9m MKN-10-CM obsahuje k\u00f3dy pro mnoho zdravotn\u00edch rizikov\u00fdch faktor\u016f a stav COVID-19 p\u0159edstavuje dal\u0161\u00ed typ rizikov\u00e9ho faktoru pro neo\u010dkovanost.\u00a0Je d\u016fle\u017eit\u00e9, aby bylo mo\u017en\u00e9 identifikovat faktory ovliv\u0148uj\u00edc\u00ed zdravotn\u00ed stav pacienta, aby si poskytovatel\u00e9 zdravotn\u00ed p\u00e9\u010de byli v\u011bdomi zv\u00fd\u0161en\u00e9ho rizika dan\u00e9 osoby.\u201c<\/span><\/p>\n<p><span>N\u011bkte\u0159\u00ed odborn\u00edci se domn\u00edvaj\u00ed, \u017ee pro nov\u00e9 k\u00f3dy neexistuje \u017e\u00e1dn\u00e1 l\u00e9ka\u0159sk\u00e1 indikace, proto\u017ee v\u011bt\u0161ina Ameri\u010dan\u016f je vystavena n\u00edzk\u00e9mu riziku COVID-19.<\/span><\/p>\n<p><span>&#8222;Je pro m\u011b t\u011b\u017ek\u00e9 vid\u011bt jakoukoli l\u00e9ka\u0159skou indikaci pro pou\u017eit\u00ed t\u011bchto k\u00f3d\u016f,&#8220; \u0159ekl pediatr Dr.\u00a0Todd Porter do Epoch Times.\u00a0\u201eNed\u011bl\u00e1me to pro ch\u0159ipku, kter\u00e1 m\u00e1 vy\u0161\u0161\u00ed IFR [pom\u011br \u00famrtnosti na infekce] ne\u017e COVID-19 v mlad\u0161\u00edch v\u011bkov\u00fdch skupin\u00e1ch.\u00a0Pou\u017eit\u00ed t\u011bchto k\u00f3d\u016f tak\u00e9 ignoruje p\u0159\u00edsp\u011bvek p\u0159irozen\u00e9 imunity, kter\u00e1 se uk\u00e1zala b\u00fdt robustn\u011bj\u0161\u00ed ne\u017e vakcina\u010dn\u00ed imunita.\u201c<\/span><\/p>\n<p><span style=\"font-size: 18pt;\"><strong>CDC odm\u00edt\u00e1 \u010dlen\u016fm Kongresu odpov\u011bd\u011bt<\/strong><\/span><\/p>\n<p><span>CDC mezit\u00edm odm\u00edtlo odpov\u011bd\u011bt na ot\u00e1zky \u010dlen\u016f Kongresu ohledn\u011b k\u00f3d\u016f.<\/span><\/p>\n<p><span>Rep. Chip Roy (R-Texas) a dev\u011bt dal\u0161\u00edch \u010dlen\u016f Kongresu uvedlo, \u017ee jsou znepokojeni t\u00edm, \u017ee feder\u00e1ln\u00ed vl\u00e1da z\u0159ejm\u011b shroma\u017e\u010fuje \u00fadaje o osobn\u00edch volb\u00e1ch Ameri\u010dan\u016f, p\u0159i\u010dem\u017e se domn\u00edvaj\u00ed, \u017ee \u00fadaje \u201eneslou\u017e\u00ed \u017e\u00e1dn\u00e9mu v\u00e1\u017en\u00e9mu \u00fa\u010delu\u201c k l\u00e9\u010db\u011b pacient\u016f. zdravotn\u00ed podm\u00ednky.&#8220;<\/span><\/p>\n<p><span>\u201eSyst\u00e9m ICD byl p\u016fvodn\u011b ur\u010den ke klasifikaci diagn\u00f3z a d\u016fvod\u016f n\u00e1v\u0161t\u011bv l\u00e9ka\u0159e, nikoli ke sledov\u00e1n\u00ed osobn\u00edch l\u00e9ka\u0159sk\u00fdch rozhodnut\u00ed americk\u00fdch ob\u010dan\u016f.\u00a0Vzhledem k hlubok\u00e9mu pocitu nejistoty a ned\u016fv\u011bry, kter\u00fd mnoho Ameri\u010dan\u016f poci\u0165uje v\u016f\u010di CDC a l\u00e9ka\u0159sk\u00e9mu establishmentu obecn\u011b, je d\u016fle\u017eit\u00e9, aby CDC objasnilo \u00fa\u010del t\u011bchto nov\u00fdch kodex\u016f,\u201c uvedli \u010dlenov\u00e9, kte\u0159\u00ed odpov\u00eddali na ot\u00e1zky, jako jsou ty o Popt\u00e1vce. Opat\u0159en\u00ed CDC na ochranu soukrom\u00fdch zdravotn\u00edch informac\u00ed Ameri\u010dan\u016f.<\/span><\/p>\n<p><span>CDC neodpov\u011bd\u011blo na dopis ze 14. \u00fanora, \u0159ekli \u010dlenov\u00e9 The Epoch Times.<\/span><\/p>\n<p><span>\u201ePolo\u017eil jsem p\u011bt jednoduch\u00fdch ot\u00e1zek o bezprecedentn\u00edm sledov\u00e1n\u00ed CDC, pro\u010d Ameri\u010dan\u00e9 odm\u00edtaj\u00ed vakc\u00ednu COVID-19.\u00a0CDC zat\u00edm na tyto z\u00e1kladn\u00ed ot\u00e1zky odm\u00edtalo odpov\u011bd\u011bt.\u00a0Americk\u00fd lid si zaslou\u017e\u00ed odpov\u011bdi na to, jak\u00e1 data CDC o Ameri\u010danech shroma\u017e\u010fuje a pro\u010d,\u201c \u0159ekl Roy listu The Epoch Times v e-mailov\u00e9m prohl\u00e1\u0161en\u00ed.<\/span><\/p>\n<p><span>\u201eAmerick\u00e1 ve\u0159ejnost si zaslou\u017e\u00ed v\u011bd\u011bt, co CDC d\u011bl\u00e1 s jejich osobn\u00edmi informacemi.\u00a0Nyn\u00ed je to v\u00edce ne\u017e m\u011bs\u00edc a p\u016fl a CDC n\u00e1m st\u00e1le odm\u00edt\u00e1 sd\u011blit, pro\u010d sleduje d\u016fvody Ameri\u010dan\u016f, pro\u010d neo\u010dkovat vakc\u00ednou COVID-19,\u201c dodal poslanec Josh Brecheen (R-Okla.).\u00a0&#8222;CDC se mus\u00ed zodpov\u00eddat americk\u00e9mu da\u0148ov\u00e9mu poplatn\u00edkovi.&#8220;<\/span><\/p>\n<\/div>\n<\/div>\n<div class=\"elementor-element elementor-element-8c57238 quelle dc-has-condition dc-condition-empty elementor-widget elementor-widget-heading\" data-id=\"8c57238\" data-element_type=\"widget\" data-widget_type=\"heading.default\">\n<div class=\"elementor-widget-container\">\n<h3 class=\"elementor-heading-title elementor-size-default\"><span style=\"font-size: 8pt;\"><a href=\"https:\/\/www.theepochtimes.com\/new-medical-codes-for-covid-19-vaccination-status-used-to-track-people-cdc-confirms_5173498.html?utm_source=partner&amp;utm_campaign=ZeroHedge&amp;src_src=partner&amp;src_cmp=ZeroHedge\" target=\"_blank\" rel=\"nofollow noopener\">ZDROJ<\/a><\/span><\/h3>\n<\/div>\n<\/div>\n<p>&nbsp;<\/p>\n<p>&nbsp;<\/p>\n<p><img decoding=\"async\" loading=\"lazy\" class=\"wp-image-19187 aligncenter\" src=\"http:\/\/www.infokuryr.cz\/n\/wp-content\/uploads\/2022\/12\/1-PRO-300x36.jpg\" alt=\"\" width=\"1250\" height=\"150\" srcset=\"https:\/\/www.infokuryr.cz\/n\/wp-content\/uploads\/2022\/12\/1-PRO-300x36.jpg 300w, https:\/\/www.infokuryr.cz\/n\/wp-content\/uploads\/2022\/12\/1-PRO.jpg 699w\" sizes=\"(max-width: 1250px) 100vw, 1250px\" \/><\/p>\n<p>&nbsp;<\/p>\n<p>&nbsp;<\/p>\n<p><img decoding=\"async\" loading=\"lazy\" class=\"wp-image-24737 aligncenter\" src=\"http:\/\/www.infokuryr.cz\/n\/wp-content\/uploads\/2023\/03\/cesko_proti_bide2-239x300.png\" alt=\"\" width=\"748\" height=\"939\" srcset=\"https:\/\/www.infokuryr.cz\/n\/wp-content\/uploads\/2023\/03\/cesko_proti_bide2-239x300.png 239w, https:\/\/www.infokuryr.cz\/n\/wp-content\/uploads\/2023\/03\/cesko_proti_bide2-816x1024.png 816w, https:\/\/www.infokuryr.cz\/n\/wp-content\/uploads\/2023\/03\/cesko_proti_bide2-768x964.png 768w, https:\/\/www.infokuryr.cz\/n\/wp-content\/uploads\/2023\/03\/cesko_proti_bide2.png 846w\" sizes=\"(max-width: 748px) 100vw, 748px\" \/><\/p>\n<p>&nbsp;<\/p>\n<p>&nbsp;<\/p>\n<p>&nbsp;<\/p>\n","protected":false},"excerpt":{"rendered":"<p>Ke sledov\u00e1n\u00ed lid\u00ed se pou\u017e\u00edvaj\u00ed nov\u00e9 l\u00e9ka\u0159sk\u00e9 k\u00f3dy pro stav o\u010dkov\u00e1n\u00ed proti COVID-19, potvrzuje CDC&#8230;<\/p>\n","protected":false},"author":2,"featured_media":2618,"comment_status":"closed","ping_status":"closed","sticky":false,"template":"","format":"standard","meta":[],"categories":[7],"tags":[1037,4724,1043,37],"_links":{"self":[{"href":"https:\/\/www.infokuryr.cz\/n\/wp-json\/wp\/v2\/posts\/25911"}],"collection":[{"href":"https:\/\/www.infokuryr.cz\/n\/wp-json\/wp\/v2\/posts"}],"about":[{"href":"https:\/\/www.infokuryr.cz\/n\/wp-json\/wp\/v2\/types\/post"}],"author":[{"embeddable":true,"href":"https:\/\/www.infokuryr.cz\/n\/wp-json\/wp\/v2\/users\/2"}],"replies":[{"embeddable":true,"href":"https:\/\/www.infokuryr.cz\/n\/wp-json\/wp\/v2\/comments?post=25911"}],"version-history":[{"count":1,"href":"https:\/\/www.infokuryr.cz\/n\/wp-json\/wp\/v2\/posts\/25911\/revisions"}],"predecessor-version":[{"id":25912,"href":"https:\/\/www.infokuryr.cz\/n\/wp-json\/wp\/v2\/posts\/25911\/revisions\/25912"}],"wp:featuredmedia":[{"embeddable":true,"href":"https:\/\/www.infokuryr.cz\/n\/wp-json\/wp\/v2\/media\/2618"}],"wp:attachment":[{"href":"https:\/\/www.infokuryr.cz\/n\/wp-json\/wp\/v2\/media?parent=25911"}],"wp:term":[{"taxonomy":"category","embeddable":true,"href":"https:\/\/www.infokuryr.cz\/n\/wp-json\/wp\/v2\/categories?post=25911"},{"taxonomy":"post_tag","embeddable":true,"href":"https:\/\/www.infokuryr.cz\/n\/wp-json\/wp\/v2\/tags?post=25911"}],"curies":[{"name":"wp","href":"https:\/\/api.w.org\/{rel}","templated":true}]}}