{"id":25904,"date":"2023-04-11T00:59:12","date_gmt":"2023-04-10T22:59:12","guid":{"rendered":"http:\/\/www.infokuryr.cz\/n\/?p=25904"},"modified":"2023-04-10T10:16:06","modified_gmt":"2023-04-10T08:16:06","slug":"macron-odmita-podporovat-americkou-linii-vuci-cine","status":"publish","type":"post","link":"https:\/\/www.infokuryr.cz\/n\/2023\/04\/11\/macron-odmita-podporovat-americkou-linii-vuci-cine\/","title":{"rendered":"Macron odm\u00edt\u00e1 podporovat americkou linii v\u016f\u010di \u010c\u00edn\u011b"},"content":{"rendered":"<div id=\"fb-root\"><\/div>\n<h2><span style=\"font-size: 18pt;\"><strong>Francouzsk\u00fd prezident se distancoval od konfronta\u010dn\u00ed politiky Washingtonu v\u016f\u010di Tchaj-wanu<\/strong><\/span><\/h2>\n<p><span>Z\u00e1padn\u00ed Evropa mus\u00ed usilovat o\u00a0<\/span><em><span>\u201estrategickou autonomii\u201c<\/span><\/em><span>\u00a0a vyhnout se zata\u017een\u00ed do konfrontac\u00ed jm\u00e9nem USA, \u0159ekl Emmanuel Macron v ned\u011bli Politico.\u00a0Francouzsk\u00fd prezident u\u017e d\u0159\u00edve podobn\u00fdm zp\u016fsobem tvrdil, ale p\u0159esto n\u00e1sledoval p\u0159\u00edklad Washingtonu ohledn\u011b Ukrajiny.<\/span><\/p>\n<p><span>V rozhovoru, kter\u00fd tento t\u00fdden cestoval po \u010c\u00edn\u011b, \u0159ekl Macron zpravodajsk\u00e9mu webu, \u017ee \u201e\u00a0<\/span><em><span>Evropa \u010del\u00ed\u00a0<\/span><\/em>\u00a0<em><span>velk\u00e9mu riziku\u201c,<\/span><\/em><span>\u00a0pokud\u00a0<\/span><em><span>\u201ese dostane do kriz\u00ed, kter\u00e9 nejsou na\u0161e\u201c.<\/span><\/em><\/p>\n<p><em><span>\u201eParadoxem by bylo, \u017ee p\u0159ekon\u00e1ni panikou v\u011b\u0159\u00edme, \u017ee jsme jen n\u00e1sledovn\u00edci Ameriky,\u201c\u00a0<\/span><\/em><a href=\"https:\/\/www.politico.eu\/article\/emmanuel-macron-china-america-pressure-interview\/\" target=\"_blank\" rel=\"noopener noreferrer\"><span>\u0159ekl<\/span><\/a><span>\u00a0Macron\u00a0.\u00a0<\/span><em><span>\u201eOt\u00e1zka, kterou mus\u00ed Evropan\u00e9 zodpov\u011bd\u011bt\u2026 je v na\u0161em z\u00e1jmu urychlit [krizi] na Tchaj-wanu?\u00a0Ne. Nejhor\u0161\u00ed by bylo myslet si, \u017ee my Evropan\u00e9 se mus\u00edme st\u00e1t n\u00e1sledovn\u00edky tohoto t\u00e9matu a vz\u00edt si p\u0159\u00edklad z americk\u00e9 agendy a p\u0159ehnan\u00e9 \u010d\u00ednsk\u00e9 reakce.\u201c<\/span><\/em><\/p>\n<p><span>Macron se p\u0159ed rozhovorem setkal s \u010d\u00ednsk\u00fdm prezidentem Si \u0164in-pchingem a pot\u00e9 do\u0161el k z\u00e1v\u011bru, \u017ee pokud\u00a0<\/span><em><span>\u201eEvropan\u00e9 nedok\u00e1\u017eou vy\u0159e\u0161it krizi na Ukrajin\u011b, jak m\u016f\u017eeme v\u011brohodn\u011b \u0159\u00edci o Tchaj-wanu: \u201apozor, pokud ud\u011bl\u00e1te n\u011bco \u0161patn\u00e9ho, \u200b\u200bbudeme tam\u2018?\u00a0<\/span><\/em><\/p>\n<p><span>N\u011bkolik hodin pot\u00e9, co Macron opustil \u010d\u00ednsk\u00fd vzdu\u0161n\u00fd prostor, zah\u00e1jil Peking kolem Tchaj-wanu vojensk\u00e1 cvi\u010den\u00ed, co\u017e je krok \u0161iroce vn\u00edman\u00fd jako reakce na to, \u017ee v\u016fdce ostrova Tsai Ing-Wen uspo\u0159\u00e1dal ve st\u0159edu v Kalifornii sch\u016fzku s americk\u00fdmi z\u00e1konod\u00e1rci.<\/span><\/p>\n<p><span>Vztahy mezi \u010c\u00ednou a USA jsou na historick\u00e9m minimu, p\u0159i\u010dem\u017e americk\u00fd prezident Joe Biden loni p\u0159i n\u011bkolika p\u0159\u00edle\u017eitostech navrhl, aby Washington vojensky zas\u00e1hl, aby zabr\u00e1nil Pekingu znovusjednotit Tchaj-wan s pevninou.\u00a0Zat\u00edmco sv\u011btov\u00ed l\u00edd\u0159i v\u010detn\u011b Macrona jsou zd\u00e1nliv\u011b spokojeni s t\u00edm, \u017ee z\u016fst\u00e1vaj\u00ed stranou tchajwansk\u00e9 patov\u00e9 situace, jejich nal\u00e9h\u00e1n\u00ed na tla\u010den\u00ed \u010c\u00edny, aby odsuzovala Rusko kv\u016fli jeho vojensk\u00e9 operaci na Ukrajin\u011b, podle zpr\u00e1v m\u00e9di\u00ed a koment\u00e1\u0159\u016f\u00a0<\/span><a href=\"https:\/\/www.rt.com\/news\/573953-china-eu-leyen-speech\/\" target=\"_blank\" rel=\"noopener noreferrer\"><span>\u010d\u00ednsk\u00fdch<\/span><\/a><span>\u00a0p\u0159edstavitel\u016f\u00a0<\/span><a href=\"https:\/\/www.rt.com\/news\/573953-china-eu-leyen-speech\/\" target=\"_blank\" rel=\"noopener noreferrer\"><span>Si<\/span><\/a><span>\u00a0\u0164in-pchinga rozzlobilo.\u00a0<\/span><\/p>\n<p><span>Konflikt na Ukrajin\u011b tak\u00e9 do zna\u010dn\u00e9 m\u00edry zma\u0159il diskuse o \u201estrategick\u00e9 autonomii\u201c v Evrop\u011b.\u00a0Zat\u00edmco Macron a b\u00fdval\u00e1 n\u011bmeck\u00e1 kancl\u00e9\u0159ka Angela Merkelov\u00e1 v posledn\u00edch letech rozs\u00e1hle hovo\u0159ili o sn\u00ed\u017een\u00ed sv\u00e9 z\u00e1vislosti na USA, zm\u011bna moci v Berl\u00edn\u011b zp\u016fsobila, \u017ee vl\u00e1da Olafa Scholze zvr\u00e1tila desetilet\u00ed pacifistick\u00e9 zahrani\u010dn\u00ed politiky, aby vyzbrojila Ukrajinu na p\u0159\u00edkaz Washingtonu, zat\u00edmco Francie i N\u011bmecko dodalo kyjevsk\u00fdm sil\u00e1m obrn\u011bn\u00e1 vozidla, munici a v p\u0159\u00edpad\u011b N\u011bmecka tanky.<\/span><\/p>\n<p><span>S rostouc\u00edmi n\u00e1klady na energii a inflac\u00ed p\u0159isp\u00edvaj\u00edc\u00edmi k dom\u00e1c\u00ed nestabilit\u011b Macron p\u0159esto podpo\u0159il v\u0161ech 10 protirusk\u00fdch sank\u010dn\u00edch bal\u00ed\u010dk\u016f EU.\u00a0Navzdory tomu, \u017ee od lo\u0148sk\u00e9ho \u00fanora n\u011bkolikr\u00e1t hovo\u0159il s rusk\u00fdm prezidentem Vladimirem Putinem, Macron nedok\u00e1zal p\u0159im\u011bt Kreml k zastaven\u00ed jeho operace na Ukrajin\u011b.<\/span><\/p>\n<p><span>Francouzsk\u00fd prezident\u00a0<\/span><em><span>\u201est\u00e1le mluv\u00ed o strategick\u00e9 nez\u00e1vislosti EU,\u201c<\/span><\/em><span>\u00a0poznamenal loni v l\u00e9t\u011b rusk\u00fd ministr zahrani\u010d\u00ed Sergej Lavrov a dodal:\u00a0<\/span><em><span>\u201eJsem si jist\u00fd, \u017ee jim to nebude dovoleno\u201c.<\/span><\/em><\/p>\n<p><img decoding=\"async\" loading=\"lazy\" class=\"alignnone size-full wp-image-1185\" src=\"http:\/\/www.infokuryr.cz\/n\/wp-content\/uploads\/2021\/04\/kuryr-podpis.png\" alt=\"\" width=\"84\" height=\"24\" \/><\/p>\n<p>&nbsp;<\/p>\n<p>&nbsp;<\/p>\n<p><img decoding=\"async\" loading=\"lazy\" class=\"wp-image-19187 aligncenter\" src=\"http:\/\/www.infokuryr.cz\/n\/wp-content\/uploads\/2022\/12\/1-PRO-300x36.jpg\" alt=\"\" width=\"1275\" height=\"153\" srcset=\"https:\/\/www.infokuryr.cz\/n\/wp-content\/uploads\/2022\/12\/1-PRO-300x36.jpg 300w, https:\/\/www.infokuryr.cz\/n\/wp-content\/uploads\/2022\/12\/1-PRO.jpg 699w\" sizes=\"(max-width: 1275px) 100vw, 1275px\" \/><\/p>\n<p>&nbsp;<\/p>\n<p>&nbsp;<\/p>\n<p><img decoding=\"async\" loading=\"lazy\" class=\"wp-image-24737 aligncenter\" src=\"http:\/\/www.infokuryr.cz\/n\/wp-content\/uploads\/2023\/03\/cesko_proti_bide2-239x300.png\" alt=\"\" width=\"695\" height=\"872\" srcset=\"https:\/\/www.infokuryr.cz\/n\/wp-content\/uploads\/2023\/03\/cesko_proti_bide2-239x300.png 239w, https:\/\/www.infokuryr.cz\/n\/wp-content\/uploads\/2023\/03\/cesko_proti_bide2-816x1024.png 816w, https:\/\/www.infokuryr.cz\/n\/wp-content\/uploads\/2023\/03\/cesko_proti_bide2-768x964.png 768w, https:\/\/www.infokuryr.cz\/n\/wp-content\/uploads\/2023\/03\/cesko_proti_bide2.png 846w\" sizes=\"(max-width: 695px) 100vw, 695px\" \/><\/p>\n<p>&nbsp;<\/p>\n","protected":false},"excerpt":{"rendered":"<p>Francouzsk\u00fd prezident se distancoval od konfronta\u010dn\u00ed politiky Washingtonu v\u016f\u010di Tchaj-wanu Z\u00e1padn\u00ed Evropa mus\u00ed usilovat o\u00a0\u201estrategickou&#8230;<\/p>\n","protected":false},"author":2,"featured_media":1158,"comment_status":"closed","ping_status":"closed","sticky":false,"template":"","format":"standard","meta":[],"categories":[7],"tags":[30,307,37],"_links":{"self":[{"href":"https:\/\/www.infokuryr.cz\/n\/wp-json\/wp\/v2\/posts\/25904"}],"collection":[{"href":"https:\/\/www.infokuryr.cz\/n\/wp-json\/wp\/v2\/posts"}],"about":[{"href":"https:\/\/www.infokuryr.cz\/n\/wp-json\/wp\/v2\/types\/post"}],"author":[{"embeddable":true,"href":"https:\/\/www.infokuryr.cz\/n\/wp-json\/wp\/v2\/users\/2"}],"replies":[{"embeddable":true,"href":"https:\/\/www.infokuryr.cz\/n\/wp-json\/wp\/v2\/comments?post=25904"}],"version-history":[{"count":0,"href":"https:\/\/www.infokuryr.cz\/n\/wp-json\/wp\/v2\/posts\/25904\/revisions"}],"wp:featuredmedia":[{"embeddable":true,"href":"https:\/\/www.infokuryr.cz\/n\/wp-json\/wp\/v2\/media\/1158"}],"wp:attachment":[{"href":"https:\/\/www.infokuryr.cz\/n\/wp-json\/wp\/v2\/media?parent=25904"}],"wp:term":[{"taxonomy":"category","embeddable":true,"href":"https:\/\/www.infokuryr.cz\/n\/wp-json\/wp\/v2\/categories?post=25904"},{"taxonomy":"post_tag","embeddable":true,"href":"https:\/\/www.infokuryr.cz\/n\/wp-json\/wp\/v2\/tags?post=25904"}],"curies":[{"name":"wp","href":"https:\/\/api.w.org\/{rel}","templated":true}]}}