{"id":2590,"date":"2021-06-17T06:19:59","date_gmt":"2021-06-17T04:19:59","guid":{"rendered":"http:\/\/www.infokuryr.cz\/n\/?p=2590"},"modified":"2021-06-17T06:19:59","modified_gmt":"2021-06-17T04:19:59","slug":"s-waltrem-kraftem-se-neparali-dostal-flastr-pravomocne","status":"publish","type":"post","link":"https:\/\/www.infokuryr.cz\/n\/2021\/06\/17\/s-waltrem-kraftem-se-neparali-dostal-flastr-pravomocne\/","title":{"rendered":"S Waltrem Kraftem se nep\u00e1rali, dostal flastr, pravomocn\u011b!!!"},"content":{"rendered":"<div id=\"fb-root\"><\/div>\n<p>Ned\u00e1vno jsem na Kose psal o politick\u00e9m procesu na\u0161\u00ed justice s ob\u010dansk\u00fdm aktivistou Walterem Kraftem. Viz\u00a0<a href=\"https:\/\/www.blogger.com\/#\">Navalnyj versus Walter Kraft DOPLN\u011aNO<\/a>\u00a0<a href=\"https:\/\/www.blogger.com\/#\">KRAFT U\u017d ODSOUZEN !!!!!!!!!!!<\/a><br \/>\nTenkr\u00e1t se jednalo o verdikt p\u0159ed prvn\u00ed instanc\u00ed. Dnes, u\u017e je v\u0161e pr\u00e1voplatn\u00e9. Rozhodnut\u00edm odvolac\u00edho soudu.<\/p>\n<p>Detaily viz FB Petra Hampla:<\/p>\n<p>M\u011bstsk\u00fd soud v Praze dnes potvrdil rozsudek nad Walterem Kraftem. Je tak otev\u0159ena cesta k trestn\u00edmu st\u00edh\u00e1n\u00ed, Hampla, Kurase, Tomsk\u00e9ho, Kechlibara, Kov\u00e1\u0159ov\u00e9, Samkov\u00e9, Vondru\u0161ky a des\u00edtek dal\u0161\u00edch.<br \/>\nNep\u0159edstavujte si \u017e\u00e1dn\u00e9 emotivn\u00ed soudn\u00ed jedn\u00e1n\u00ed. Walterovi prost\u011b p\u0159e\u010detli p\u0159ipraven\u00fd rozsudek. Moje shrnut\u00ed:<\/p>\n<div>\n1) P\u0159edsedkyn\u011b sen\u00e1tu se odvol\u00e1vala na rozsudky Evropsk\u00e9ho soudu pro lidsk\u00e1 pr\u00e1va. Je pravda, \u017ee tam u\u017e d\u00e1vno neztr\u00e1cej\u00ed s lidsk\u00fdmi pr\u00e1vy p\u016fvodn\u00edch obyvatel Evropy \u010das.<\/p>\n<p>2) D\u00e1le bylo konstatov\u00e1no, \u017ee pokud prokur\u00e1tor nabyde subjektivn\u00edho pocitu, \u017ee n\u011bjak\u00fd projev je nen\u00e1vistn\u00fd, je to dostate\u010dn\u00fd z\u00e1klad pro odsouzen\u00ed.<\/p>\n<p>3) Dokazov\u00e1n\u00ed je v takov\u00e9m p\u0159\u00edpad\u011b nadbyte\u010dn\u00e9. Dokazovat se m\u016f\u017ee, zda to ob\u017ealovan\u00fd opravdu napsal. Ale ohledn\u011b nen\u00e1vistnosti \u010di nebezpe\u010dnosti textu nen\u00ed co \u0159e\u0161it. Pocit prokur\u00e1tora sta\u010d\u00ed.<\/p>\n<p>4) P\u0159\u00edtomn\u00fd st\u00e1tn\u00ed z\u00e1stupce vyj\u00e1d\u0159il n\u00e1zor, \u017ee po\u017eadovat, aby arm\u00e1da p\u0159i ochran\u011b hranic pou\u017e\u00edvala vojensk\u00e9 zbran\u011b, takov\u00fd po\u017eadavek m\u00e1 b\u00fdt s\u00e1m o sob\u011b trest\u00e1n.<\/p>\n<p>5) Walter\u016fv obh\u00e1jce Petr Hol\u00fd spr\u00e1vn\u011b poznamenal, \u017ee od t\u00e9to chv\u00edle m\u016f\u017ee b\u00fdt odsouzen kdokoliv kdykoliv za jak\u00fdkoliv text. Sta\u010d\u00ed, aby se na\u0161el aspo\u0148 jeden st\u00e1tn\u00ed z\u00e1stupce, kter\u00fd prohl\u00e1s\u00ed, \u017ee mu to\u00a0<b>P\u0158IPAD\u00c1<\/b>\u00a0nen\u00e1vistn\u00e9.<\/p>\n<p>Nec\u00edt\u00edm pot\u0159ebu cokoliv dod\u00e1vat! Liber\u00e1ln\u00ed demokracie v praxi.<\/p><\/div>\n<div><\/div>\n<div>Petr Hampl<\/div>\n<div><\/div>\n<div><i>(Na sn\u00edmku ve skand\u00e1ln\u00edm procesu odsouzen\u00fd Walter Kraft)<\/i><\/div>\n<div><\/div>\n","protected":false},"excerpt":{"rendered":"<p>Ned\u00e1vno jsem na Kose psal o politick\u00e9m procesu na\u0161\u00ed justice s ob\u010dansk\u00fdm aktivistou Walterem Kraftem&#8230;.<\/p>\n","protected":false},"author":2,"featured_media":2591,"comment_status":"closed","ping_status":"closed","sticky":false,"template":"","format":"standard","meta":[],"categories":[6],"tags":[33,648,520,48],"_links":{"self":[{"href":"https:\/\/www.infokuryr.cz\/n\/wp-json\/wp\/v2\/posts\/2590"}],"collection":[{"href":"https:\/\/www.infokuryr.cz\/n\/wp-json\/wp\/v2\/posts"}],"about":[{"href":"https:\/\/www.infokuryr.cz\/n\/wp-json\/wp\/v2\/types\/post"}],"author":[{"embeddable":true,"href":"https:\/\/www.infokuryr.cz\/n\/wp-json\/wp\/v2\/users\/2"}],"replies":[{"embeddable":true,"href":"https:\/\/www.infokuryr.cz\/n\/wp-json\/wp\/v2\/comments?post=2590"}],"version-history":[{"count":0,"href":"https:\/\/www.infokuryr.cz\/n\/wp-json\/wp\/v2\/posts\/2590\/revisions"}],"wp:featuredmedia":[{"embeddable":true,"href":"https:\/\/www.infokuryr.cz\/n\/wp-json\/wp\/v2\/media\/2591"}],"wp:attachment":[{"href":"https:\/\/www.infokuryr.cz\/n\/wp-json\/wp\/v2\/media?parent=2590"}],"wp:term":[{"taxonomy":"category","embeddable":true,"href":"https:\/\/www.infokuryr.cz\/n\/wp-json\/wp\/v2\/categories?post=2590"},{"taxonomy":"post_tag","embeddable":true,"href":"https:\/\/www.infokuryr.cz\/n\/wp-json\/wp\/v2\/tags?post=2590"}],"curies":[{"name":"wp","href":"https:\/\/api.w.org\/{rel}","templated":true}]}}