{"id":25891,"date":"2023-04-10T04:58:21","date_gmt":"2023-04-10T02:58:21","guid":{"rendered":"http:\/\/www.infokuryr.cz\/n\/?p=25891"},"modified":"2023-04-10T04:58:21","modified_gmt":"2023-04-10T02:58:21","slug":"jdi-a-podivej-se-maria-lvova-belova-hovori-o-starosti-o-deti-donbasu","status":"publish","type":"post","link":"https:\/\/www.infokuryr.cz\/n\/2023\/04\/10\/jdi-a-podivej-se-maria-lvova-belova-hovori-o-starosti-o-deti-donbasu\/","title":{"rendered":"\u201cJdi a pod\u00edvej se\u201d. Maria Lvov\u00e1-B\u011blov\u00e1 hovo\u0159\u00ed o starosti o d\u011bti Donbasu"},"content":{"rendered":"<div id=\"fb-root\"><\/div>\n<p>Rusk\u00e9 d\u011bti pot\u0159ebuj\u00ed ochranu. Ty, kter\u00e9 ztratily rodi\u010de a domov ve v\u00e1le\u010dn\u00e9 z\u00f3n\u011b. Ty, jejich\u017e otcov\u00e9 ode\u0161li na frontu nebo se z n\u00ed vr\u00e1tili &#8211; n\u011bkdy se zran\u011bn\u00edmi nebo dokonce s invaliditou. Nebo se mo\u017en\u00e1 nikdy nevr\u00e1tili. D\u011bti, kter\u00e9 neonacist\u00e9 st\u0159\u00edleli do zad, kdy\u017e se sna\u017eily ut\u00e9ct z ho\u0159\u00edc\u00edch m\u011bst a vesnic. Kter\u00e9 se ve sv\u00e9m poklidn\u00e9m \u017eivot\u011b setk\u00e1vaj\u00ed s lhostejnost\u00ed a nepochopen\u00edm sv\u00fdch spolu\u017e\u00e1k\u016f a u\u010ditel\u016f, kte\u0159\u00ed jsou od v\u0161ech t\u011bchto probl\u00e9m\u016f vzd\u00e1leni. O tomto \u0159ekla Cargradu Maria Lvov\u00e1-Belov\u00e1, zmocn\u011bnkyn\u011b prezidenta pro pr\u00e1va d\u011bt\u00ed.<\/p>\n<p><em>Cargrad: Naposledy jste byla na Donbasu minul\u00fd rok. M\u016f\u017eete n\u00e1m \u0159\u00edci, jak\u00fdch v\u00fdsledk\u016f bylo za tu dobu dosa\u017eeno? Co bylo pro v\u00e1s osobn\u011b nejd\u016fle\u017eit\u011bj\u0161\u00ed?<\/em><\/p>\n<p><strong>Maria Lvova-Belova<\/strong>: Hlavn\u00edm v\u00fdsledkem jsou d\u011bti Donbasu, kter\u00e9 skon\u010dily v rodin\u00e1ch. Toto sm\u011b\u0159ov\u00e1n\u00ed jsem nevyhled\u00e1vala, p\u0159i\u0161lo samo od sebe. V\u00fdsledkem bylo setk\u00e1n\u00ed s prezidentem. Kdy\u017e za\u010dala evakuace \u00fastav\u016f z r\u016fzn\u00fdch region\u016f, p\u0159i\u0161la jsem za prezidentem a \u0159ekla: &#8222;Pod\u00edvejte se, d\u00e1me ty d\u011bti, kter\u00e9 maj\u00ed ob\u010danstv\u00ed, do rodin?&#8220;. Neuv\u011bdomovala jsem si, kolik jich je. A on \u0159ekl: &#8222;A pro\u010d t\u011bm, kter\u00e9 maj\u00ed ob\u010danstv\u00ed? M\u011bli bychom je d\u00e1t v\u0161em. Kdo m\u00e1 mo\u017enost j\u00edt do rodiny, m\u011bli bychom je poslat v\u0161echny&#8220;.<\/p>\n<p>A za\u010dalo to b\u00fdt d\u011bsiv\u00e9. Proto\u017ee nev\u00edte, jak na to. Proto\u017ee neexistuje \u017e\u00e1dn\u00fd mechanismus.\u00a0<a href=\"https:\/\/dzen.ru\/video\/watch\/63ee72355d448603dad15f43\" target=\"_blank\" rel=\"noopener\">Proto\u017ee je to jin\u00e1 zem\u011b<\/a>. A proto\u017ee d\u011bti, kter\u00e9 k n\u00e1m p\u0159ich\u00e1zely, nejsou vcelku na\u0161e. A my te\u010f mus\u00edme zajistit, aby dost\u00e1valy skute\u010dn\u00e9 rodiny.<\/p>\n<figure class=\"wp-block-image size-large\"><img decoding=\"async\" class=\"alignleft\" src=\"https:\/\/pi-alpha.org\/img\/230306_LB_BDV_4452.jpg\" alt=\"\" \/><figcaption><em>Maria Lvova-Belova. Foto Dmitrij Barchatov \/ Tiskov\u00e1 slu\u017eba Zmocn\u011bnce pro pr\u00e1va d\u011bt\u00ed p\u0159i prezidentu RF<\/em><\/figcaption><\/figure>\n<p>Po setk\u00e1n\u00ed s prezidentem jsem se vydala do M\u00edsta Do\u010dasn\u00e9ho Um\u00edst\u011bn\u00ed a setkala se s prvn\u00edmi d\u011btmi ve Voron\u011b\u017esk\u00e9 oblasti. A ony mi \u0159ekly: &#8222;N\u00e1s nikdy nevezmou, proto\u017ee m\u00e1me velmi po\u010detn\u00e9 rodiny. Je n\u00e1s p\u011bt, \u010dty\u0159i, \u0161est. A n\u00e1s nelze, nen\u00ed mo\u017en\u00e9 n\u00e1s rozd\u011blit. Mohou n\u00e1s vz\u00edt jenom v\u0161echny dohromady&#8220;. \u0158ekla jsem jim: &#8222;Moji mil\u00ed, my je najdeme. Na\u0161e zem\u011b je velk\u00e1, co\u017epak bychom nemohli naj\u00edt n\u011bkoho, kdo by si v\u00e1s vzal?&#8220; Vzpom\u00edn\u00e1m si, jak mi jedna hol\u010di\u010dka plakala na rameni a j\u00e1 j\u00ed sl\u00edbila, \u017ee bude v rodin\u011b. A ona m\u011bla je\u0161t\u011b \u010dty\u0159i bratry!<\/p>\n<p>A vydali jsme se touto cestou. Nepop\u00edr\u00e1m, \u017ee to bylo velmi obt\u00ed\u017en\u00e9. Ale k dne\u0161n\u00edmu dni m\u00e1me 380 d\u011bt\u00ed ze soci\u00e1ln\u00edch \u00fastav\u016f na r\u016fzn\u00fdch \u00fazem\u00edch, kter\u00e9 \u017eij\u00ed ve 20 regionech na\u0161\u00ed zem\u011b &#8211; od Murmanska po Kam\u010datku. \u017dij\u00ed v rodin\u00e1ch, kter\u00e9 jsme pe\u010dliv\u011b vybrali, kter\u00e9 si d\u011bti samy vybraly. P\u0159edstavili jsme je, p\u0159ivezli do region\u016f, gubern\u00e1to\u0159i si je vzali na starost a tyto rodiny doprov\u00e1zeli.<\/p>\n<p>M\u011bli jsme nap\u0159\u00edklad rodinu s p\u011bti d\u011btmi s poruchou sluchu. Dovedete si to p\u0159edstavit, p\u011bt d\u011bt\u00ed, kter\u00e9 nesly\u0161\u00ed?! \u0158ekli byste si, kdo by se jich mohl ujmout? Pro tuto skupinu d\u011bt\u00ed jsme m\u011bli t\u0159i kandid\u00e1tsk\u00e9 rodiny. A bylo na d\u011btech, aby si vybraly, koho cht\u011bj\u00ed. To, co se stalo, byl skute\u010dn\u00fd z\u00e1zrak. A j\u00e1 jsem velmi \u0161\u0165astn\u00e1, \u017ee jsem toho mohla b\u00fdt sou\u010d\u00e1st\u00ed.<\/p>\n<p><em>Cargrad: Z rozhovor\u016f s pracovn\u00edky intern\u00e1tn\u00edch \u0161kol, kter\u00e9 jsme nav\u0161t\u00edvili, vyplynulo, \u017ee d\u011bti z osvobozen\u00fdch \u00fazem\u00ed a z \u00fazem\u00ed, kter\u00e1 jsou st\u00e1le pod kontrolou Ukrajiny, se nyn\u00ed staly velmi v\u00e1\u017en\u00fdm \u00fakolem, dokonce bych \u0159ekl v\u00fdzvou. Mladistv\u00ed z t\u011bchto \u00fazem\u00ed pravideln\u011b p\u0159ich\u00e1zej\u00ed, a to do t\u00e9 m\u00edry, \u017ee je rodi\u010de pos\u00edlaj\u00ed &#8222;zelen\u00fdm koridorem&#8220; s cik\u00e1nsk\u00fdm t\u00e1borem. N\u011bkter\u00e9 z nich odv\u00e1\u017eej\u00ed na\u0161i bojovn\u00edci na obrn\u011bn\u00fdch vozidlech. Jak akutn\u00ed je tato situace nyn\u00ed? Je takov\u00fdch d\u011bt\u00ed odd\u011blen\u00fdch od rodi\u010d\u016f hodn\u011b?<\/em><\/p>\n<p>Je pro n\u00e1s velmi d\u016fle\u017eit\u00e9, aby ka\u017ed\u00e9 d\u00edt\u011b, kter\u00e9 m\u00e1 mo\u017enost ponechat si sv\u00e9 pokrevn\u00ed rodi\u010de, tak u\u010dinilo. Rozhodn\u011b nepracujeme na tom, abychom d\u011bti odeb\u00edrali jejich rodn\u00e9 matce a otci a p\u0159ed\u00e1vali je do n\u011bjak\u00fdch rusk\u00fdch rodin. O to n\u00e1m v\u016fbec nejde. Jako matka vlastn\u00edch i adoptivn\u00edch d\u011bt\u00ed\u00a0<span class=\"color\">(pozn. p\u0159ekladatele &#8211; Maria Lvov\u00e1-B\u011blov\u00e1 m\u00e1 5 vlastn\u00edch a 4 adoptovan\u00e9 d\u011bti)<\/span>\u00a0ch\u00e1pu, \u017ee to nejcenn\u011bj\u0161\u00ed, co m\u016f\u017ee existovat, je pokrevn\u00ed p\u0159\u00edbuzenstv\u00ed. Pokud existuj\u00ed rodi\u010de, kte\u0159\u00ed dok\u00e1\u017e\u00ed sv\u00e9 d\u011bti milovat a vychov\u00e1vat, m\u011bli bychom se o to postarat.<\/p>\n<p>Proto m\u00e1me precedenty, kdy jsme p\u0159edali t\u0159i d\u011bti otci, kter\u00fd slou\u017e\u00ed v ozbrojen\u00fdch sil\u00e1ch VSU. Jejich matka zem\u0159ela a otec si pro n\u011b p\u0159ijel, my jsme mu pomohli a p\u0159edali mu je. Proto\u017ee je to pro n\u00e1s d\u016fle\u017eit\u00e9. Kdy\u017e matka z Charkovsk\u00e9 oblasti ztratila b\u011bhem boj\u016f kontakt se sv\u00fdmi p\u011bti d\u011btmi, kter\u00e9 byly v soci\u00e1ln\u00edm centru, tuto rodinu jsme znovu spojili. A te\u010f jsou tam\u00a0<span class=\"color\">(<a href=\"https:\/\/dzen.ru\/media\/tsargrad.tv\/nas-ne-vozmut-deti-donbassa-ne-dumali-chto-ih-spasut-no-prishla-rossiia-63ee7ec678b2e67b38b417d8\" target=\"_blank\" rel=\"noopener\">v Chersonsk\u00e9 oblasti<\/a>\u00a0&#8211; koment\u00e1\u0159 Cargrad)<\/span>, na \u00fazem\u00ed na\u0161eho velk\u00e9ho Ruska. Pom\u00e1h\u00e1me jim s ubytov\u00e1n\u00edm, se v\u0161\u00edm, co pot\u0159ebuj\u00ed.<\/p>\n<p>Je to pro n\u00e1s opravdu velmi d\u016fle\u017eit\u00e9. Nap\u0159\u00edklad b\u011bhem evakuace z Charkovsk\u00e9 a Chersonsk\u00e9 oblasti bylo do Ruska evakuov\u00e1no velk\u00e9 mno\u017estv\u00ed d\u011bt\u00ed. Podle p\u0159edb\u011b\u017en\u00fdch odhad\u016f se jedn\u00e1 asi o 150 d\u011bt\u00ed.<\/p>\n<p><iframe loading=\"lazy\" src=\"https:\/\/vk.com\/video_ext.php?oid=-75679763&amp;id=456284418&amp;hash=08bf1754ff273edd\" width=\"728\" height=\"410\" frameborder=\"0\" allowfullscreen=\"allowfullscreen\" data-mce-fragment=\"1\"><\/iframe><\/p>\n<p><em>Cardgrad: Jak je p\u0159ed\u00e1v\u00e1n\u00ed d\u011bt\u00ed upraveno z\u00e1konem?<\/em><\/p>\n<p>\u017d\u00e1d\u00e1m p\u0159\u00edjemce o informace, zda tito lid\u00e9 mohou b\u00fdt opravdu rodi\u010di? Maj\u00ed pr\u00e1vo si d\u011bti vz\u00edt, nemaj\u00ed \u017e\u00e1dn\u00e1 omezen\u00ed, nejsou zbaveni rodi\u010dovsk\u00fdch pr\u00e1v, maj\u00ed pr\u00e1ci a kde bydlet? Teprve po t\u011bchto kontrol\u00e1ch jim d\u011bti p\u0159ed\u00e1me. Pokud zjist\u00edme, \u017ee existuj\u00ed rodi\u010de, kte\u0159\u00ed sv\u00e9 d\u011bti hledaj\u00ed, jsme ochotni jim jakkoli pomoci.<\/p>\n<p><em>Cargrad: Nyn\u00ed se dost\u00e1v\u00e1 do pop\u0159ed\u00ed zaj\u00edmav\u00e9 t\u00e9ma &#8211; psychologick\u00e1 podpora a pomoc rodin\u011b. Obecn\u011b jsme nebyli p\u0159ipraveni na to, \u017ee se za\u010d\u00ednaj\u00ed vracet bojovn\u00edci s traumatick\u00fdm a posttraumatick\u00fdm syndromem &#8211; ano, u\u017e se vracej\u00ed. Jejich man\u017eelky a rodiny jsou v podstat\u011b opu\u0161t\u011bn\u00e9 a nemohou pomoci bl\u00edzk\u00e9mu \u010dlov\u011bku, kter\u00fd je ve stresu. A sami trp\u00ed. Zn\u00e1te n\u011bjak\u00e9 takov\u00e9 p\u0159\u00edpady?<\/em><\/p>\n<p>Ano. Nap\u0159\u00edklad, kdy\u017e se otec vr\u00e1t\u00ed ze SVO s invaliditou a d\u011bti maj\u00ed pocit, \u017ee nen\u00ed hrdina. Nebo kdy\u017e otec, bratr \u010di jin\u00fd p\u0159\u00edbuzn\u00fd zem\u0159e a d\u00edt\u011b nem\u00e1 podporu. Nyn\u00ed hovo\u0159\u00edme o rodin\u00e1ch mobilizovan\u00fdch. Ale oni nejsou mobilizovan\u00ed, oni jsou na\u0161i hrdinov\u00e9. Ti, kte\u0159\u00ed jsou v prvn\u00ed linii. My dva jsme v t\u00fdlu a oni jsou tam. A jejich d\u011bti si zaslou\u017e\u00ed b\u00fdt na sv\u00e9 otce hrd\u00e9 u\u017e jen proto, \u017ee u\u017e tam jsou. Nez\u00e1le\u017e\u00ed na tom, jak se odtamtud vr\u00e1t\u00ed.<\/p>\n<p><em>Cargrad: Vyskytly se p\u0159\u00edpady zneu\u017e\u00edv\u00e1n\u00ed d\u011bt\u00ed?<\/em><\/p>\n<p>Ned\u00e1vno jsme se setkali s rodinami, kter\u00e9 poslaly sv\u00e9 otce na frontu. A \u0159ekly n\u00e1m, \u017ee ve \u0161kole nech\u00e1pou, \u017ee d\u00edt\u011b je ve stresu, \u017ee pot\u0159ebuje podporu. \u017de t\u0159eba ned\u011bl\u00e1 dom\u00e1c\u00ed \u00fakoly ne proto, \u017ee by bylo l\u00edn\u00e9, ale proto\u017ee m\u00e1 strach o m\u00e1mu, o t\u00e1tu, o to, co bude d\u00e1l. A citlivost a pochopen\u00ed nal\u00e9havosti situace je zde velmi d\u016fle\u017eit\u00e9. Nem\u016f\u017eeme, v\u00edte, nem\u016f\u017eeme je nechat na holi\u010dk\u00e1ch. A mus\u00edme ud\u011blat v\u0161echno pro to, aby se tyto d\u011bti c\u00edtily chr\u00e1n\u011bn\u00e9.<\/p>\n<p><em>Cargrad: Jak to ud\u011blat?<\/em><\/p>\n<p>Za prv\u00e9, z\u0159\u00eddit slu\u017eby psychologick\u00e9 podpory. Vytvo\u0159te t\u00fdmy odborn\u00edk\u016f, kte\u0159\u00ed dok\u00e1\u017eou spr\u00e1vn\u011b sd\u011blit, \u0159ekn\u011bme, obt\u00ed\u017enou zpr\u00e1vu, mohou d\u00edt\u011b podpo\u0159it. Za druh\u00e9, organizovat ve \u0161kol\u00e1ch hodiny, kter\u00e9 podporuj\u00ed vlasteneck\u00e9ho ducha. Bude se v nich mluvit o tom, jak je nap\u0159\u00edklad Vasj\u016fv otec ve v\u00e1lce a jak je to pro Vasju t\u011b\u017ek\u00e9. A v\u0161ichni se mus\u00edme jako t\u0159\u00edda sej\u00edt a podpo\u0159it ho. Na\u0161i tat\u00ednkov\u00e9 jsou doma, ve\u010der n\u00e1m \u010dtou poh\u00e1dky a l\u00edbaj\u00ed n\u00e1s na \u010delo. Ale Vasj\u016fv t\u00e1ta je tam.<\/p>\n<p>Krom\u011b toho mus\u00edme rodin\u00e1m bojovn\u00edk\u016f poskytnout v\u0161e, co pot\u0159ebuj\u00ed. V p\u0159\u00edpad\u011b pot\u0159eby jim mus\u00edme poskytnout tak\u00e9 \u0159adu soci\u00e1ln\u00edch slu\u017eeb. Existuj\u00ed nejr\u016fzn\u011bj\u0161\u00ed situace. Nap\u0159\u00edklad matka byla p\u0159ijata do nemocnice, sama nebo s d\u00edt\u011btem, a m\u00e1 dal\u0161\u00ed dv\u011b d\u011bti. V regionu nejsou \u017e\u00e1dn\u00ed p\u0159\u00edbuzn\u00ed ani nikdo, kdo by se d\u011bt\u00ed ujal.\u00a0<a href=\"https:\/\/dzen.ru\/media\/tsargrad.tv\/strannyi-zakon-uje-v-dume-novye-polnomochiia-dlia-razrusheniia-semei-63f6181eb392527e4dcd6621\" target=\"_blank\" rel=\"noopener\">Co d\u011blat, kam je d\u00e1t?<\/a>\u00a0Do d\u011btsk\u00e9ho domova je d\u00e1t nem\u016f\u017eeme! Mus\u00edme tedy p\u0159em\u00fd\u0161let o tom, \u017ee rodin\u011b poskytneme spole\u010dn\u00e9 ubytov\u00e1n\u00ed nebo hl\u00edd\u00e1n\u00ed.<\/p>\n<p>R\u00e1da bych se zm\u00ednila zejm\u00e9na o d\u011btech, kter\u00e9 byly zran\u011bny b\u011bhem speci\u00e1ln\u00ed vojensk\u00e9 operace. Vid\u011bla jsem d\u011bti post\u0159elen\u00e9 do zad, kdy\u017e se sna\u017eily ut\u00e9ct. D\u00edky Bohu se mnoh\u00e9 z nich uzdravily a nestaly se invalidy. Nemohou tedy dostat \u017e\u00e1dn\u00e9 p\u0159ednostn\u00ed zach\u00e1zen\u00ed. Mus\u00edme jim tedy poskytnout nezbytnou pomoc a podporu &#8211; psychologickou, rehabilita\u010dn\u00ed, sanatorn\u00ed, aby pochopily, \u017ee jsou &#8222;d\u011bti v\u00e1lky&#8220;. Trp\u011bly a na\u0161\u00edm \u00fakolem je je podpo\u0159it. To je jedna z oblast\u00ed, na kter\u00e9 nyn\u00ed pracujeme.<\/p>\n<p><em>Cargrad: Jak\u00e9 byly va\u0161e dojmy z posledn\u00ed cesty do Donbasu, kterou jste podnikla spole\u010dn\u011b s Konstantinem Malofejevem?\u00a0<span class=\"color\">(*2)<\/span><\/em><\/p>\n<p>Byla to asi nejru\u0161n\u011bj\u0161\u00ed cesta. \u0160est region\u016f, \u0161est guvern\u00e9r\u016f. Velk\u00e9 mno\u017estv\u00ed dohod a rozhodnut\u00ed, kter\u00e1 souvisej\u00ed s blahem d\u011bt\u00ed. P\u0159ivezli jsme velk\u00e9 mno\u017estv\u00ed humanit\u00e1rn\u00ed pomoci. Ale nejd\u016fle\u017eit\u011bj\u0161\u00ed pro m\u011b asi je, \u017ee \u010dlov\u011bk za\u010dne doslova kone\u010dky prst\u016f vn\u00edmat, co je tam pot\u0159eba. Kdy\u017e si uv\u011bdom\u00ed\u0161, \u017ee m\u00e1\u0161 pr\u00e1vo o tom mluvit a rozhodovat, proto\u017ee jsi tam byla.<\/p>\n<hr class=\"wp-block-separator has-alpha-channel-opacity\" \/>\n<p><strong>* Toto je zkr\u00e1cen\u00e1 verze rozhovoru. Plnou verzi (video) naleznete ve skupin\u011b\u00a0<a href=\"https:\/\/vk.com\/video-75679763_456284418\" target=\"_blank\" rel=\"noreferrer noopener\">https:\/\/vk.com\/video\/@tsargradtv<\/a><\/strong><\/p>\n<p>*2 V jin\u00e9m \u010dl\u00e1nku jsem na\u0161el o t\u00e9to cest\u011b Marie L-B a Konstantina Malofejeva:<br \/>\nP\u0159ipome\u0148me, \u017ee v \u00fanoru leto\u0161n\u00edho roku Lvov\u00e1-B\u011blov\u00e1 a Konstantin Malofejev, zakladatel televizn\u00edho kan\u00e1lu Cargrad a nadace Vasilije Velik\u00e9ho, nav\u0161t\u00edvili d\u011btsk\u00e1 za\u0159\u00edzen\u00ed\u00a0<span class=\"color\">(\u0434\u0435\u0442\u0441\u043a\u0438\u0435 \u0443\u0447\u0440\u0435\u0434\u043b\u0435\u043d\u0438\u044f)<\/span>\u00a0a po\u010detn\u00e9 rodiny v nov\u00fdch oblastech Ruska v r\u00e1mci spole\u010dn\u00e9ho projektu &#8222;<a href=\"https:\/\/dzen.ru\/a\/Y-5qRvF3cVMWAZ7J\" target=\"_blank\" rel=\"noopener\">\u0160\u0165astn\u00e9 d\u011btstv\u00ed<\/a>&#8222;.<\/p>\n<p>Titulek \u010dl\u00e1nku zn\u00ed: &#8222;D\u011bti vypr\u00e1v\u011bly, jak je VSU-\u0161n\u00edci st\u0159\u00edleli do zad&#8220;, a prvn\u00ed v\u011bta zn\u00ed:<br \/>\n&#8222;V Mariupolu st\u0159\u00edleli bojovn\u00edci AFU do zad prchaj\u00edc\u00edch d\u011bt\u00ed. Podle Lvov\u00e9-B\u011blov\u00e9 bylo asi tis\u00edc posti\u017een\u00fdch&#8220;, z textu d\u00e1le vypl\u00fdv\u00e1, \u017ee se jedn\u00e1 o p\u0159e\u017eiv\u0161\u00ed d\u011bti s traumatem&#8230;<\/p>\n<p>Z \u010dl\u00e1nku v\u00a0<a href=\"https:\/\/tsargrad.tv\/articles\/idi-i-smotri-marija-lvova-belova-rasskazala-o-pytkah-detej-donbassa_736827\" target=\"_blank\" rel=\"noopener\">Tsargrad.tv<\/a>\u00a0<span class=\"color\">(<a href=\"https:\/\/archive.is\/hyi6B\" target=\"_blank\" rel=\"noopener\">archive\/hyi6B<\/a>)<\/span>\u00a0z 2023-03-08\u00a0<span class=\"color\">(t\u00fdden p\u0159ed t\u00edm obvin\u011bn\u00edm z ICC)<\/span>\u00a0s pomoc\u00ed\u00a0<a href=\"https:\/\/www.deepl.com\/Translator\" target=\"_blank\" rel=\"noopener\">DeepL<\/a>\u00a0<span class=\"color\">(free version)<\/span>\u00a0p\u0159elo\u017eil P.A.Semi 2023-04-09<\/p>\n<hr class=\"wp-block-separator has-alpha-channel-opacity\" \/>\n<p><span style=\"font-size: 18pt;\"><strong>Koment\u00e1\u0159 p\u0159ekladatele:<\/strong><\/span><\/p>\n<p>Proto\u017ee bylo z\u0159ejm\u00e9, \u017ee zpr\u00e1vy o Rusk\u00e9 z\u00e1chran\u011b d\u011bt\u00ed Donbasu a o v\u0161elijak\u00fdch podp\u016frn\u00fdch programech d\u0159\u00edve \u010di pozd\u011bji proniknou na povrch, zorganizovalo globalistick\u00e9 \u017didovstvo z New York Times a z\u00a0<a href=\"https:\/\/hub.conflictobservatory.org\/portal\/sharing\/rest\/content\/items\/97f919ccfe524d31a241b53ca44076b8\/data\" target=\"_blank\" rel=\"noopener\">Yale<\/a>\u00a0<span class=\"color\">(pod veden\u00edm Nathaniela Raymonda)<\/span>\u00a0\u0161tvavou pomlouvac\u00ed kampa\u0148 proti t\u00e9to hrdince a zkorumpovan\u00fd tribun\u00e1l ICC na ni a na Vladim\u00edra Putina\u00a0<span class=\"color\">(pouze v tiskov\u00e9 zpr\u00e1v\u011b,\u00a0<a href=\"https:\/\/www.whatdoesitmean.com\/index4227.htm\" target=\"_blank\" rel=\"noopener\">pr\u00fd<\/a>\u00a0ale ne skute\u010dn\u011b?)<\/span>\u00a0vydal skand\u00e1ln\u00ed zatyka\u010d, naprost\u00e9 obr\u00e1cen\u00ed ve\u0161ker\u00e9ho pr\u00e1va a spravedlnosti&#8230; P\u0159ev\u00e1\u017en\u011b na z\u00e1klad\u011b t\u00e9 prolhan\u00e9 zpr\u00e1vy Yale, vytvo\u0159en\u00e9 bez jak\u00e9hokoliv prozkoum\u00e1n\u00ed na m\u00edst\u011b nebo dotaz\u016f na ty d\u011bti,\u00a0<em>pr\u00fd<\/em>\u00a0pouze na z\u00e1klad\u011b online Google vyhled\u00e1v\u00e1n\u00ed&#8230; Cel\u00e9 to slou\u017e\u00ed ale p\u0159edev\u0161\u00edm jako prevence, aby se lid\u00e9 odvr\u00e1tili, a\u017e k nim za\u010dnou pronikat skute\u010dn\u00e9 zpr\u00e1vy&#8230;<\/p>\n<p>A mimo jin\u00e9 i \u010cesk\u00e1 Medi\u00e1ln\u00ed \u017dumpa, banda nen\u00e1vistn\u00fdch Lh\u00e1\u0159\u016f, se k t\u00e9to \u0161tvav\u00e9 pomlouva\u010dn\u00e9 kampani p\u0159idala, v \u010dele s\u00a0<a href=\"https:\/\/ct24.ceskatelevize.cz\/svet\/3572537-mezinarodni-trestni-soud-vydal-zatykac-na-ruskeho-prezidenta-putina\" target=\"_blank\" rel=\"noopener\">\u010cT<\/a>, n\u00e1sledov\u00e1no\u00a0<a href=\"https:\/\/www.seznamzpravy.cz\/clanek\/zahranicni-je-skvele-ze-ocenili-mou-praci-rika-ruska-na-niz-vydali-zatykac-za-unosy-deti-227986\" target=\"_blank\" rel=\"noopener\">Seznam Sravy<\/a>\u00a0<span class=\"color\">(obzvl\u00e1\u0161\u0165 nechutn\u00e1 &#8222;u\u010debnice nen\u00e1visti&#8220;)<\/span>,\u00a0<a href=\"https:\/\/www.idnes.cz\/zpravy\/zahranicni\/mezinarodni-trestni-soud-haag-icc-zatykac-putin-zlociny-urajina.A230317_160704_zahranicni_bro\" target=\"_blank\" rel=\"noopener\">Idnes<\/a>,\u00a0<a href=\"https:\/\/www.echo24.cz\/a\/Hw4d4\/zpravy-svet-zatykac-vladimir-putin\" target=\"_blank\" rel=\"noopener\">Echo24<\/a>,\u00a0<a href=\"https:\/\/www.forum24.cz\/tema\/maria-lvova-belovova\/\" target=\"_blank\" rel=\"noopener\">Forum24<\/a>,\u00a0<a href=\"https:\/\/www.novinky.cz\/clanek\/zahranicni-zatykac-na-putina-40426180\" target=\"_blank\" rel=\"noopener\">Hovinky<\/a>\u00a0a\u00a0<a href=\"https:\/\/duckduckgo.com\/?q=Maria+Lvova+Belova+zatyka%C4%8D+site%3Acz&amp;t=h_&amp;ia=web\" target=\"_blank\" rel=\"noopener\">dal\u0161\u00ed<\/a>\u00a0a dal\u0161\u00ed\u00a0<em>sra\u010dkomety<\/em>\u00a0a hl\u00e1sn\u00e9 trouby pro-re\u017eimn\u00ed Propagandy&#8230; A\u017e jejich \u010dten\u00e1\u0159\u016fm dojde, jak byli obelh\u00e1v\u00e1ni, a a\u017e jim dojde, \u017ee podporou a \u010dten\u00edm t\u011bchto lh\u00e1\u0159\u016f se st\u00e1vaj\u00ed sou\u010d\u00e1st\u00ed Probl\u00e9mu, douf\u00e1m \u017ee alespo\u0148 v n\u011bkter\u00fdch se probud\u00ed takov\u00e1 ta archaick\u00e1\u00a0<em>v\u011bc<\/em>, kter\u00e9 se \u0159\u00edkalo &#8222;Sv\u011bdom\u00ed&#8220;, a od naslouch\u00e1n\u00ed Lh\u00e1\u0159\u016fm se kone\u010dn\u011b odvr\u00e1t\u00ed&#8230;<\/p>\n<p>Naopak dobr\u00fd \u010dl\u00e1nek k tomu m\u00e1 t\u0159eba\u00a0<a href=\"https:\/\/necenzurovanapravda.cz\/2023\/04\/ruska-komisarka-pro-prava-deti-na-kterou-byla-podana-zaloba-v-haagu-hovorila-na-rb-osn\/\" target=\"_blank\" rel=\"noopener\">Slovanka<\/a>\u00a0&#8211; to kdy\u017e se to\u00a0<a href=\"https:\/\/www.youtube.com\/watch?v=qfr4pcJ4iTY\" target=\"_blank\" rel=\"noopener\">projedn\u00e1valo v RB OSN<\/a>\u00a0<span class=\"color\">(video v ru\u0161tin\u011b necel\u00e9 2 hodiny, krom\u011b r\u016fzn\u00fdch sv\u011bdectv\u00ed na za\u010d\u00e1tku tam pak po proslovech r\u016fzn\u00fdch vyslanc\u016f hovo\u0159\u00ed u konce i Maria Lvov\u00e1-B\u011blov\u00e1 v \u010dase 1:35:53 asi \u010dty\u0159i minuty, jasn\u011b, stru\u010dn\u011b a p\u0159esn\u011b&#8230;)<\/span>, kde to USA a Brit\u00e1nie a nejserviln\u011bj\u0161\u00ed z jejich poskok\u016f bojkotovali a zablokovali pr\u00fd i webov\u00fd p\u0159enos z tohoto jedn\u00e1n\u00ed&#8230;<\/p>\n<p>Tyto Rusk\u00e9 programy na podporu d\u011bt\u00ed Donbasu, kter\u00e9 \u017eily dlouho ve v\u00e1le\u010dn\u00e9 z\u00f3n\u011b a v mezin\u00e1rodn\u00ed izolaci, zahrnuj\u00ed t\u0159eba\u00a0<a href=\"https:\/\/thegrayzone.com\/2023\/03\/31\/iccs-putin-arrest-state-dept-report\/\" target=\"_blank\" rel=\"noopener\"><u>Donbass Express<\/u><\/a>\u00a0<span class=\"color\">(<a href=\"https:\/\/archive.is\/bEfpp\" target=\"_blank\" rel=\"noopener\">archive\/bEfpp<\/a>)<\/span>\u00a0&#8211; houslov\u00e1 \u0161kola\u00a0<span class=\"color\">(<a href=\"https:\/\/www.youtube.com\/watch?v=NDS1OSEIoz8\" target=\"_blank\" rel=\"noopener\">video<\/a>\u00a0z prosince 2022)<\/span>, program\u00a0<a href=\"https:\/\/lenta.ru\/news\/2023\/03\/30\/obrztr\/\" target=\"_blank\" rel=\"noopener\">\u041f\u043e\u0441\u043b\u0435\u0437\u0430\u0432\u0442\u0440\u0430<\/a>\u00a0<span class=\"color\">(poslezavtra)<\/span>, kter\u00fd zavedla pr\u00e1v\u011b\u00a0<a href=\"https:\/\/rapsinews.ru\/human_rights_protection_news\/20230330\/308789632.html\" target=\"_blank\" rel=\"noopener\">Maria<\/a>\u00a0<a href=\"http:\/\/kremlin.ru\/events\/administration\/70871\" target=\"_blank\" rel=\"noopener\">Lvov\u00e1-B\u011blov\u00e1<\/a>\u00a0a\u00a0<a href=\"https:\/\/vk.com\/wall-185560879_2154\" target=\"_blank\" rel=\"noopener\">Platforma Digoria<\/a>, p\u0159i kter\u00e9m pos\u00edlaj\u00ed d\u011bti z Donbasu na v\u00fdm\u011bnn\u00e9 pobyty do p\u0159ilehl\u00fdch region\u016f Ruska a poskytuj\u00ed jim post-traumatickou psychologickou pomoc, a r\u016fzn\u00e9 dal\u0161\u00ed d\u011btsk\u00e9 t\u00e1bory po cel\u00e9m Rusku&#8230;<\/p>\n<p>Maria Lvov\u00e1-B\u011blov\u00e1 jednoho chlapce z Donbasu tak\u00e9\u00a0<a href=\"https:\/\/readovka.news\/news\/104603\" target=\"_blank\" rel=\"noopener\">adoptovala<\/a>&#8230;<\/p>\n<p>Ilustra\u010dn\u00ed sn\u00edmek z Donbass Express z \u010dl\u00e1nku The GrayZone:<\/p>\n<figure class=\"wp-block-image size-large\"><img decoding=\"async\" src=\"https:\/\/pi-alpha.org\/img\/Donbass_Express_IMG_5721_720px.jpg\" alt=\"\" \/><\/figure>\n<p>Jin\u00fd ilustra\u010dn\u00ed sn\u00edmek:<\/p>\n<figure class=\"wp-block-image size-large\"><img decoding=\"async\" loading=\"lazy\" src=\"https:\/\/pi-alpha.org\/img\/Maria-Lvova-Belova--1804270288.jpg\" width=\"720\" height=\"405\" \/><\/figure>\n<p>Mysl\u00edm, \u017ee tenhle p\u0159\u00edpad vejde do d\u011bjin jako ten naprosto nejnespravedliv\u011bj\u0161\u00ed p\u0159\u00edpad trestn\u00edho st\u00edh\u00e1n\u00ed &#8211; za pomoc sirotk\u016fm a mnoha dal\u0161\u00edm d\u011btem&#8230;<br \/>\nA proto\u017ee v t\u00e9 zpr\u00e1v\u011b z Yale zahrnuli do po\u010dt\u016f d\u011bt\u00ed i v\u0161echny do\u010dasn\u00e9 letn\u00ed t\u00e1bory, jak to tam asi vypad\u00e1?<\/p>\n<p>Viz kr\u00e1tk\u00e9 report\u00e1\u017ee\u00a0<span class=\"color\">(videa v Ru\u0161tin\u011b)<\/span>, s d\u011btmi Donbasu p\u0159ij\u00ed\u017ed\u011bj\u00edc\u00edmi do\u00a0<a href=\"https:\/\/www.youtube.com\/watch?v=vbuU41wXCCw\" target=\"_blank\" rel=\"noopener\">Novosibirsku<\/a>, jak p\u0159iv\u00edtali\u00a0<a href=\"https:\/\/www.youtube.com\/watch?v=DkQ4HDlEAxI\" target=\"_blank\" rel=\"noopener\">sirotky v Omsku<\/a>\u00a0nov\u00ed rodi\u010de, jak d\u011bti\u00a0<span class=\"color\">(p\u0159ijely i s rodi\u010di)<\/span>\u00a0chod\u00ed\u00a0<a href=\"https:\/\/www.youtube.com\/watch?v=hQ3cpnZgeIA\" target=\"_blank\" rel=\"noopener\">do \u0161koly v \u010cuva\u0161ii<\/a>, a nebo report\u00e1\u017e\u00a0<a href=\"https:\/\/www.youtube.com\/watch?v=2XmS8MX1vyQ\" target=\"_blank\" rel=\"noopener\">o humanit\u00e1rn\u00ed pomoci z \u010celjabinsku<\/a>\u00a0na ji\u017en\u00edm Uralu\u00a0<span class=\"color\">(13 minut)<\/span>, a ov\u0161em z Pravoslavn\u00e9ho chr\u00e1mu tam vezou nejen tuny potravin, ale i obrazy sv\u011btc\u016f, a report\u00e1\u017e pokra\u010duje p\u0159ijet\u00edm d\u011bt\u00ed na letn\u00ed t\u00e1bor v \u010celjabinsku &#8211; tam se seznamuj\u00ed i s Rusk\u00fdmi tradicemi a nevypadaj\u00ed ani ne\u0161\u0165astn\u011b ani nedobrovoln\u011b&#8230; Anebo dal\u0161\u00ed kr\u00e1tk\u00e1 report\u00e1\u017e z p\u0159ijet\u00ed d\u011bt\u00ed na letn\u00ed t\u00e1bor\u00a0<a href=\"https:\/\/www.youtube.com\/watch?v=rum4cFn-Ywg\" target=\"_blank\" rel=\"noopener\">v Orenburgsk\u00e9 oblasti<\/a>&#8230;<\/p>\n<p>A p\u0159\u00edpadn\u011b viz dal\u0161\u00ed videa ve vyhled\u00e1n\u00ed\u00a0<a href=\"https:\/\/duckduckgo.com\/?q=%D0%BF%D0%BE%D1%81%D0%BB%D0%B5%D0%B7%D0%B0%D0%B2%D1%82%D1%80%D0%B0+%D0%B4%D0%B5%D1%82%D0%B8+%D0%B4%D0%BE%D0%BD%D0%B1%D0%B0%D1%81%D1%81+%D0%B2%D0%B8%D0%B4%D0%B5%D0%BE&amp;t=h_&amp;iax=videos&amp;ia=videos\" target=\"_blank\" rel=\"noopener\">o d\u011btech z Donbasu<\/a>\u00a0<span class=\"color\">(DuckDuckGo)<\/span>&#8230;<\/p>\n<p>Za tohle jsou ob\u017ealov\u00e1ni Zlo\u010dineck\u00fdm soudem v Haagu a v\u0161emi Lh\u00e1\u0159i sv\u011bta?!<\/p>\n<p>Zat\u00edmco v p\u0159\u00edpad\u011b ob\u017ealoby Putina lze diskutovat, jestli je tam ta v\u00e1lka Svat\u00e1 nebo Agresivn\u00ed, v p\u0159\u00edpad\u011b program\u016f na pomoc d\u011btem Donbasu o tom s \u010dist\u00fdm sv\u011bdom\u00edm polemizovat nelze, to by vy\u017eadovalo notnou d\u00e1vku Zaslepenosti, L\u017e\u00ed a Nen\u00e1visti, abyste tento projev L\u00e1sky nech\u00e1pali&#8230;<\/p>\n<p>Na druhou stranu tam t\u0159eba ale tak\u00e9 lze nal\u00e9zt\u00a0<a href=\"https:\/\/www.youtube.com\/watch?v=4rVkOtqC_mA\" target=\"_blank\" rel=\"noopener\">pro-ukrajinsk\u00e9 video<\/a>\u00a0<span class=\"color\">(11 minut)<\/span>\u00a0v ru\u0161tin\u011b, kde v\u00e1m &#8222;novin\u00e1\u0159&#8220; vysv\u011btl\u00ed n\u011bco ve smyslu, jak pr\u00fd Rusko osm let bombardovalo Donbas, zat\u00edmco tam Ukrajina vozila humanit\u00e1rn\u00ed pomoc a sna\u017eila se o m\u00edrov\u00e9 \u0159e\u0161en\u00ed konfliktu, i s citacemi l\u017e\u00ed Zelensk\u00e9ho a Zalu\u017en\u00e9ho, \u017ee pr\u00fd Ukrajina do vlastn\u00edch nest\u0159\u00edl\u00ed, a s tvrzen\u00edmi, \u017ee Rusk\u00e1 televize o tom konfliktu pr\u00fd celou dobu l\u017ee&#8230; Ale nam\u00edsto toho obyvatel\u00e9 Donbasu v Demokratick\u00fdch Referendech jasn\u011b vyj\u00e1d\u0159ili, kter\u00e9 stran\u011b v\u011b\u0159\u00ed a jsou vd\u011b\u010dn\u00ed a kter\u00e1 je naopak terorizovala a celou dobu l\u017ee&#8230;<\/p>\n<p>Na zpr\u00e1vy o zatyka\u010di ze zlo\u010dineck\u00e9ho soudu ICC Maria Lvov\u00e1-B\u011blov\u00e1\u00a0<a href=\"https:\/\/www.czechfreepress.info\/rusko\/zatykac-beru-jako-oceneni-me-prace.html\" target=\"_blank\" rel=\"noopener\">odpov\u011bd\u011bla<\/a>\u00a0s ur\u010ditou d\u00e1vkou ironie:<\/p>\n<p>&#8222;Je skv\u011bl\u00e9, \u017ee mezin\u00e1rodn\u00ed spole\u010denstv\u00ed ocenilo pr\u00e1ci na pomoc d\u011btem v na\u0161\u00ed zemi, \u017ee je nenech\u00e1v\u00e1me ve v\u00e1le\u010dn\u00fdch z\u00f3n\u00e1ch, \u017ee je vyv\u00e1d\u00edme, \u017ee jim vytv\u00e1\u0159\u00edme dobr\u00e9 podm\u00ednky, \u017ee je obklopujeme miluj\u00edc\u00edmi a starostliv\u00fdmi lidmi. Byly proti mn\u011b sankce ze v\u0161ech zem\u00ed, dokonce i z Japonska, te\u010f je na m\u011b vyd\u00e1n zatyka\u010d. Jsem zv\u011bdav\u00e1, co bude d\u00e1l. No, pracujeme d\u00e1l.&#8220;<\/p>\n<p>Z cel\u00e9ho srdce j\u00ed p\u0159eji, aby se j\u00ed a v\u0161em pom\u00e1haj\u00edc\u00edm jejich z\u00e1slu\u017en\u00e1 pr\u00e1ce da\u0159ila i nad\u00e1le&#8230;<\/p>\n<p><strong>\u00a0P.A.Semi<\/strong><\/p>\n<p>&nbsp;<\/p>\n<p>&nbsp;<\/p>\n<p><img decoding=\"async\" loading=\"lazy\" class=\"wp-image-19187 aligncenter\" src=\"http:\/\/www.infokuryr.cz\/n\/wp-content\/uploads\/2022\/12\/1-PRO-300x36.jpg\" alt=\"\" width=\"1242\" height=\"149\" srcset=\"https:\/\/www.infokuryr.cz\/n\/wp-content\/uploads\/2022\/12\/1-PRO-300x36.jpg 300w, https:\/\/www.infokuryr.cz\/n\/wp-content\/uploads\/2022\/12\/1-PRO.jpg 699w\" sizes=\"(max-width: 1242px) 100vw, 1242px\" \/><\/p>\n<p>&nbsp;<\/p>\n<p>&nbsp;<\/p>\n<p><img decoding=\"async\" loading=\"lazy\" class=\"wp-image-24737 aligncenter\" src=\"http:\/\/www.infokuryr.cz\/n\/wp-content\/uploads\/2023\/03\/cesko_proti_bide2-239x300.png\" alt=\"\" width=\"723\" height=\"908\" srcset=\"https:\/\/www.infokuryr.cz\/n\/wp-content\/uploads\/2023\/03\/cesko_proti_bide2-239x300.png 239w, https:\/\/www.infokuryr.cz\/n\/wp-content\/uploads\/2023\/03\/cesko_proti_bide2-816x1024.png 816w, https:\/\/www.infokuryr.cz\/n\/wp-content\/uploads\/2023\/03\/cesko_proti_bide2-768x964.png 768w, https:\/\/www.infokuryr.cz\/n\/wp-content\/uploads\/2023\/03\/cesko_proti_bide2.png 846w\" sizes=\"(max-width: 723px) 100vw, 723px\" \/><\/p>\n<p>&nbsp;<\/p>\n<p>&nbsp;<\/p>\n","protected":false},"excerpt":{"rendered":"<p>Rusk\u00e9 d\u011bti pot\u0159ebuj\u00ed ochranu. Ty, kter\u00e9 ztratily rodi\u010de a domov ve v\u00e1le\u010dn\u00e9 z\u00f3n\u011b. Ty, jejich\u017e&#8230;<\/p>\n","protected":false},"author":2,"featured_media":25892,"comment_status":"closed","ping_status":"closed","sticky":false,"template":"","format":"standard","meta":[],"categories":[6],"tags":[245,2321,1052,22],"_links":{"self":[{"href":"https:\/\/www.infokuryr.cz\/n\/wp-json\/wp\/v2\/posts\/25891"}],"collection":[{"href":"https:\/\/www.infokuryr.cz\/n\/wp-json\/wp\/v2\/posts"}],"about":[{"href":"https:\/\/www.infokuryr.cz\/n\/wp-json\/wp\/v2\/types\/post"}],"author":[{"embeddable":true,"href":"https:\/\/www.infokuryr.cz\/n\/wp-json\/wp\/v2\/users\/2"}],"replies":[{"embeddable":true,"href":"https:\/\/www.infokuryr.cz\/n\/wp-json\/wp\/v2\/comments?post=25891"}],"version-history":[{"count":0,"href":"https:\/\/www.infokuryr.cz\/n\/wp-json\/wp\/v2\/posts\/25891\/revisions"}],"wp:featuredmedia":[{"embeddable":true,"href":"https:\/\/www.infokuryr.cz\/n\/wp-json\/wp\/v2\/media\/25892"}],"wp:attachment":[{"href":"https:\/\/www.infokuryr.cz\/n\/wp-json\/wp\/v2\/media?parent=25891"}],"wp:term":[{"taxonomy":"category","embeddable":true,"href":"https:\/\/www.infokuryr.cz\/n\/wp-json\/wp\/v2\/categories?post=25891"},{"taxonomy":"post_tag","embeddable":true,"href":"https:\/\/www.infokuryr.cz\/n\/wp-json\/wp\/v2\/tags?post=25891"}],"curies":[{"name":"wp","href":"https:\/\/api.w.org\/{rel}","templated":true}]}}