{"id":25874,"date":"2023-04-10T01:01:15","date_gmt":"2023-04-09T23:01:15","guid":{"rendered":"http:\/\/www.infokuryr.cz\/n\/?p=25874"},"modified":"2023-04-09T13:51:05","modified_gmt":"2023-04-09T11:51:05","slug":"ceska-sporitelna-bojkotuje-skolu-kvuli-politickym-nazorum-dekana-bojkotujme-proto-ceskou-sporitelnu","status":"publish","type":"post","link":"https:\/\/www.infokuryr.cz\/n\/2023\/04\/10\/ceska-sporitelna-bojkotuje-skolu-kvuli-politickym-nazorum-dekana-bojkotujme-proto-ceskou-sporitelnu\/","title":{"rendered":"\u010cESK\u00c1 SPO\u0158ITELNA BOJKOTUJE \u0160KOLU KV\u016eLI POLITICK\u00ddM N\u00c1ZOR\u016eM D\u011aKANA. BOJKOTUJME PROTO \u010cESKOU SPO\u0158ITELNU!"},"content":{"rendered":"<div id=\"fb-root\"><\/div>\n<div class=\"entry-content\">\n<div class=\"\" dir=\"auto\">\n<div id=\":r3q:\" class=\"x1iorvi4 x1pi30zi x1swvt13 x1l90r2v\" data-ad-comet-preview=\"message\" data-ad-preview=\"message\">\n<div class=\"x78zum5 xdt5ytf xz62fqu x16ldp7u\">\n<div class=\"xu06os2 x1ok221b\">\n<div class=\"x11i5rnm xat24cr x1mh8g0r x1vvkbs xdj266r x126k92a\">\n<div dir=\"auto\"><strong>\u010cesk\u00e1 spo\u0159itelna (pobo\u010dka ciz\u00ed Erste Group) vydala stanovisko, \u017ee pr\u00fd bude podporovat Vysokou \u0161kolu ekonomikou jen tehdy, pokud tam Miroslav \u0160ev\u010d\u00edk nebude d\u011bkanem. Spo\u0159itelna toti\u017e nesouhlas\u00ed s jeho politick\u00fdmi n\u00e1zory.<\/strong><\/p>\n<\/div>\n<\/div>\n<div class=\"x11i5rnm xat24cr x1mh8g0r x1vvkbs xtlvy1s x126k92a\">\n<div dir=\"auto\">Jin\u00fdmi slovy:\u00a0<strong>Ciz\u00ed banka k\u00e1druje \u010deskou vysokou \u0161kolu podle politick\u00fdch n\u00e1zor\u016f jej\u00edho d\u011bkana.<\/strong>\u00a0To je podle n\u00e1s naprosto nep\u0159ijateln\u00e9.<\/p>\n<\/div>\n<\/div>\n<div class=\"x11i5rnm xat24cr x1mh8g0r x1vvkbs xtlvy1s x126k92a\">\n<div dir=\"auto\"><strong>Vyz\u00fdv\u00e1me proto k bojkotu \u010cesk\u00e9 spo\u0159itelny a jej\u00edch slu\u017eeb!<\/strong>\u00a0Ji\u017e dnes se oz\u00fdv\u00e1 \u0159ada lid\u00ed, \u017ee si tam kv\u016fli takov\u00e9mu jedn\u00e1n\u00ed zru\u0161\u00ed \u00fa\u010det. \u010c\u00edm v\u00edc takov\u00fdch lid\u00ed bude, t\u00edm v\u00edce tu banku potrest\u00e1me za jej\u00ed nemor\u00e1ln\u00ed chov\u00e1n\u00ed!<\/div>\n<div dir=\"auto\"><\/div>\n<div dir=\"auto\"><\/div>\n<div dir=\"auto\"><img decoding=\"async\" loading=\"lazy\" class=\"lazy-loaded aligncenter\" src=\"https:\/\/narodnidemokracie.cz\/wp-content\/uploads\/2023\/04\/c29.jpg\" alt=\"\" width=\"585\" height=\"732\" data-lazy-type=\"image\" data-src=\"https:\/\/narodnidemokracie.cz\/wp-content\/uploads\/2023\/04\/c29.jpg\" \/><\/div>\n<\/div>\n<\/div>\n<div dir=\"auto\">\n<\/div>\n<div class=\"xu06os2 x1ok221b\">\n<div class=\"x11i5rnm xat24cr x1mh8g0r x1vvkbs xtlvy1s x126k92a\">\n<div dir=\"auto\"><\/div>\n<div dir=\"auto\"><img decoding=\"async\" loading=\"lazy\" class=\"wp-image-19187 aligncenter\" src=\"http:\/\/www.infokuryr.cz\/n\/wp-content\/uploads\/2022\/12\/1-PRO-300x36.jpg\" alt=\"\" width=\"1300\" height=\"156\" srcset=\"https:\/\/www.infokuryr.cz\/n\/wp-content\/uploads\/2022\/12\/1-PRO-300x36.jpg 300w, https:\/\/www.infokuryr.cz\/n\/wp-content\/uploads\/2022\/12\/1-PRO.jpg 699w\" sizes=\"(max-width: 1300px) 100vw, 1300px\" \/><\/div>\n<\/div>\n<\/div>\n<\/div>\n<\/div>\n<\/div>\n<\/div>\n<div dir=\"auto\"><\/div>\n<div dir=\"auto\">\n<img decoding=\"async\" loading=\"lazy\" class=\"wp-image-24737 aligncenter\" src=\"http:\/\/www.infokuryr.cz\/n\/wp-content\/uploads\/2023\/03\/cesko_proti_bide2-239x300.png\" alt=\"\" width=\"724\" height=\"909\" srcset=\"https:\/\/www.infokuryr.cz\/n\/wp-content\/uploads\/2023\/03\/cesko_proti_bide2-239x300.png 239w, https:\/\/www.infokuryr.cz\/n\/wp-content\/uploads\/2023\/03\/cesko_proti_bide2-816x1024.png 816w, https:\/\/www.infokuryr.cz\/n\/wp-content\/uploads\/2023\/03\/cesko_proti_bide2-768x964.png 768w, https:\/\/www.infokuryr.cz\/n\/wp-content\/uploads\/2023\/03\/cesko_proti_bide2.png 846w\" sizes=\"(max-width: 724px) 100vw, 724px\" \/><\/div>\n<div dir=\"auto\"><\/div>\n<div dir=\"auto\"><\/div>\n","protected":false},"excerpt":{"rendered":"<p>\u010cesk\u00e1 spo\u0159itelna (pobo\u010dka ciz\u00ed Erste Group) vydala stanovisko, \u017ee pr\u00fd bude podporovat Vysokou \u0161kolu ekonomikou&#8230;<\/p>\n","protected":false},"author":2,"featured_media":25875,"comment_status":"closed","ping_status":"closed","sticky":false,"template":"","format":"standard","meta":[],"categories":[6],"tags":[1608,4713,538],"_links":{"self":[{"href":"https:\/\/www.infokuryr.cz\/n\/wp-json\/wp\/v2\/posts\/25874"}],"collection":[{"href":"https:\/\/www.infokuryr.cz\/n\/wp-json\/wp\/v2\/posts"}],"about":[{"href":"https:\/\/www.infokuryr.cz\/n\/wp-json\/wp\/v2\/types\/post"}],"author":[{"embeddable":true,"href":"https:\/\/www.infokuryr.cz\/n\/wp-json\/wp\/v2\/users\/2"}],"replies":[{"embeddable":true,"href":"https:\/\/www.infokuryr.cz\/n\/wp-json\/wp\/v2\/comments?post=25874"}],"version-history":[{"count":1,"href":"https:\/\/www.infokuryr.cz\/n\/wp-json\/wp\/v2\/posts\/25874\/revisions"}],"predecessor-version":[{"id":25876,"href":"https:\/\/www.infokuryr.cz\/n\/wp-json\/wp\/v2\/posts\/25874\/revisions\/25876"}],"wp:featuredmedia":[{"embeddable":true,"href":"https:\/\/www.infokuryr.cz\/n\/wp-json\/wp\/v2\/media\/25875"}],"wp:attachment":[{"href":"https:\/\/www.infokuryr.cz\/n\/wp-json\/wp\/v2\/media?parent=25874"}],"wp:term":[{"taxonomy":"category","embeddable":true,"href":"https:\/\/www.infokuryr.cz\/n\/wp-json\/wp\/v2\/categories?post=25874"},{"taxonomy":"post_tag","embeddable":true,"href":"https:\/\/www.infokuryr.cz\/n\/wp-json\/wp\/v2\/tags?post=25874"}],"curies":[{"name":"wp","href":"https:\/\/api.w.org\/{rel}","templated":true}]}}