{"id":2586,"date":"2021-06-17T05:57:28","date_gmt":"2021-06-17T03:57:28","guid":{"rendered":"http:\/\/www.infokuryr.cz\/n\/?p=2586"},"modified":"2021-06-17T05:57:28","modified_gmt":"2021-06-17T03:57:28","slug":"reporyjec-novotny-se-zase-predvedl-jagr-at-mlci-a-poslankyne-z-trikolory-je-debil","status":"publish","type":"post","link":"https:\/\/www.infokuryr.cz\/n\/2021\/06\/17\/reporyjec-novotny-se-zase-predvedl-jagr-at-mlci-a-poslankyne-z-trikolory-je-debil\/","title":{"rendered":"\u0158eporyjec Novotn\u00fd se zase p\u0159edvedl: J\u00e1gr a\u0165 ml\u010d\u00ed a poslankyn\u011b z Trikol\u00f3ry je debil"},"content":{"rendered":"<div id=\"fb-root\"><\/div>\n<p><strong>Hokejista Jarom\u00edr J\u00e1gr nen\u00ed nejost\u0159ej\u0161\u00ed tu\u017eka v pen\u00e1le a o o\u010dkov\u00e1n\u00ed by m\u011bl rad\u011bji ml\u010det, prohl\u00e1sil ve vys\u00edl\u00e1n\u00ed CNN Prima NEWS starosta \u0158eporyj\u00ed Pavel Novotn\u00fd (ODS). D\u00e1le v po\u0159adu urazil poslankyni Trikol\u00f3ry Terezu Hy\u0165hovou za to, \u017ee o\u010dkov\u00e1n\u00ed proti koronaviru by podle n\u00ed m\u011blo b\u00fdt dobrovoln\u00e9.<\/strong><\/p>\n<p>Na CNN Prima NEWS bylo v \u00fater\u00fd po\u0159\u00e1dn\u011b dusno. O\u017eehav\u00fdm t\u00e9matem bylo\u00a0o\u010dkov\u00e1n\u00ed. Hy\u0165hov\u00e1 na \u00favod \u0159ekla, \u017ee vakcinace proti covidu-19 by m\u011bla b\u00fdt dobrovoln\u00e1, a vytkla \u0159eporyjsk\u00e9mu starostovi jeho ve\u0159ejn\u00e9 vystupov\u00e1n\u00ed na toto t\u00e9ma.<\/p>\n<p>\u201eJsem zast\u00e1nce toho, \u017ee o\u010dkov\u00e1n\u00ed m\u00e1 b\u00fdt dobrovoln\u00e9. Co si budeme pov\u00eddat, o\u010dkov\u00e1n\u00ed je dnes kontroverzn\u00ed t\u00e9ma spojen\u00e9 s ur\u010ditou svobodou a cestov\u00e1n\u00edm. Prosila bych pana starostu, aby p\u0159estal ur\u00e1\u017eet lidi, kte\u0159\u00ed se necht\u011bj\u00ed nechat o\u010dkovat,\u201c\u00a0uvedla\u00a0\u0161estadvacetilet\u00e1 poslankyn\u011b. \u201eNediv\u00edm se, \u017ee J\u00e1gr nechce b\u00fdt tv\u00e1\u0159\u00ed n\u011b\u010deho nevyzkou\u0161en\u00e9ho,\u201c dodala.<\/p>\n<p>Novotn\u00fd\u00a0ale jej\u00ed prosby nevysly\u0161el a spustil kanon\u00e1du jak v\u016f\u010di\u00a0J\u00e1grovi, kter\u00e9ho ji\u017e d\u0159\u00edve ozna\u010dil za debila, tak i proti Hy\u0165hov\u00e9.<\/p>\n<p>\u201eJarda m\u011b nau\u010dil, \u017ee soudit m\u00e1 b\u016fh. V dob\u011b, kdy debilov\u00e9 jako pan\u00ed Hy\u0165hov\u00e1 naskakuj\u00ed na to, \u017ee se nemus\u00edme o\u010dkovat, ho nech\u00e1pu. Jarda, kterej nen\u00ed nejost\u0159ej\u0161\u00ed tu\u017eka v pen\u00e1le, by m\u011bl rad\u011bji ml\u010det,\u201c prohl\u00e1sil starosta.<\/p>\n<p>Legend\u00e1rn\u00edho \u010desk\u00e9ho hokejistu d\u00e1le obvinil z pokrytectv\u00ed a z toho, \u017ee je ve skute\u010dnosti proti o\u010dkov\u00e1n\u00ed. J\u00e1gr\u016fv argument, \u017ee m\u00e1 dost protil\u00e1tek, ozna\u010dil za \u201edonebevolaj\u00edc\u00ed kravinu\u201c.<\/p>\n<p>\u201eP\u0159ipojil se k demagogii, kterou \u0161\u00ed\u0159\u00ed pan\u00ed Hy\u0165hov\u00e1 nebo p\u00e1ni poslanci Voln\u00fd \u010di Okamura,\u201c dodal.<\/p>\n<p>Podle poslankyn\u011b z Trikol\u00f3ry by se ov\u0161em m\u011bl nechat o\u010dkovat ka\u017ed\u00fd, kdo se boj\u00ed n\u00e1kazy.<\/p>\n<p>\u201eLid\u00e9 se o\u010dkuj\u00ed i proto, \u017ee cht\u011bj\u00ed cestovat. Tak\u00e9 n\u00e1zory odborn\u00edk\u016f na to, jestli se o\u010dkovat, kdy\u017e m\u00e1 \u010dlov\u011bk protil\u00e1tky, jsou \u010dasto rozd\u00edln\u00e9,\u201c konstatovala.<\/p>\n<p>Novotn\u00fd se d\u00e1le zam\u011b\u0159il na osobn\u00ed \u00fatoky v\u016f\u010di Hy\u0165hov\u00e9, kter\u00e9 vy\u010detl jej\u00ed n\u011bkdej\u0161\u00ed \u010dlenstv\u00ed v SPD i nyn\u011bj\u0161\u00ed stranickou p\u0159\u00edslu\u0161nost.<\/p>\n<p>\u201ePan\u00ed Hy\u0165hov\u00e1 byla zvolena za hnut\u00ed SPD, je Okamurova slu\u017eti\u010dka. Jsi z SPD, beru\u0161ko,\u201c prohl\u00e1sil. \u201eRozum\u00edm panu Okamurovi a pan\u00ed Hy\u0165hov\u00e9, kte\u0159\u00ed \u017eij\u00ed z populismu. Je dob\u0159e, \u017ee strana Trikol\u00f3ra u\u017e prakticky neexistuje a lid\u00e9 jako pan\u00ed Hy\u0165hov\u00e1 u\u017e nebudou m\u00edt p\u0159\u00edstup do sd\u011blovac\u00edch prost\u0159edk\u016f. Je ostuda, co tady vypr\u00e1v\u00ed. Je mi j\u00ed l\u00edto,\u201c uvedl na z\u00e1v\u011br.<\/p>\n<p>Minul\u00fd t\u00fdden m\u00e9dia informovala, \u017ee se J\u00e1gr odm\u00edtl \u00fa\u010dastnit o\u010dkovac\u00ed kampan\u011b. Hokejista odm\u00edtl \u017e\u00e1dost premi\u00e9ra Andreje Babi\u0161e (ANO) z toho d\u016fvodu, \u017ee se nyn\u00ed o\u010dkovat nechyst\u00e1, nebo\u0165 m\u00e1 dostatek protil\u00e1tek.<\/p>\n<p><a href=\"https:\/\/cz.sputniknews.com\/20210616\/reporyjec-novotny-se-zase-predvedl-jagr-at-mlci-a-poslankyne-z-trikolory-je-debil-14860122.html\">ZDROJ<\/a><\/p>\n<p>&nbsp;<\/p>\n","protected":false},"excerpt":{"rendered":"<p>Hokejista Jarom\u00edr J\u00e1gr nen\u00ed nejost\u0159ej\u0161\u00ed tu\u017eka v pen\u00e1le a o o\u010dkov\u00e1n\u00ed by m\u011bl rad\u011bji ml\u010det,&#8230;<\/p>\n","protected":false},"author":2,"featured_media":2587,"comment_status":"closed","ping_status":"closed","sticky":false,"template":"","format":"standard","meta":[],"categories":[6],"tags":[23,213],"_links":{"self":[{"href":"https:\/\/www.infokuryr.cz\/n\/wp-json\/wp\/v2\/posts\/2586"}],"collection":[{"href":"https:\/\/www.infokuryr.cz\/n\/wp-json\/wp\/v2\/posts"}],"about":[{"href":"https:\/\/www.infokuryr.cz\/n\/wp-json\/wp\/v2\/types\/post"}],"author":[{"embeddable":true,"href":"https:\/\/www.infokuryr.cz\/n\/wp-json\/wp\/v2\/users\/2"}],"replies":[{"embeddable":true,"href":"https:\/\/www.infokuryr.cz\/n\/wp-json\/wp\/v2\/comments?post=2586"}],"version-history":[{"count":0,"href":"https:\/\/www.infokuryr.cz\/n\/wp-json\/wp\/v2\/posts\/2586\/revisions"}],"wp:featuredmedia":[{"embeddable":true,"href":"https:\/\/www.infokuryr.cz\/n\/wp-json\/wp\/v2\/media\/2587"}],"wp:attachment":[{"href":"https:\/\/www.infokuryr.cz\/n\/wp-json\/wp\/v2\/media?parent=2586"}],"wp:term":[{"taxonomy":"category","embeddable":true,"href":"https:\/\/www.infokuryr.cz\/n\/wp-json\/wp\/v2\/categories?post=2586"},{"taxonomy":"post_tag","embeddable":true,"href":"https:\/\/www.infokuryr.cz\/n\/wp-json\/wp\/v2\/tags?post=2586"}],"curies":[{"name":"wp","href":"https:\/\/api.w.org\/{rel}","templated":true}]}}