{"id":25827,"date":"2023-04-09T01:07:52","date_gmt":"2023-04-08T23:07:52","guid":{"rendered":"http:\/\/www.infokuryr.cz\/n\/?p=25827"},"modified":"2023-04-08T15:12:49","modified_gmt":"2023-04-08T13:12:49","slug":"nemecka-studie-proteiny-z-viru-a-vakcin-zpusobuji-odumirani-mozkovych-bunek","status":"publish","type":"post","link":"https:\/\/www.infokuryr.cz\/n\/2023\/04\/09\/nemecka-studie-proteiny-z-viru-a-vakcin-zpusobuji-odumirani-mozkovych-bunek\/","title":{"rendered":"N\u011bmeck\u00e1 studie: Proteiny z vir\u016f a vakc\u00edn zp\u016fsobuj\u00ed odum\u00edr\u00e1n\u00ed mozkov\u00fdch bun\u011bk"},"content":{"rendered":"<div id=\"fb-root\"><\/div>\n<p><strong>Ned\u00e1vno zve\u0159ejn\u011bn\u00e1 n\u011bmeck\u00e1 studie nazna\u010duje, \u017ee spike proteiny z Covid-19 a vakc\u00edny Covid zp\u016fsobuj\u00ed smrt mozkov\u00fdch bun\u011bk.\u00a0Opakovan\u00e9 o\u010dkov\u00e1n\u00ed se v tomto ohledu jev\u00ed jako kontraproduktivn\u00ed.\u00a0To m\u016f\u017ee m\u00edt za n\u00e1sledek trval\u00e9 po\u0161kozen\u00ed mozku.<\/strong><\/p>\n<p>Jak nebezpe\u010dn\u00e9 jsou skute\u010dn\u011b vrcholov\u00e9 proteiny SARS-CoV-2?\u00a0S ohledem na st\u00e1le kriti\u010dt\u011bj\u0161\u00ed v\u00fdsledky studi\u00ed vyvst\u00e1v\u00e1 ot\u00e1zka, zda pokra\u010duj\u00edc\u00ed injekce genov\u00fdmi st\u0159\u00edka\u010dkami, kter\u00e9 tak\u00e9 obsahuj\u00ed tyto spike proteiny, nejsou jen neuv\u011b\u0159iteln\u011b nebezpe\u010dn\u00e9.\u00a0<strong>Ukazuje to i\u00a0<a href=\"https:\/\/www.biorxiv.org\/content\/10.1101\/2023.04.04.535604v1.full.pdf\">studie<\/a><\/strong><a href=\"https:\/\/www.biorxiv.org\/content\/10.1101\/2023.04.04.535604v1.full.pdf\" target=\"_blank\" rel=\"noreferrer noopener\">\u00a0SARS-CoV-2 Spike Protein Accumulation in the Skull-MeningesBrain Axis: Potential Implications for Long-Term Neurological Complications in post-COVID-19\u00a0<\/a><strong>, kter\u00e1 zkoum\u00e1 \u00fa\u010dinky t\u011bchto protein\u016f na mozek.\u00a0<\/strong>\u0158\u00edk\u00e1:<\/p>\n<p><em><strong>\u201eNa\u0161e v\u00fdsledky uk\u00e1zaly akumulaci spike proteinu v krani\u00e1ln\u00ed d\u0159eni, mozkov\u00fdch plen\u00e1ch a mozkov\u00e9m parenchymu.\u00a0Injekce samotn\u00e9ho spike proteinu vedla k bun\u011b\u010dn\u00e9 smrti v mozku, co\u017e ukazuje na p\u0159\u00edm\u00fd \u00fa\u010dinek na mozkovou tk\u00e1\u0148.\u00a0Pozorovali jsme p\u0159\u00edtomnost spike proteinu v lebk\u00e1ch zesnul\u00fdch jedinc\u016f dlouho po jejich infekci COVID-19, co\u017e nazna\u010duje, \u017ee perzistence spike proteinu m\u016f\u017ee p\u0159isp\u00edvat k dlouhodob\u00fdm neurologick\u00fdm symptom\u016fm.&#8220;<\/strong><\/em><\/p>\n<figure class=\"wp-block-image size-full\"><img decoding=\"async\" loading=\"lazy\" class=\"wp-image-89404 lazyloaded aligncenter\" src=\"https:\/\/report24.news\/wp-content\/uploads\/2023\/04\/image-7.png\" sizes=\"(max-width: 1086px) 100vw, 1086px\" srcset=\"https:\/\/report24.news\/wp-content\/uploads\/2023\/04\/image-7.png 1086w, https:\/\/report24.news\/wp-content\/uploads\/2023\/04\/image-7-768x478.png 768w, https:\/\/report24.news\/wp-content\/uploads\/2023\/04\/image-7-600x373.png 600w\" alt=\"\" width=\"919\" height=\"572\" data-srcset=\"https:\/\/report24.news\/wp-content\/uploads\/2023\/04\/image-7.png 1086w, https:\/\/report24.news\/wp-content\/uploads\/2023\/04\/image-7-768x478.png 768w, https:\/\/report24.news\/wp-content\/uploads\/2023\/04\/image-7-600x373.png 600w\" data-src=\"https:\/\/report24.news\/wp-content\/uploads\/2023\/04\/image-7.png\" \/><\/figure>\n<p>Ze v\u0161ech protein\u016f viru SARS-CoV-2 byl v mozkov\u00e9m parenchymu detekov\u00e1n pouze spike protein.\u00a0<strong>\u201eTo nazna\u010duje, \u017ee spike protein by mohl m\u00edt v t\u011ble dlouhou \u017eivotnost.\u00a0Tuto p\u0159edstavu podporuje pozorov\u00e1n\u00ed, \u017ee spike protein m\u016f\u017ee b\u00fdt detekov\u00e1n na imunitn\u00edch bu\u0148k\u00e1ch pacient\u016f d\u00e9le ne\u017e rok po infekci \u2013 ned\u00e1vno publikovan\u00fd preprint nazna\u010duje, \u017ee spike protein m\u016f\u017ee b\u00fdt detekov\u00e1n ve vzorc\u00edch plazmy a\u017e 12 m\u011bs\u00edc\u016f po diagn\u00f3ze p\u0159etrv\u00e1v\u00e1. \u201c\u00a0<\/strong>A d\u00e1l:<strong>&#8222;Injekce Spike proteinu vyvolala \u0161irok\u00e9 spektrum proteomick\u00fdch zm\u011bn v krani\u00e1ln\u00ed d\u0159eni, mozkov\u00fdch plen\u00e1ch a mozku, v\u010detn\u011b protein\u016f spojen\u00fdch s koronavirov\u00fdm onemocn\u011bn\u00edm, komplement\u00e1rn\u00ed a koagula\u010dn\u00ed kask\u00e1dy, degranulaci neutrofil\u016f, tvorbu NET a signalizaci PI3K-AKT.&#8220; cesta, kter\u00e1 prokazuje imunogenicitu spike proteinu SARS-CoV-2 v nep\u0159\u00edtomnosti jin\u00fdch virov\u00fdch slo\u017eek.<\/strong><\/p>\n<p>V\u00fdzkumn\u00edci d\u00e1le uv\u00e1d\u011bj\u00ed: &#8222;Na\u0161e molekul\u00e1rn\u00ed anal\u00fdza nazna\u010duje aktivaci imunitn\u00ed reakce v kraniocerebr\u00e1ln\u00ed ose, pravd\u011bpodobn\u011b prost\u0159ednictv\u00edm n\u00e1boru a zv\u00fd\u0161en\u00ed aktivity neutrofil\u016f, podobn\u011b jako to bylo hl\u00e1\u0161eno pro d\u00fdchac\u00ed trakt.&#8220;\u00a0Krom\u011b toho by virov\u00e9 proteiny p\u016fsobily jako z\u00e1n\u011btliv\u00fd stimul, kter\u00fd by spustil \u201ev\u00fdznamnou imunitn\u00ed odpov\u011b\u010f v mozku\u201c.\u00a0Studie tak\u00e9 uv\u00e1d\u00ed: \u201eProteiny spojen\u00e9 s neurodegenerac\u00ed a po\u0161kozen\u00edm hematoencefalick\u00e9 bari\u00e9ry byly nejv\u00edce dysregulovan\u00fdmi molekulami v mozku.\u00a0Virov\u00fd spike protein vede k aktivaci RHOA, kter\u00e1 spou\u0161t\u00ed naru\u0161en\u00ed hematoencefalick\u00e9 bari\u00e9ry\u201c.<\/p>\n<p><strong>Proto doch\u00e1z\u00ed k miniinfarkt\u016fm v mozkov\u00e9m parenchymu a zv\u00fd\u0161en\u00e9mu po\u010dtu mikrokrv\u00e1cen\u00ed u pacient\u016f s Covidem (o\u010dkovan\u00e9 osoby, kter\u00e9 jsou nav\u00edc kontaminovan\u00e9 velk\u00fdm mno\u017estv\u00edm spike protein\u016f, v\u011bdci evidentn\u011b nezkoumali).\u00a0<\/strong>Tato pr\u00e1ce dokazuje, \u017ee spike protein mRNA vakc\u00edny SARS-CoV2 a Covid-19 vstupuje do d\u0159en\u011b lebky, mozkov\u00fdch blan a mozkov\u00e9ho parenchymu.\u00a0\u0160pi\u010dkov\u00fd protein tak\u00e9 pror\u00e1\u017e\u00ed hematoencefalickou bari\u00e9ru.\u00a0<strong>Samotn\u00fd Spike protein zp\u016fsobuje bun\u011b\u010dnou smrt v mozku, aktivuje komplementov\u00e9 a koagula\u010dn\u00ed cesty vedouc\u00ed ke krevn\u00edm sra\u017eenin\u00e1m, miniinfarkt\u016fm a mozkov\u00e9mu krv\u00e1cen\u00ed, zp\u016fsobuje z\u00e1n\u011bty a lok\u00e1ln\u00ed zm\u011bny spojen\u00e9 s neurodegenerac\u00ed (demence, Alzheimer, Parkinson).<\/strong><\/p>\n<p>M\u011bli bychom si b\u00fdt v\u011bdomi toho, \u017ee opakovan\u00e9 pod\u00e1v\u00e1n\u00ed takov\u00fdch spike protein\u016f pomoc\u00ed experiment\u00e1ln\u00edch genov\u00fdch st\u0159\u00edka\u010dek m\u016f\u017ee b\u00fdt ve smyslu kontaminace lidsk\u00e9ho t\u011bla t\u011bmito spike proteiny p\u0159irovn\u00e1no k mnoho\u010detn\u00fdm koronavir\u016fm.\u00a0Ale \u010d\u00edm \u010dast\u011bji jsou takov\u00e9 spike proteiny pod\u00e1v\u00e1ny, t\u00edm v\u011bt\u0161\u00ed jsou potenci\u00e1ln\u00ed zdravotn\u00ed probl\u00e9my \u2013 v tomto p\u0159\u00edpad\u011b i v lidsk\u00e9m mozku.\u00a0Hovo\u0159\u00edme zde o nenapraviteln\u00fdch \u0161kod\u00e1ch, proto\u017ee mozkov\u00e9 bu\u0148ky se ji\u017e neregeneruj\u00ed.<\/p>\n<p><a href=\"https:\/\/report24.news\/deutsche-studie-spike-proteine-von-viren-und-impfstoffen-lassen-hirnzellen-absterben\/\">Report24<\/a><\/p>\n<div id=\"repor-65a12974dfe087563104babea61000a0\" class=\"repor-65a12974dfe087563104babea61000a0 repor-inarticle6\">\n<div class=\"mgheader\">\n<p><img decoding=\"async\" loading=\"lazy\" class=\"wp-image-19187 aligncenter\" src=\"http:\/\/www.infokuryr.cz\/n\/wp-content\/uploads\/2022\/12\/1-PRO-300x36.jpg\" alt=\"\" width=\"1217\" height=\"146\" srcset=\"https:\/\/www.infokuryr.cz\/n\/wp-content\/uploads\/2022\/12\/1-PRO-300x36.jpg 300w, https:\/\/www.infokuryr.cz\/n\/wp-content\/uploads\/2022\/12\/1-PRO.jpg 699w\" sizes=\"(max-width: 1217px) 100vw, 1217px\" \/><\/p>\n<\/div>\n<\/div>\n<div><\/div>\n<div><\/div>\n<div><\/div>\n<div><\/div>\n<div><img decoding=\"async\" loading=\"lazy\" class=\"wp-image-24737 aligncenter\" src=\"http:\/\/www.infokuryr.cz\/n\/wp-content\/uploads\/2023\/03\/cesko_proti_bide2-239x300.png\" alt=\"\" width=\"721\" height=\"905\" srcset=\"https:\/\/www.infokuryr.cz\/n\/wp-content\/uploads\/2023\/03\/cesko_proti_bide2-239x300.png 239w, https:\/\/www.infokuryr.cz\/n\/wp-content\/uploads\/2023\/03\/cesko_proti_bide2-816x1024.png 816w, https:\/\/www.infokuryr.cz\/n\/wp-content\/uploads\/2023\/03\/cesko_proti_bide2-768x964.png 768w, https:\/\/www.infokuryr.cz\/n\/wp-content\/uploads\/2023\/03\/cesko_proti_bide2.png 846w\" sizes=\"(max-width: 721px) 100vw, 721px\" \/><\/div>\n<div><\/div>\n<div><\/div>\n","protected":false},"excerpt":{"rendered":"<p>Ned\u00e1vno zve\u0159ejn\u011bn\u00e1 n\u011bmeck\u00e1 studie nazna\u010duje, \u017ee spike proteiny z Covid-19 a vakc\u00edny Covid zp\u016fsobuj\u00ed smrt&#8230;<\/p>\n","protected":false},"author":2,"featured_media":25828,"comment_status":"closed","ping_status":"closed","sticky":false,"template":"","format":"standard","meta":[],"categories":[7],"tags":[593,2252,694,1589,651],"_links":{"self":[{"href":"https:\/\/www.infokuryr.cz\/n\/wp-json\/wp\/v2\/posts\/25827"}],"collection":[{"href":"https:\/\/www.infokuryr.cz\/n\/wp-json\/wp\/v2\/posts"}],"about":[{"href":"https:\/\/www.infokuryr.cz\/n\/wp-json\/wp\/v2\/types\/post"}],"author":[{"embeddable":true,"href":"https:\/\/www.infokuryr.cz\/n\/wp-json\/wp\/v2\/users\/2"}],"replies":[{"embeddable":true,"href":"https:\/\/www.infokuryr.cz\/n\/wp-json\/wp\/v2\/comments?post=25827"}],"version-history":[{"count":1,"href":"https:\/\/www.infokuryr.cz\/n\/wp-json\/wp\/v2\/posts\/25827\/revisions"}],"predecessor-version":[{"id":25829,"href":"https:\/\/www.infokuryr.cz\/n\/wp-json\/wp\/v2\/posts\/25827\/revisions\/25829"}],"wp:featuredmedia":[{"embeddable":true,"href":"https:\/\/www.infokuryr.cz\/n\/wp-json\/wp\/v2\/media\/25828"}],"wp:attachment":[{"href":"https:\/\/www.infokuryr.cz\/n\/wp-json\/wp\/v2\/media?parent=25827"}],"wp:term":[{"taxonomy":"category","embeddable":true,"href":"https:\/\/www.infokuryr.cz\/n\/wp-json\/wp\/v2\/categories?post=25827"},{"taxonomy":"post_tag","embeddable":true,"href":"https:\/\/www.infokuryr.cz\/n\/wp-json\/wp\/v2\/tags?post=25827"}],"curies":[{"name":"wp","href":"https:\/\/api.w.org\/{rel}","templated":true}]}}