{"id":2581,"date":"2021-06-17T05:32:21","date_gmt":"2021-06-17T03:32:21","guid":{"rendered":"http:\/\/www.infokuryr.cz\/n\/?p=2581"},"modified":"2021-06-17T05:32:21","modified_gmt":"2021-06-17T03:32:21","slug":"zamestnanec-pentagonu-muze-prijit-o-svou-verejnou-funkci-ale-nelituje","status":"publish","type":"post","link":"https:\/\/www.infokuryr.cz\/n\/2021\/06\/17\/zamestnanec-pentagonu-muze-prijit-o-svou-verejnou-funkci-ale-nelituje\/","title":{"rendered":"Zam\u011bstnanec Pentagonu m\u016f\u017ee p\u0159ij\u00edt o svou ve\u0159ejnou funkci, ale \u201enelituje\u201c"},"content":{"rendered":"<div id=\"fb-root\"><\/div>\n<div class=\"article-left\">\n<div class=\"article-con\">\n<p>Americk\u00fd \u201eWashington Post\u201c dne 11. \u010dervna informoval, \u017ee \u010dlen americk\u00e9ho n\u00e1mo\u0159nictva ve v\u00fdslu\u017eb\u011b, kter\u00fd v sou\u010dasn\u00e9 dob\u011b pracuje na americk\u00e9m ministerstvu obrany, Franz Gayl, m\u016f\u017ee p\u0159ij\u00edt o svou ve\u0159ejnou funkci kv\u016fli tomu, \u017ee napsal do Global Times, aby se vyj\u00e1d\u0159il k probl\u00e9m\u016fm Tchajwansk\u00e9ho pr\u016flivu.<\/p>\n<p>Franz Gayl publikoval dva \u010dl\u00e1nky v Global Times. Podle zpr\u00e1v dne 27. dubna zve\u0159ejnil Gayl prvn\u00ed podepsan\u00fd koment\u00e1\u0159 v Global Times. V \u010dl\u00e1nku uvedl, \u017ee pokud USA zas\u00e1hnou do situace v Tchajwansk\u00e9m pr\u016flivu, nebudou m\u00edt \u017e\u00e1dnou \u0161anci na v\u00edt\u011bzstv\u00ed. Manipulace Kongresem USA v ot\u00e1zk\u00e1ch souvisej\u00edc\u00edch s Tchajwanem je velmi rozporupln\u00e1 nebo korup\u010dn\u00ed. Tchajwan je hlavn\u00edm z\u00e1jmem \u010c\u00edny a chybn\u00fd \u00fasudek Spojen\u00fdch st\u00e1t\u016f bude fat\u00e1ln\u00ed. Podle zpr\u00e1v n\u011bkte\u0159\u00ed kritici pozd\u011bji Gayla obvinili ze \u201ezrady\u201c.<\/p>\n<p class=\"pcenter\"><img decoding=\"async\" src=\"http:\/\/img1.zhytuku.meldingcloud.com\/images\/zhycms_czech\/20210616\/e27c0390-f9a0-4e8a-80cc-3286fcba3389.png?x-oss-process=image\/resize,w_650\" width=\"650\" \/><\/p>\n<p>Gayl uvedl, \u201eMo\u017en\u00e1 m\u00e1m pot\u00ed\u017ee, proto\u017ee jsem prost\u0159ednictv\u00edm autoritativn\u00edch \u010d\u00ednsk\u00fdch m\u00e9di\u00ed nastolil probl\u00e9my proti \u0161patn\u00e9 americk\u00e9 politice. Ale v\u00e1lka by byla trag\u00e9di\u00ed, kter\u00e9 budeme v\u0161ichni litovat.\u201c<\/p>\n<p>Podle zpr\u00e1v byl Gayl dne 1. \u010dervna znovu p\u0159edvol\u00e1n bezpe\u010dnostn\u00edm odd\u011blen\u00edm a zbaven pravomoci, jak tomu bylo p\u0159ed v\u00edce ne\u017e deseti lety.<\/p>\n<p class=\"pcenter\"><img decoding=\"async\" src=\"http:\/\/img2.zhytuku.meldingcloud.com\/images\/zhycms_czech\/20210616\/e4e00db2-69d7-4d19-a541-78ece02a2367.png?x-oss-process=image\/resize,w_650\" width=\"650\" \/><\/p>\n<p>Zpr\u00e1va rovn\u011b\u017e uvedla, \u017ee Gayl obdr\u017eel dopis, v n\u011bm\u017e bylo uvedeno, \u017ee je p\u0159edm\u011btem kontrarozv\u011bdn\u00e9ho vy\u0161et\u0159ov\u00e1n\u00ed, ale neposkytl dal\u0161\u00ed podrobnosti. Vzpomn\u011bl si tak\u00e9, \u017ee nad\u0159\u00edzen\u00fd \u0159ekl, \u017ee probl\u00e9m byl jeho komentuj\u00edc\u00ed \u010dl\u00e1nek.<\/p>\n<p>Gayl v\u0161ak \u0159ekl, \u017ee si nep\u0159eje, aby jeho rodina pro\u0161la dal\u0161\u00edm vy\u0161et\u0159ov\u00e1n\u00edm kontrarozv\u011bdky, a pl\u00e1nuje odej\u00edt do d\u016fchodu. Podle zpr\u00e1v to znamen\u00e1, \u017ee ji\u017e nem\u016f\u017ee z\u00edskat bezpe\u010dnostn\u00ed opr\u00e1vn\u011bn\u00ed ani jinou pr\u00e1ci ve Washingtonu.<\/p>\n<p>\u201eAle to je v po\u0159\u00e1dku, jsem p\u0159ipraven d\u011blat n\u011bco jin\u00e9ho,\u201c \u0159ekl Gayl.<\/p>\n<p><img decoding=\"async\" loading=\"lazy\" class=\"alignnone size-full wp-image-1185\" src=\"http:\/\/www.infokuryr.cz\/n\/wp-content\/uploads\/2021\/04\/kuryr-podpis.png\" alt=\"\" width=\"84\" height=\"24\" \/><\/p>\n<p>&nbsp;<\/p>\n<\/div>\n<div class=\"pageStyle5\"><\/div>\n<\/div>\n<div class=\"article-right\">\n<div class=\"mod article-right-photo\">\n<div class=\"photoOne-con mobile-line indexMostPopular-con\"><\/div>\n<\/div>\n<\/div>\n","protected":false},"excerpt":{"rendered":"<p>Americk\u00fd \u201eWashington Post\u201c dne 11. \u010dervna informoval, \u017ee \u010dlen americk\u00e9ho n\u00e1mo\u0159nictva ve v\u00fdslu\u017eb\u011b, kter\u00fd v&#8230;<\/p>\n","protected":false},"author":2,"featured_media":2582,"comment_status":"closed","ping_status":"closed","sticky":false,"template":"","format":"standard","meta":[],"categories":[7],"tags":[380,616,37],"_links":{"self":[{"href":"https:\/\/www.infokuryr.cz\/n\/wp-json\/wp\/v2\/posts\/2581"}],"collection":[{"href":"https:\/\/www.infokuryr.cz\/n\/wp-json\/wp\/v2\/posts"}],"about":[{"href":"https:\/\/www.infokuryr.cz\/n\/wp-json\/wp\/v2\/types\/post"}],"author":[{"embeddable":true,"href":"https:\/\/www.infokuryr.cz\/n\/wp-json\/wp\/v2\/users\/2"}],"replies":[{"embeddable":true,"href":"https:\/\/www.infokuryr.cz\/n\/wp-json\/wp\/v2\/comments?post=2581"}],"version-history":[{"count":0,"href":"https:\/\/www.infokuryr.cz\/n\/wp-json\/wp\/v2\/posts\/2581\/revisions"}],"wp:featuredmedia":[{"embeddable":true,"href":"https:\/\/www.infokuryr.cz\/n\/wp-json\/wp\/v2\/media\/2582"}],"wp:attachment":[{"href":"https:\/\/www.infokuryr.cz\/n\/wp-json\/wp\/v2\/media?parent=2581"}],"wp:term":[{"taxonomy":"category","embeddable":true,"href":"https:\/\/www.infokuryr.cz\/n\/wp-json\/wp\/v2\/categories?post=2581"},{"taxonomy":"post_tag","embeddable":true,"href":"https:\/\/www.infokuryr.cz\/n\/wp-json\/wp\/v2\/tags?post=2581"}],"curies":[{"name":"wp","href":"https:\/\/api.w.org\/{rel}","templated":true}]}}