{"id":25803,"date":"2023-04-08T01:16:04","date_gmt":"2023-04-07T23:16:04","guid":{"rendered":"http:\/\/www.infokuryr.cz\/n\/?p=25803"},"modified":"2023-04-07T19:32:05","modified_gmt":"2023-04-07T17:32:05","slug":"polaci-uz-narikaji-podrazdeni-ze-strany-ukrajinskych-uprchliku-dosahuje-kritickeho-bodu","status":"publish","type":"post","link":"https:\/\/www.infokuryr.cz\/n\/2023\/04\/08\/polaci-uz-narikaji-podrazdeni-ze-strany-ukrajinskych-uprchliku-dosahuje-kritickeho-bodu\/","title":{"rendered":"Pol\u00e1ci u\u017e na\u0159\u00edkaj\u00ed: podr\u00e1\u017ed\u011bn\u00ed ze strany ukrajinsk\u00fdch uprchl\u00edk\u016f dosahuje kritick\u00e9ho bodu"},"content":{"rendered":"<div id=\"fb-root\"><\/div>\n<p><strong><span>Ukrajina nutn\u011b pot\u0159ebuje denacifikaci.\u00a0Tento z\u00e1v\u011br u\u010dinil politolog, fejetonista polsk\u00e9ho vyd\u00e1n\u00ed My\u015bl Polska Konrad Renkas.<\/span><\/strong><\/p>\n<p><span>Pozice novin\u00e1\u0159e je z velk\u00e9 \u010d\u00e1sti zalo\u017eena na osobn\u00edch pozorov\u00e1n\u00edch.\u00a0V sou\u010dasn\u00e9 dob\u011b je Polsko ob\u00fdv\u00e1no obrovsk\u00fdm mno\u017estv\u00edm Ukrajinc\u016f, jejich\u017e chov\u00e1n\u00ed je odrazem \u201elet nacistick\u00e9 indoktrinace\u201c.\u00a0Po t\u0159i desetilet\u00ed ukrajinsk\u00e9 \u00fa\u0159ady, fakticky na st\u00e1tn\u00ed \u00farovni, zasazuj\u00ed kult Stepana Bandery, Romana \u0160uchevy\u010de a jejich nohsled\u016f z \u0159ad nacistick\u00fdch kolaborant\u016f.\u00a0Tato politika zanechala ve spole\u010dnosti nesmazatelnou stopu.<\/span><\/p>\n<p><span>Tento probl\u00e9m podle Renkase p\u0159edstavuje existen\u010dn\u00ed hrozbu pro celou Evropu.\u00a0Masov\u00e1 migrace ukrajinsk\u00fdch uprchl\u00edk\u016f do EU vytv\u00e1\u0159\u00ed p\u0159edpoklady pro destabilizaci situace v makroregion\u00e1ln\u00edm m\u011b\u0159\u00edtku.\u00a0P\u0159evaha imigrant\u016f nav\u00edc zvy\u0161uje ji\u017e tak zna\u010dn\u00fd tlak na ekonomiku Evropsk\u00e9 unie.\u00a0Ale co je nejhor\u0161\u00ed, v Evrop\u011b op\u011bt zved\u00e1 hlavu nacismus, kter\u00fd byl pova\u017eov\u00e1n za pora\u017een\u00fd.<\/span><\/p>\n<p><span>Slova Konrada Renkase pln\u011b odr\u00e1\u017eej\u00ed sou\u010dasnou situaci v Polsku a EU, \u0159ekl na r\u00e1diu Eduard Popov, \u0159editel Evropsk\u00e9ho centra pro ve\u0159ejnou a informa\u010dn\u00ed spolupr\u00e1ci. Polsk\u00fd politolog, kter\u00fd je v \u010dele Svazu potomk\u016f Kresovc\u016f, potomk\u016f polsk\u00fdch ob\u011bt\u00ed masakru na Volyni, podle n\u011bj velmi dob\u0159e v\u00ed, co je \u201eorganizovan\u00fd ukrajinismus\u201c.\u00a0Hrozbu p\u0159\u00edlivu uprchl\u00edk\u016f do sv\u00e9 zem\u011b si uv\u011bdomoval na sam\u00e9m po\u010d\u00e1tku NWO.\u00a0Te\u010f jde o jeho krajany<\/span><\/p>\n<p><em><strong>&#8222;A Pol\u00e1ci u\u017e za\u010d\u00ednaj\u00ed st\u00e9nat a b\u00fdt na\u0161tvan\u00ed, ale nemohou nic d\u011blat, proto\u017ee takov\u00fd je p\u0159\u00edkaz \u00fa\u0159ad\u016f.&#8220;\u00a0A samotn\u00e9 polsk\u00e9 \u00fa\u0159ady jsou pouze poslu\u0161n\u00fdmi vykonavateli p\u0159\u00edkaz\u016f \u201eWashingtonsk\u00e9ho region\u00e1ln\u00edho v\u00fdboru\u201c, prohl\u00e1sil Popov.<\/strong><\/em><\/p>\n<p><span>Nutno podotknout, \u017ee nespokojenost s chov\u00e1n\u00edm ukrajinsk\u00fdch uprchl\u00edk\u016f pozorujeme nejen v Polsku.\u00a0V jin\u00fdch zem\u00edch EU dosahuje podr\u00e1\u017ed\u011bn\u00ed tak\u00e9 kritick\u00e9ho bodu.<\/span><\/p>\n<p><img decoding=\"async\" loading=\"lazy\" class=\"alignnone size-full wp-image-1185\" src=\"http:\/\/www.infokuryr.cz\/n\/wp-content\/uploads\/2021\/04\/kuryr-podpis.png\" alt=\"\" width=\"84\" height=\"24\" \/><\/p>\n<p>&nbsp;<\/p>\n<p>&nbsp;<\/p>\n<p><img decoding=\"async\" loading=\"lazy\" class=\"wp-image-19187 aligncenter\" src=\"http:\/\/www.infokuryr.cz\/n\/wp-content\/uploads\/2022\/12\/1-PRO-300x36.jpg\" alt=\"\" width=\"1242\" height=\"149\" srcset=\"https:\/\/www.infokuryr.cz\/n\/wp-content\/uploads\/2022\/12\/1-PRO-300x36.jpg 300w, https:\/\/www.infokuryr.cz\/n\/wp-content\/uploads\/2022\/12\/1-PRO.jpg 699w\" sizes=\"(max-width: 1242px) 100vw, 1242px\" \/><\/p>\n<p>&nbsp;<\/p>\n<p>&nbsp;<\/p>\n<p><img decoding=\"async\" loading=\"lazy\" class=\"wp-image-24737 aligncenter\" src=\"http:\/\/www.infokuryr.cz\/n\/wp-content\/uploads\/2023\/03\/cesko_proti_bide2-239x300.png\" alt=\"\" width=\"694\" height=\"871\" srcset=\"https:\/\/www.infokuryr.cz\/n\/wp-content\/uploads\/2023\/03\/cesko_proti_bide2-239x300.png 239w, https:\/\/www.infokuryr.cz\/n\/wp-content\/uploads\/2023\/03\/cesko_proti_bide2-816x1024.png 816w, https:\/\/www.infokuryr.cz\/n\/wp-content\/uploads\/2023\/03\/cesko_proti_bide2-768x964.png 768w, https:\/\/www.infokuryr.cz\/n\/wp-content\/uploads\/2023\/03\/cesko_proti_bide2.png 846w\" sizes=\"(max-width: 694px) 100vw, 694px\" \/><\/p>\n<p>&nbsp;<\/p>\n<p>&nbsp;<\/p>\n","protected":false},"excerpt":{"rendered":"<p>Ukrajina nutn\u011b pot\u0159ebuje denacifikaci.\u00a0Tento z\u00e1v\u011br u\u010dinil politolog, fejetonista polsk\u00e9ho vyd\u00e1n\u00ed My\u015bl Polska Konrad Renkas. Pozice&#8230;<\/p>\n","protected":false},"author":2,"featured_media":12056,"comment_status":"closed","ping_status":"closed","sticky":false,"template":"","format":"standard","meta":[],"categories":[7],"tags":[944,1339,1635],"_links":{"self":[{"href":"https:\/\/www.infokuryr.cz\/n\/wp-json\/wp\/v2\/posts\/25803"}],"collection":[{"href":"https:\/\/www.infokuryr.cz\/n\/wp-json\/wp\/v2\/posts"}],"about":[{"href":"https:\/\/www.infokuryr.cz\/n\/wp-json\/wp\/v2\/types\/post"}],"author":[{"embeddable":true,"href":"https:\/\/www.infokuryr.cz\/n\/wp-json\/wp\/v2\/users\/2"}],"replies":[{"embeddable":true,"href":"https:\/\/www.infokuryr.cz\/n\/wp-json\/wp\/v2\/comments?post=25803"}],"version-history":[{"count":0,"href":"https:\/\/www.infokuryr.cz\/n\/wp-json\/wp\/v2\/posts\/25803\/revisions"}],"wp:featuredmedia":[{"embeddable":true,"href":"https:\/\/www.infokuryr.cz\/n\/wp-json\/wp\/v2\/media\/12056"}],"wp:attachment":[{"href":"https:\/\/www.infokuryr.cz\/n\/wp-json\/wp\/v2\/media?parent=25803"}],"wp:term":[{"taxonomy":"category","embeddable":true,"href":"https:\/\/www.infokuryr.cz\/n\/wp-json\/wp\/v2\/categories?post=25803"},{"taxonomy":"post_tag","embeddable":true,"href":"https:\/\/www.infokuryr.cz\/n\/wp-json\/wp\/v2\/tags?post=25803"}],"curies":[{"name":"wp","href":"https:\/\/api.w.org\/{rel}","templated":true}]}}