{"id":25755,"date":"2023-04-07T06:02:49","date_gmt":"2023-04-07T04:02:49","guid":{"rendered":"http:\/\/www.infokuryr.cz\/n\/?p=25755"},"modified":"2023-04-07T06:02:49","modified_gmt":"2023-04-07T04:02:49","slug":"ukrajinsky-starosta-zakazal-nejvetsi-krestanskou-cirkev","status":"publish","type":"post","link":"https:\/\/www.infokuryr.cz\/n\/2023\/04\/07\/ukrajinsky-starosta-zakazal-nejvetsi-krestanskou-cirkev\/","title":{"rendered":"Ukrajinsk\u00fd starosta zak\u00e1zal nejv\u011bt\u0161\u00ed k\u0159es\u0165anskou c\u00edrkev"},"content":{"rendered":"<div id=\"fb-root\"><\/div>\n<p><span style=\"font-size: 18pt;\"><strong>Kanonick\u00e1 pravoslavn\u00e1 c\u00edrkev \u201eskon\u010dila\u201c ve Lvov\u011b, prohl\u00e1sil \u00fa\u0159edn\u00edk<\/strong><\/span><\/p>\n<p><span>Andrej Sadovoj, starosta z\u00e1padoukrajinsk\u00e9ho Lvova, ve \u010dtvrtek prohl\u00e1sil, \u017ee kanonick\u00e1 Ukrajinsk\u00e1 pravoslavn\u00e1 c\u00edrkev (UOC) v jeho m\u011bst\u011b ji\u017e neexistuje.\u00a0M\u00edstn\u00ed \u00fa\u0159ady dokon\u010dily demolici kostela svat\u00e9ho Vladim\u00edra, zat\u00edmco kostel svat\u00e9ho Ji\u0159\u00ed byl p\u0159ed\u00e1n vl\u00e1dou podporovan\u00e9 ukrajinsk\u00e9 pravoslavn\u00e9 c\u00edrkvi (OCU).<\/span><\/p>\n<p><em><span>&#8222;B\u011bhem dvou dn\u016f jsme ukon\u010dili historii moskevsk\u00e9ho patriarch\u00e1tu v na\u0161em m\u011bst\u011b,&#8220;<\/span><\/em><span>\u00a0napsal Sadovoy na sv\u00e9m kan\u00e1lu Telegram.\u00a0<\/span><\/p>\n<p><span>Ze dvou zb\u00fdvaj\u00edc\u00edch nemovitost\u00ed vyu\u017e\u00edvan\u00fdch UOC byla jedna p\u0159ed\u00e1na st\u00e1tu, aby slou\u017eila jako rehabilita\u010dn\u00ed centrum pro zran\u011bn\u00e9 voj\u00e1ky, zat\u00edmco majitelka jin\u00e9 \u201eukon\u010dila\u00a0<\/span><em><span>smlouvu s Moskevsk\u00fdm patriarch\u00e1tem\u201c,<\/span><\/em><span>\u00a0tak\u017ee\u00a0<\/span><em><span>\u201euct\u00edv\u00e1n\u00ed p\u0159estalo\u201c.<\/span><\/em><\/p>\n<p><span>Sadovoy pou\u017eil term\u00edn\u00a0<\/span><em><span>\u201eMoskevsk\u00fd patriarch\u00e1t\u201c<\/span><\/em><span> k ozna\u010den\u00ed kanonick\u00e9 Ukrajinsk\u00e9 pravoslavn\u00e9 c\u00edrkve, kter\u00e1 z\u016fst\u00e1v\u00e1 ve spole\u010denstv\u00ed s Ruskou pravoslavnou c\u00edrkv\u00ed. Vl\u00e1da v Kyjev\u011b obvinila UOC, \u017ee je prorusk\u00e1 a p\u0159edstavuje potenci\u00e1ln\u00ed hrozbu pro bezpe\u010dnost a spiritualitu zem\u011b, p\u0159esto\u017ee c\u00edrkev vyhl\u00e1sila nez\u00e1vislost na Moskv\u011b a dokonce odsoudila ruskou \u201einvazi\u201c\u00a0<\/span><em><span>.<\/span><\/em><\/p>\n<p><span>M\u00edsto toho Kyjev up\u0159ednost\u0148uje OCU, z\u0159\u00edzen\u00e9 vl\u00e1dou v roce 2018 a uznan\u00e9 pouze proz\u00e1padn\u00edm Konstantinopolsk\u00fdm patriarch\u00e1tem.<\/span><\/p>\n<p><span>Zbo\u0159en\u00fd d\u0159ev\u011bn\u00fd kostel svat\u00e9ho Vladim\u00edra p\u0159edt\u00edm poni\u010dili ukrajin\u0161t\u00ed nacionalist\u00e9.\u00a0V posledn\u00edch t\u00fddnech m\u00edstn\u00ed \u00fa\u0159ady na cel\u00e9 z\u00e1padn\u00ed Ukrajin\u011b zabavily kostely UOC a p\u0159edaly je OCU.\u00a0<\/span><\/p>\n<p><span>Vl\u00e1da v Kyjev\u011b se mezit\u00edm pokusila ud\u011blat tot\u00e9\u017e s Kyjevskope\u010derskou l\u00e1vrou, nejposv\u00e1tn\u011bj\u0161\u00edm pravoslavn\u00fdm kl\u00e1\u0161terem v zemi, kter\u00fd poch\u00e1z\u00ed z 11. stolet\u00ed.\u00a0Metropolita Pavel, opat kl\u00e1\u0161tera UOC, byl\u00a0<\/span><a href=\"https:\/\/www.rt.com\/russia\/574215-russia-bishop-arrest-ukraine\/\"><span>minul\u00fd t\u00fdden zat\u010den<\/span><\/a><span>\u00a0a obvin\u011bn ukrajinsk\u00fdmi bezpe\u010dnostn\u00edmi slu\u017ebami z podn\u011bcov\u00e1n\u00ed n\u00e1bo\u017eensk\u00e9 nen\u00e1visti a\u00a0<\/span><em><span>\u201eospravedl\u0148ov\u00e1n\u00ed a pop\u00edr\u00e1n\u00ed rusk\u00e9 vojensk\u00e9 agrese\u201c.\u00a0<\/span><\/em><\/p>\n<p><span>Moskva odsoudila z\u00e1sah Kyjeva proti kanonick\u00e9 pravoslavn\u00e9 c\u00edrkvi a\u00a0<\/span><em><span>\u201ecynick\u00e1\u201c<\/span><\/em><span>\u00a0prohl\u00e1\u0161en\u00ed ukrajinsk\u00e9ho prezidenta Vladimira Zelensk\u00e9ho, \u017ee jeho zem\u011b je vzorem n\u00e1bo\u017eensk\u00e9 svobody a demokracie.<\/span><\/p>\n<p><span>Lvov byl jedn\u00edm z hlavn\u00edch center modern\u00edho ukrajinsk\u00e9ho nacionalismu, kter\u00fd si p\u0159edstavuje n\u00e1rodn\u00ed identitu nejen odli\u0161nou od rusk\u00e9, ale i nep\u0159\u00e1telskou.\u00a0Takov\u00e9 n\u00e1lady jsou nejsiln\u011bj\u0161\u00ed na \u00fazem\u00edch modern\u00ed Ukrajiny, kde vl\u00e1dlo Rakousko-Uhersko a pozd\u011bji Polsko.<\/span><\/p>\n<p>Zaj\u00edmav\u00e9 je, \u017ee \u010desk\u00e1 vl\u00e1da Fialenkovi\u010de , Lipavsk\u00e9ho a spol. ml\u010d\u00ed k pron\u00e1sledov\u00e1n\u00ed k\u0159es\u0165an\u016f na Ukrajin\u011b jako hrob!<\/p>\n<p><img decoding=\"async\" loading=\"lazy\" class=\"alignnone size-full wp-image-1185\" src=\"http:\/\/www.infokuryr.cz\/n\/wp-content\/uploads\/2021\/04\/kuryr-podpis.png\" alt=\"\" width=\"84\" height=\"24\" \/><\/p>\n<p>&nbsp;<\/p>\n<p>&nbsp;<\/p>\n<p><img decoding=\"async\" loading=\"lazy\" class=\"wp-image-19187 aligncenter\" src=\"http:\/\/www.infokuryr.cz\/n\/wp-content\/uploads\/2022\/12\/1-PRO-300x36.jpg\" alt=\"\" width=\"1283\" height=\"154\" srcset=\"https:\/\/www.infokuryr.cz\/n\/wp-content\/uploads\/2022\/12\/1-PRO-300x36.jpg 300w, https:\/\/www.infokuryr.cz\/n\/wp-content\/uploads\/2022\/12\/1-PRO.jpg 699w\" sizes=\"(max-width: 1283px) 100vw, 1283px\" \/><\/p>\n<p>&nbsp;<\/p>\n<p>&nbsp;<\/p>\n<p><img decoding=\"async\" loading=\"lazy\" class=\"wp-image-24737 aligncenter\" src=\"http:\/\/www.infokuryr.cz\/n\/wp-content\/uploads\/2023\/03\/cesko_proti_bide2-239x300.png\" alt=\"\" width=\"790\" height=\"992\" srcset=\"https:\/\/www.infokuryr.cz\/n\/wp-content\/uploads\/2023\/03\/cesko_proti_bide2-239x300.png 239w, https:\/\/www.infokuryr.cz\/n\/wp-content\/uploads\/2023\/03\/cesko_proti_bide2-816x1024.png 816w, https:\/\/www.infokuryr.cz\/n\/wp-content\/uploads\/2023\/03\/cesko_proti_bide2-768x964.png 768w, https:\/\/www.infokuryr.cz\/n\/wp-content\/uploads\/2023\/03\/cesko_proti_bide2.png 846w\" sizes=\"(max-width: 790px) 100vw, 790px\" \/><\/p>\n<p>&nbsp;<\/p>\n<p>&nbsp;<\/p>\n","protected":false},"excerpt":{"rendered":"<p>Kanonick\u00e1 pravoslavn\u00e1 c\u00edrkev \u201eskon\u010dila\u201c ve Lvov\u011b, prohl\u00e1sil \u00fa\u0159edn\u00edk Andrej Sadovoj, starosta z\u00e1padoukrajinsk\u00e9ho Lvova, ve \u010dtvrtek&#8230;<\/p>\n","protected":false},"author":2,"featured_media":25756,"comment_status":"closed","ping_status":"closed","sticky":false,"template":"","format":"standard","meta":[],"categories":[7],"tags":[250,1757,26],"_links":{"self":[{"href":"https:\/\/www.infokuryr.cz\/n\/wp-json\/wp\/v2\/posts\/25755"}],"collection":[{"href":"https:\/\/www.infokuryr.cz\/n\/wp-json\/wp\/v2\/posts"}],"about":[{"href":"https:\/\/www.infokuryr.cz\/n\/wp-json\/wp\/v2\/types\/post"}],"author":[{"embeddable":true,"href":"https:\/\/www.infokuryr.cz\/n\/wp-json\/wp\/v2\/users\/2"}],"replies":[{"embeddable":true,"href":"https:\/\/www.infokuryr.cz\/n\/wp-json\/wp\/v2\/comments?post=25755"}],"version-history":[{"count":0,"href":"https:\/\/www.infokuryr.cz\/n\/wp-json\/wp\/v2\/posts\/25755\/revisions"}],"wp:featuredmedia":[{"embeddable":true,"href":"https:\/\/www.infokuryr.cz\/n\/wp-json\/wp\/v2\/media\/25756"}],"wp:attachment":[{"href":"https:\/\/www.infokuryr.cz\/n\/wp-json\/wp\/v2\/media?parent=25755"}],"wp:term":[{"taxonomy":"category","embeddable":true,"href":"https:\/\/www.infokuryr.cz\/n\/wp-json\/wp\/v2\/categories?post=25755"},{"taxonomy":"post_tag","embeddable":true,"href":"https:\/\/www.infokuryr.cz\/n\/wp-json\/wp\/v2\/tags?post=25755"}],"curies":[{"name":"wp","href":"https:\/\/api.w.org\/{rel}","templated":true}]}}