{"id":25731,"date":"2023-04-07T01:07:59","date_gmt":"2023-04-06T23:07:59","guid":{"rendered":"http:\/\/www.infokuryr.cz\/n\/?p=25731"},"modified":"2023-04-06T11:27:39","modified_gmt":"2023-04-06T09:27:39","slug":"belgicka-a-nemecka-policie-provedla-razii-v-sidle-epp-v-bruselu-kvuli-obvineni-z-podvodu","status":"publish","type":"post","link":"https:\/\/www.infokuryr.cz\/n\/2023\/04\/07\/belgicka-a-nemecka-policie-provedla-razii-v-sidle-epp-v-bruselu-kvuli-obvineni-z-podvodu\/","title":{"rendered":"Belgick\u00e1 a n\u011bmeck\u00e1 policie provedla razii v s\u00eddle EPP v Bruselu kv\u016fli obvin\u011bn\u00ed z podvodu"},"content":{"rendered":"<div id=\"fb-root\"><\/div>\n<p><span style=\"font-size: 18pt;\"><strong>Razie souvis\u00ed s prob\u00edhaj\u00edc\u00edm vy\u0161et\u0159ov\u00e1n\u00edm n\u011bmeck\u00e9 policie Maria Voigta, region\u00e1ln\u00edho v\u016fdce strany K\u0159es\u0165anskodemokratick\u00e1 unie (CDU) v Durynsku.<\/strong><\/span><\/p>\n<p><span>Belgick\u00e1 policie v \u00fater\u00fd provedla razii v s\u00eddle Evropsk\u00e9 lidov\u00e9 strany (EPP) v Bruselu,\u00a0<\/span><a href=\"https:\/\/www.euractiv.com\/section\/politics\/news\/breaking-belgian-police-raids-epp-headquarters-in-brussels\/\"><span>uv\u00e1d\u00ed<\/span><\/a><span>\u00a0Euractiv .\u00a0Podle prvn\u00edch informac\u00ed policie zabavila po\u010d\u00edta\u010de spojen\u00e9 s finan\u010dn\u00edmi podvody, o kter\u00fdch se p\u0159edpokl\u00e1d\u00e1, \u017ee se na nich pod\u00edlej\u00ed zam\u011bstnanci EPP.<\/span><\/p>\n<p><span>N\u011bmeck\u00e1 m\u00e9dia uvedla, \u017ee vy\u0161et\u0159ov\u00e1n\u00ed se nezam\u011b\u0159uje na stranu ani jej\u00ed sou\u010dasn\u00fd person\u00e1l, ale na Maria Voigta, region\u00e1ln\u00edho v\u016fdce strany K\u0159es\u0165anskodemokratick\u00e1 unie (CDU) v Durynsku, kter\u00fd je podez\u0159el\u00fd z korupce a \u00faplatk\u00e1\u0159stv\u00ed.<\/span><\/p>\n<p><span>Podrobnosti o \u00fa\u010delu z\u00e1sahu policie neuvedla.<\/span><\/p>\n<p><span>&#8222;Z\u00e1sah souvis\u00ed s prob\u00edhaj\u00edc\u00edm vy\u0161et\u0159ov\u00e1n\u00edm v Durynsku v N\u011bmecku,&#8220; uvedl mluv\u010d\u00ed EPP v kr\u00e1tk\u00e9 tiskov\u00e9 zpr\u00e1v\u011b. Dodal, \u017ee \u201estrana spolupracuje s dot\u010den\u00fdmi org\u00e1ny zcela transparentn\u011b a poskytne v\u0161echny relevantn\u00ed informace a dokumenty\u201c.<\/span><\/p>\n<article id=\"post-71962\" class=\"relatedbox mainpost newstyle post-71962 post type-post status-publish format-standard has-post-thumbnail hentry category-commentary category-poland tag-corruption tag-donald-tusk tag-epp tag-investigation tag-police\">\n<div class=\"article_cover\">\n<div class=\"row\">\n<div class=\"col-md-8\">\n<div class=\"lead\">\n<p><span>Policie v \u00fater\u00fd napochodovala do are\u00e1lu EPP, aby pro\u0161et\u0159ila volebn\u00ed kampa\u0148 t\u00e9to strany do Evropsk\u00e9ho parlamentu v roce 2019.<\/span><\/p>\n<\/div>\n<\/div>\n<\/div>\n<\/div>\n<\/article>\n<p><span>Voigt pracoval pro EPP ve volebn\u00edm cyklu 2019.<\/span><\/p>\n<p><span>Vy\u0161et\u0159ovatel\u00e9 se pokou\u0161ej\u00ed zjistit, kolik pen\u011bz Voigt b\u011bhem t\u00e9 doby obdr\u017eel nebo s nimi mohl nakl\u00e1dat.\u00a0V Bruselu tak\u00e9 hledaj\u00ed dokumenty t\u00fdkaj\u00edc\u00ed se pracovn\u00edch smluv a rozhovor\u016f se sv\u011bdky, uvedla n\u011bmeck\u00e1 m\u00e9dia.<\/span><\/p>\n<p><span>Podle\u00a0<\/span><a href=\"https:\/\/www.euractiv.com\/section\/politics\/news\/breaking-belgian-police-raids-epp-headquarters-in-brussels\/\"><span>Euractivu<\/span><\/a><span>\u00a0byl Voigt mana\u017eerem digit\u00e1ln\u00ed kampan\u011b Manfreda Webera b\u011bhem evropsk\u00e9 volebn\u00ed kampan\u011b v roce 2019 a policejn\u00ed vy\u0161et\u0159ov\u00e1n\u00ed se zam\u011b\u0159uje na zak\u00e1zky ud\u011blen\u00e9 b\u011bhem t\u00e9to doby.\u00a0Weber vyst\u0159\u00eddal Donalda Tuska ve funkci l\u00eddra EPP v roce 2022.<\/span><\/p>\n<p><img decoding=\"async\" loading=\"lazy\" class=\"alignnone size-full wp-image-1185\" src=\"http:\/\/www.infokuryr.cz\/n\/wp-content\/uploads\/2021\/04\/kuryr-podpis.png\" alt=\"\" width=\"84\" height=\"24\" \/><\/p>\n<p>&nbsp;<\/p>\n<p><img decoding=\"async\" loading=\"lazy\" class=\"wp-image-19187 aligncenter\" src=\"http:\/\/www.infokuryr.cz\/n\/wp-content\/uploads\/2022\/12\/1-PRO-300x36.jpg\" alt=\"\" width=\"1283\" height=\"154\" srcset=\"https:\/\/www.infokuryr.cz\/n\/wp-content\/uploads\/2022\/12\/1-PRO-300x36.jpg 300w, https:\/\/www.infokuryr.cz\/n\/wp-content\/uploads\/2022\/12\/1-PRO.jpg 699w\" sizes=\"(max-width: 1283px) 100vw, 1283px\" \/><\/p>\n<p>&nbsp;<\/p>\n<p>&nbsp;<\/p>\n<p>&nbsp;<\/p>\n<p><img decoding=\"async\" loading=\"lazy\" class=\"wp-image-24737 aligncenter\" src=\"http:\/\/www.infokuryr.cz\/n\/wp-content\/uploads\/2023\/03\/cesko_proti_bide2-239x300.png\" alt=\"\" width=\"786\" height=\"987\" srcset=\"https:\/\/www.infokuryr.cz\/n\/wp-content\/uploads\/2023\/03\/cesko_proti_bide2-239x300.png 239w, https:\/\/www.infokuryr.cz\/n\/wp-content\/uploads\/2023\/03\/cesko_proti_bide2-816x1024.png 816w, https:\/\/www.infokuryr.cz\/n\/wp-content\/uploads\/2023\/03\/cesko_proti_bide2-768x964.png 768w, https:\/\/www.infokuryr.cz\/n\/wp-content\/uploads\/2023\/03\/cesko_proti_bide2.png 846w\" sizes=\"(max-width: 786px) 100vw, 786px\" \/><\/p>\n<p>&nbsp;<\/p>\n<p>&nbsp;<\/p>\n","protected":false},"excerpt":{"rendered":"<p>Razie souvis\u00ed s prob\u00edhaj\u00edc\u00edm vy\u0161et\u0159ov\u00e1n\u00edm n\u011bmeck\u00e9 policie Maria Voigta, region\u00e1ln\u00edho v\u016fdce strany K\u0159es\u0165anskodemokratick\u00e1 unie (CDU)&#8230;<\/p>\n","protected":false},"author":2,"featured_media":2422,"comment_status":"closed","ping_status":"closed","sticky":false,"template":"","format":"standard","meta":[],"categories":[7],"tags":[292,86,3146],"_links":{"self":[{"href":"https:\/\/www.infokuryr.cz\/n\/wp-json\/wp\/v2\/posts\/25731"}],"collection":[{"href":"https:\/\/www.infokuryr.cz\/n\/wp-json\/wp\/v2\/posts"}],"about":[{"href":"https:\/\/www.infokuryr.cz\/n\/wp-json\/wp\/v2\/types\/post"}],"author":[{"embeddable":true,"href":"https:\/\/www.infokuryr.cz\/n\/wp-json\/wp\/v2\/users\/2"}],"replies":[{"embeddable":true,"href":"https:\/\/www.infokuryr.cz\/n\/wp-json\/wp\/v2\/comments?post=25731"}],"version-history":[{"count":0,"href":"https:\/\/www.infokuryr.cz\/n\/wp-json\/wp\/v2\/posts\/25731\/revisions"}],"wp:featuredmedia":[{"embeddable":true,"href":"https:\/\/www.infokuryr.cz\/n\/wp-json\/wp\/v2\/media\/2422"}],"wp:attachment":[{"href":"https:\/\/www.infokuryr.cz\/n\/wp-json\/wp\/v2\/media?parent=25731"}],"wp:term":[{"taxonomy":"category","embeddable":true,"href":"https:\/\/www.infokuryr.cz\/n\/wp-json\/wp\/v2\/categories?post=25731"},{"taxonomy":"post_tag","embeddable":true,"href":"https:\/\/www.infokuryr.cz\/n\/wp-json\/wp\/v2\/tags?post=25731"}],"curies":[{"name":"wp","href":"https:\/\/api.w.org\/{rel}","templated":true}]}}