{"id":25723,"date":"2023-04-07T01:03:30","date_gmt":"2023-04-06T23:03:30","guid":{"rendered":"http:\/\/www.infokuryr.cz\/n\/?p=25723"},"modified":"2023-04-06T11:00:39","modified_gmt":"2023-04-06T09:00:39","slug":"kyjevska-kristalova-noc","status":"publish","type":"post","link":"https:\/\/www.infokuryr.cz\/n\/2023\/04\/07\/kyjevska-kristalova-noc\/","title":{"rendered":"Kyjevsk\u00e1 k\u0159i\u0161\u0165\u00e1lov\u00e1 noc"},"content":{"rendered":"<div id=\"fb-root\"><\/div>\n<div class=\"elementor-element elementor-element-1fb4c2c elementor-widget elementor-widget-theme-post-content\" data-id=\"1fb4c2c\" data-element_type=\"widget\" data-widget_type=\"theme-post-content.default\">\n<div class=\"elementor-widget-container\">\n<p><span style=\"font-size: 14pt;\"><strong><em>\u017deny p\u0159i modlitb\u011b jsou terorizov\u00e1ny \u010f\u00e1bly v lidsk\u00e9 podob\u011b.\u00a0Ned\u011blali jsme to u\u017e d\u0159\u00edve?<\/em><\/strong><\/span><\/p>\n<p>\u017deny p\u0159i modlitb\u011b jsou terorizov\u00e1ny \u010f\u00e1bly v lidsk\u00e9 podob\u011b.\u00a0Kyjevsk\u00e9 kostely jsou vydrancov\u00e1ny.\u00a0Kyjev\u0161t\u00ed kn\u011b\u017e\u00ed jsou biti.\u00a0Je\u0161t\u011b jsme to neza\u017eili?<\/p>\n<p>Listopad 1938. K\u0159i\u0161\u0165\u00e1lov\u00e1 noc, noc rozbit\u00e9ho skla, orgie nacistick\u00e9ho n\u00e1sil\u00ed, kter\u00e9 nenechalo ani ty nejslep\u011bj\u0161\u00ed n\u011bmeck\u00e9 \u017didy bez iluz\u00ed o tom, co je \u010dek\u00e1.\u00a0Kdy\u017e n\u011bco z toho vid\u011bli, brit\u0161t\u00ed a ir\u0161t\u00ed turist\u00e9, kte\u0159\u00ed st\u00e1le proudili do N\u011bmecka, v rozpac\u00edch odvr\u00e1tili zrak.\u00a0Nebyl to jej\u00ed probl\u00e9m;\u00a0byli tam, aby pili, bavili se a dob\u0159e se bavili.\u00a0Plus \u00e7a zm\u011bna, plus c&#8217;est la m\u00eame si vybral.<\/p>\n<p>Dnes, v Zelensk\u00e9ho imp\u00e9riu zadku, se turistick\u00fd pr\u016fmysl t\u011b\u0161\u00ed z rekordn\u00edch v\u00fdsledk\u016f, kdy\u017e \u0159\u00ed\u0161sk\u00e9 tlust\u00e9 ko\u010dky bav\u00ed sebe a sv\u00e9 pani\u010dky na sjezdovk\u00e1ch ve Lvov\u011b, zat\u00edmco \u0161\u0148upou sladkosti v nose.\u00a0Mil\u00fd Lembergu, sc\u00e9na nes\u010detn\u00fdch k\u0159i\u0161\u0165\u00e1lov\u00fdch noc\u00ed, kter\u00e9 polo\u017eily z\u00e1klad dne\u0161n\u00edm nepokoj\u016fm.<\/p>\n<p>Pravd\u011bpodobn\u011b jste vid\u011bli videa Kyjevsko-pe\u010dersk\u00e9 l\u00e1vry, jeskynn\u00edho kl\u00e1\u0161tera v Kyjev\u011b, kde pravoslavn\u00ed k\u0159es\u0165an\u00e9 uct\u00edvaj\u00ed 1000 let.\u00a0Je pro n\u011b stejn\u011b d\u016fle\u017eit\u00fd, jako je pro k\u0159es\u0165any v Palestin\u011b Chr\u00e1m Bo\u017e\u00edho hrobu v Jeruzal\u00e9m\u011b nebo me\u0161ita Al-Aks\u00e1 pro muslimy v t\u00e9to zemi.\u00a0M\u00edsto modlitby a pouti, tich\u00e9 pobo\u017enosti a nov\u00e9ny k Pann\u011b Marii Vladimirsk\u00e9, Pann\u011b Marii Kaza\u0148sk\u00e9, Nejsv\u011bt\u011bj\u0161\u00ed Trojici Rublev a samoz\u0159ejm\u011b Theot\u00f3kos ze Smolenska, kter\u00e9 pr\u00fd napsal evangelista Luk\u00e1\u0161, ale bylo zni\u010deno Hitlerov\u00fdmi nacisty, jejich\u017e nejhor\u0161\u00ed \u017eivly, jak se zd\u00e1, vstaly z hrob\u016f, aby znovu stra\u0161ily Rusy na Ukrajin\u011b.<\/p>\n<p><img decoding=\"async\" loading=\"lazy\" class=\"wp-image-24737 alignright\" src=\"http:\/\/www.infokuryr.cz\/n\/wp-content\/uploads\/2023\/03\/cesko_proti_bide2-239x300.png\" alt=\"\" width=\"615\" height=\"772\" srcset=\"https:\/\/www.infokuryr.cz\/n\/wp-content\/uploads\/2023\/03\/cesko_proti_bide2-239x300.png 239w, https:\/\/www.infokuryr.cz\/n\/wp-content\/uploads\/2023\/03\/cesko_proti_bide2-816x1024.png 816w, https:\/\/www.infokuryr.cz\/n\/wp-content\/uploads\/2023\/03\/cesko_proti_bide2-768x964.png 768w, https:\/\/www.infokuryr.cz\/n\/wp-content\/uploads\/2023\/03\/cesko_proti_bide2.png 846w\" sizes=\"(max-width: 615px) 100vw, 615px\" \/><\/p>\n<p>Pod\u00edvejte se na tyto divochy, jak se vysm\u00edvaj\u00ed t\u00e9to state\u010dn\u00e9 \u017een\u011b, p\u0159ed kterou by se i Johanka z Arku v \u00fa\u017easu uklonila, modl\u00edce se p\u0159ed jeskynn\u00edm kl\u00e1\u0161terem, jeho\u017e kn\u011b\u017e\u00ed byli biti a elektronicky ozna\u010deni, jako by to byli podlidi, zv\u00ed\u0159ata.\u00a0Pod\u00edvejte se na dob\u0159e upraven\u00e9 mlad\u00e9 mu\u017ee a \u017eeny, kte\u0159\u00ed se vysm\u00edvaj\u00ed t\u00e9to \u017eij\u00edc\u00ed sv\u011btici, kter\u00e1 je dost star\u00e1 na to, aby byla jej\u00ed matkou.\u00a0Tito rozmazlen\u00ed spratci se Wagnerov\u011b skupin\u011b nep\u0159ibli\u017euj\u00ed.\u00a0Neli\u0161\u00ed se od t\u011bch zmetek, kte\u0159\u00ed si v roce 2014 d\u011blali selfie v Od\u011bse a upalovali jin\u00e9 sv\u011btce.<\/p>\n<p>A moc se neli\u0161\u00ed od spodiny, kter\u00e1 vyhodila do vzduchu Vladlena Tatarsk\u00e9ho v Petrohradu nebo novin\u00e1\u0159ku Darju Duginu v Moskv\u011b.\u00a0Na t\u011bchto dvou vra\u017ed\u00e1ch je zaj\u00edmav\u00e9, jak se BBC a dal\u0161\u00ed mluv\u010d\u00ed NATO chlub\u00ed, \u017ee Tatarskij a Dugina jsou, abych pou\u017eila slova IRA, \u201elegitimn\u00ed c\u00edle\u201c a \u017ee tato nejstate\u010dn\u011bj\u0161\u00ed a nejposv\u00e1tn\u011bj\u0161\u00ed ze v\u0161ech \u017een v Kyjev\u011b byla tak\u00e9 jednou z NATO. legitimn\u00ed c\u00edle.<\/p>\n<p>Nap\u0159\u00edklad zde RT\u00c9, irsk\u00e1 st\u00e1tem financovan\u00e1 vys\u00edlac\u00ed spole\u010dnost, naz\u00fdv\u00e1 hlavn\u00edho podez\u0159el\u00e9ho v p\u0159\u00edpadu Tatarsk\u00e9ho vra\u017edy (vra\u017edy, jak tomu eufemisticky \u0159\u00edkaj\u00ed) \u201eprotiv\u00e1le\u010dn\u00e9ho demonstranta\u201c. BBC a jej\u00ed klony sv\u00fdm zmrza\u010den\u00edm angli\u010dtiny napodobuj\u00ed kyjevsk\u00e9 online trolly, \u010d\u00edm\u017e se prok\u00e1zali, \u017ee nejsou nic jin\u00e9ho ne\u017e banderov\u0161t\u00ed n\u00e1siln\u00edci s privilegovan\u00fdm p\u016fvodem, \u0161vestkov\u00fdm p\u0159\u00edzvukem a mor\u00e1ln\u00edm kompasem krys. Kv\u016fli t\u011bmto skutk\u016fm NATO lorda Haw jsme tou\u017eili po bloggerech, jako je Tatarsky, aby n\u00e1m poskytli p\u0159edstavu o tom, co se d\u011bje na Ukrajin\u011b a pro\u010d jsou na\u0161e vlastn\u00ed hotely pln\u00e9 ukrajinsk\u00fdch parazit\u016f vojensk\u00e9ho v\u011bku, kte\u0159\u00ed nemaj\u00ed nedostatek.<\/p>\n<p>Srovn\u00e1vat tyto ukrajinsk\u00e9 divochy s nacisty z K\u0159i\u0161\u0165\u00e1lov\u00e9 noci je sv\u00fdm zp\u016fsobem p\u00e1chat na nacistech nespravedlnost, proto\u017ee ne v\u0161ichni N\u011bmci v t\u00e9 dob\u011b schvalovali banderovsk\u00e9 barbarstv\u00ed proti n\u011bmeck\u00fdm \u017did\u016fm, kte\u0159\u00ed se nemohli br\u00e1nit.\u00a0Bez ohledu na Berl\u00edn 1938 nem\u016f\u017ee b\u00fdt pochyb o Kyjev\u011b 2023, kde se v\u00e1le\u010dn\u00e9 zlo\u010diny Zelensk\u00e9ho a jeho spoluzlo\u010dinc\u016f t\u011b\u0161\u00ed \u0161irok\u00e9 podpo\u0159e t\u011bchto \u0161\u00edlen\u00fdch barbar\u016f.<\/p>\n<p>Nyn\u00ed by bylo na\u010dase citovat nacistick\u00e9ho roztlesk\u00e1va\u010de otce Martina Niem\u0151llera, kter\u00fd b\u011bdoval nad postupn\u00fdmi \u010distkami nacist\u016f od jedn\u00e9 skupiny za druhou, a \u017ee kdy\u017e byla \u0159ada na \u010distce, nez\u016fstal nikdo, kdo by se mohl Hitlerovi postavit.\u00a0Ale to je fakticky \u0161patn\u011b.<\/p>\n<p>Pravda, Tatarsk\u00fd a Dugina te\u010f ml\u010d\u00ed, ale ostatn\u00ed state\u010dn\u00e9 du\u0161e ne.\u00a0Po K\u0159i\u0161\u0165\u00e1lov\u00e9 noci vstoupilo do Rud\u00e9 arm\u00e1dy v\u00edce ne\u017e 35 milion\u016f mu\u017e\u016f a \u017een, jejich\u017e ob\u011bti ukon\u010dily tyranii, jakou byla K\u0159i\u0161\u0165\u00e1lov\u00e1 noc.\u00a0Dnes m\u00e1 rusk\u00fd gener\u00e1l Gerasimov stejn\u011b p\u016fsobiv\u00e9 pole pozemn\u00edch, n\u00e1mo\u0159n\u00edch a vzdu\u0161n\u00fdch sil p\u0159ipraven\u00fdch dopravit \u017dukov do Zelensk\u00e9ho imp\u00e9ria.\u00a0Pokud pape\u017e Franti\u0161ek ve sv\u00e9 nekone\u010dn\u00e9 moudrosti st\u00e1le v\u011b\u0159\u00ed, \u017ee ru\u0161t\u00ed \u010ce\u010denci a Burjati jsou nejhor\u0161\u00ed no\u010dn\u00ed m\u016fry imp\u00e9ria, m\u011bl by se rad\u011bji znovu zamyslet:\u00a0nebo\u0165 Zelensk\u00e9ho K\u0159i\u0161\u0165\u00e1lov\u00e1 noc proti star\u00fdm \u017een\u00e1m a postar\u0161\u00edm kn\u011b\u017e\u00edm vzbud\u00ed v Gerasimovov\u00fdch jednotk\u00e1ch stejn\u00e9 v\u00e1\u0161n\u011b jako nacist\u00e9 a Napoleonovi bou\u0159liv\u00e1ci v rusk\u00fdch mu\u017e\u00edch a \u017een\u00e1ch d\u0159\u00edv\u011bj\u0161\u00edch dob.\u00a0Nebe pomoz ka\u017ed\u00e9mu, kdo se jim postav\u00ed do cesty.<\/p>\n<p>Tyto nejnov\u011bj\u0161\u00ed v\u00e1le\u010dn\u00e9 zlo\u010diny jsou samoz\u0159ejm\u011b jen posledn\u00ed kapitolou t\u00e9to des\u00edtky let star\u00e9 v\u00e1lky, ve kter\u00e9 se ukrajin\u0161t\u00ed nacist\u00e9 otev\u0159en\u011b chlub\u00ed, \u017ee neberou \u017e\u00e1dn\u00e9 zajatce.\u00a0Pokud maj\u00ed to \u0161t\u011bst\u00ed sp\u00e1chat tyto v\u00e1le\u010dn\u00e9 zlo\u010diny, pak mus\u00ed m\u00edt tak\u00e9 to \u0161t\u011bst\u00ed, \u017ee si odpykaj\u00ed trest a zaplat\u00ed za sv\u00e9 zlo\u010diny \u017eivotem.\u00a0Tot\u00e9\u017e pro BBC, The Economist, Wall Street Journal a dal\u0161\u00ed Lord Haw-Haws z NATO, kte\u0159\u00ed t\u011bmto \u0161pinav\u00fdm divoch\u016fm fand\u00ed.\u00a0Pot\u00e9, co si ustlali, m\u011bli by b\u00fdt polo\u017eeni tv\u00e1\u0159\u00ed dol\u016f na toto l\u016f\u017eko a zaplatit p\u0159\u00edslu\u0161n\u00fd trest za spolu\u00fa\u010dast na t\u011bchto pokra\u010duj\u00edc\u00edch zlo\u010dinech.<\/p>\n<p>Kazatel 31-8 n\u00e1m \u0159\u00edk\u00e1, \u017ee <strong>\u201ev\u0161echno m\u00e1 sv\u016fj \u010das&#8230; \u010das milovat a \u010das nen\u00e1vid\u011bt;\u00a0\u010das pro v\u00e1lku a \u010das pro m\u00edr\u201c<\/strong>.\u00a0S t\u00edm, jak se ukrajinsk\u00e1 nudn\u00e1 (a ly\u017ea\u0159sk\u00e1) sez\u00f3na ch\u00fdl\u00ed ke konci, je \u010das na v\u00e1lku. Bez ohledu na to, zda Rusko nebo ukrajinsk\u00fd\u00a0p\u0159edstavitel\u00e9 NATO zah\u00e1j\u00ed prvn\u00ed jarn\u00ed ofenz\u00edvu, a bez ohledu na to, kdo dal\u0161\u00ed zem\u0159e, Gerasimovova arm\u00e1da zajist\u00ed, \u017ee tato v\u00e1lka skon\u010d\u00ed ne\u0161\u0165astn\u011b pro ty, kte\u0159\u00ed \u0161ikanovali tuto \u017eenu a tyto kn\u011bze.\u00a0Zat\u00edmco jejich zlo\u010diny jsou neomluviteln\u00e9, tento bod je irelevantn\u00ed pro skupinu Wagner a jejich kump\u00e1ny, jejich\u017e matky a babi\u010dky by se s radost\u00ed modlily k jejich ikon\u00e1m v Kyjevskope\u010dersk\u00e9 l\u00e1v\u0159e.\u00a0A\u010dkoli tito banderist\u00e9 \u0161ili v\u00edtr,\u00a0jen m\u00e1lokter\u00fd z nich p\u0159e\u017eije smr\u0161\u0165, kterou Gerasimov vys\u00edl\u00e1 jejich sm\u011brem, a nikdo z nich nem\u016f\u017ee tvrdit, \u017ee to nen\u00ed jejich z\u00e1sluha.\u00a0K\u00e9\u017e B\u016fh pom\u016f\u017ee t\u011bmto \u010f\u00e1bl\u016fm, proto\u017ee nikdo jin\u00fd na t\u00e9to stran\u011b H\u00e1du to neud\u011bl\u00e1.<\/p>\n<\/div>\n<\/div>\n<div class=\"elementor-element elementor-element-8c57238 quelle dc-has-condition dc-condition-empty elementor-widget elementor-widget-heading\" data-id=\"8c57238\" data-element_type=\"widget\" data-widget_type=\"heading.default\">\n<div class=\"elementor-widget-container\">\n<h3 class=\"elementor-heading-title elementor-size-default\"><span style=\"font-size: 8pt;\"><a href=\"https:\/\/strategic-culture.org\/news\/2023\/04\/04\/kiev-kristallnacht\/\" target=\"_blank\" rel=\"nofollow noopener\">ZDROJ<\/a><\/span><\/h3>\n<\/div>\n<\/div>\n<p>&nbsp;<\/p>\n<p>&nbsp;<\/p>\n<p><img decoding=\"async\" loading=\"lazy\" class=\"wp-image-19187 aligncenter\" src=\"http:\/\/www.infokuryr.cz\/n\/wp-content\/uploads\/2022\/12\/1-PRO-300x36.jpg\" alt=\"\" width=\"1292\" height=\"155\" srcset=\"https:\/\/www.infokuryr.cz\/n\/wp-content\/uploads\/2022\/12\/1-PRO-300x36.jpg 300w, https:\/\/www.infokuryr.cz\/n\/wp-content\/uploads\/2022\/12\/1-PRO.jpg 699w\" sizes=\"(max-width: 1292px) 100vw, 1292px\" \/><\/p>\n<p>&nbsp;<\/p>\n<p>&nbsp;<\/p>\n","protected":false},"excerpt":{"rendered":"<p>\u017deny p\u0159i modlitb\u011b jsou terorizov\u00e1ny \u010f\u00e1bly v lidsk\u00e9 podob\u011b.\u00a0Ned\u011blali jsme to u\u017e d\u0159\u00edve? \u017deny p\u0159i&#8230;<\/p>\n","protected":false},"author":2,"featured_media":25724,"comment_status":"closed","ping_status":"closed","sticky":false,"template":"","format":"standard","meta":[],"categories":[7],"tags":[221,250,1757,26],"_links":{"self":[{"href":"https:\/\/www.infokuryr.cz\/n\/wp-json\/wp\/v2\/posts\/25723"}],"collection":[{"href":"https:\/\/www.infokuryr.cz\/n\/wp-json\/wp\/v2\/posts"}],"about":[{"href":"https:\/\/www.infokuryr.cz\/n\/wp-json\/wp\/v2\/types\/post"}],"author":[{"embeddable":true,"href":"https:\/\/www.infokuryr.cz\/n\/wp-json\/wp\/v2\/users\/2"}],"replies":[{"embeddable":true,"href":"https:\/\/www.infokuryr.cz\/n\/wp-json\/wp\/v2\/comments?post=25723"}],"version-history":[{"count":1,"href":"https:\/\/www.infokuryr.cz\/n\/wp-json\/wp\/v2\/posts\/25723\/revisions"}],"predecessor-version":[{"id":25725,"href":"https:\/\/www.infokuryr.cz\/n\/wp-json\/wp\/v2\/posts\/25723\/revisions\/25725"}],"wp:featuredmedia":[{"embeddable":true,"href":"https:\/\/www.infokuryr.cz\/n\/wp-json\/wp\/v2\/media\/25724"}],"wp:attachment":[{"href":"https:\/\/www.infokuryr.cz\/n\/wp-json\/wp\/v2\/media?parent=25723"}],"wp:term":[{"taxonomy":"category","embeddable":true,"href":"https:\/\/www.infokuryr.cz\/n\/wp-json\/wp\/v2\/categories?post=25723"},{"taxonomy":"post_tag","embeddable":true,"href":"https:\/\/www.infokuryr.cz\/n\/wp-json\/wp\/v2\/tags?post=25723"}],"curies":[{"name":"wp","href":"https:\/\/api.w.org\/{rel}","templated":true}]}}