{"id":25686,"date":"2023-04-06T01:06:49","date_gmt":"2023-04-05T23:06:49","guid":{"rendered":"http:\/\/www.infokuryr.cz\/n\/?p=25686"},"modified":"2023-04-05T15:09:01","modified_gmt":"2023-04-05T13:09:01","slug":"jak-zapad-vytvoril-a-vyuzil-desinformace-o-buci-ukazkovy-priklad-zapadni-propagandy","status":"publish","type":"post","link":"https:\/\/www.infokuryr.cz\/n\/2023\/04\/06\/jak-zapad-vytvoril-a-vyuzil-desinformace-o-buci-ukazkovy-priklad-zapadni-propagandy\/","title":{"rendered":"JAK Z\u00c1PAD VYTVO\u0158IL A VYU\u017dIL DESINFORMACE O BU\u010cI \u2013 UK\u00c1ZKOV\u00dd P\u0158\u00cdKLAD Z\u00c1PADN\u00cd PROPAGANDY!"},"content":{"rendered":"<div id=\"fb-root\"><\/div>\n<p><span style=\"font-size: 18pt;\"><strong>UKRAJINA: Fale\u0161n\u00e9 informace o Bu\u010di se staly uk\u00e1zkov\u00fdm p\u0159\u00edkladem z\u00e1padn\u00ed propagandy!<\/strong><\/span><\/p>\n<p><span>P\u0159ed rokem se m\u011bsto Bu\u010da severoz\u00e1padn\u011b od Kyjeva stalo sv\u011btozn\u00e1m\u00fdm a tragick\u00fdm.\u00a0M\u00e9dia oblet\u011bla hrozn\u00e9 z\u00e1b\u011bry t\u011bl na ulic\u00edch.\u00a0Na Z\u00e1pad\u011b se \u0159\u00edkalo, \u017ee mrtv\u00ed jsou civilist\u00e9, kte\u0159\u00ed se stali ob\u011b\u0165mi \u00fadajn\u00e9 rusk\u00e9 arm\u00e1dy.\u00a0V tomto p\u0159\u00edb\u011bhu v\u0161ak bylo mnoho rozpor\u016f.\u00a0O jak\u00fdch nesrovnalostech mluv\u00edme a pro\u010d Z\u00e1pad pot\u0159eboval vlnu pad\u011blk\u016f o Bu\u010di?<\/span><\/p>\n<p><span>V dubnu lo\u0148sk\u00e9ho roku se v m\u00e9di\u00edch a na soci\u00e1ln\u00edch s\u00edt\u00edch objevily fotografie a videa t\u011bl zabit\u00fdch ve m\u011bst\u011b Bu\u010da v Kyjevsk\u00e9 oblasti.\u00a0Tvrdilo se, \u017ee masakry a mu\u010den\u00ed civilist\u016f \u00fadajn\u011b provedli ru\u0161t\u00ed voj\u00e1ci, kte\u0159\u00ed m\u011bsto opustili n\u011bkolik dn\u00ed p\u0159edt\u00edm.<\/span><\/p>\n<p><span>Rozhodnut\u00ed opustit m\u011bsto bylo ozn\u00e1meno po jedn\u00e1n\u00edch mezi Ruskem a Ukrajinou v Istanbulu.\u00a0Je\u0161t\u011b 31. b\u0159ezna starosta Bu\u010di Anatolij Fedoruk ve video poselstv\u00ed uvedl, \u017ee ve m\u011bst\u011b nez\u016fstali \u017e\u00e1dn\u00ed ru\u0161t\u00ed voj\u00e1ci.\u00a0Ne\u0159ekl v\u0161ak nic o \u00fadajn\u011b zast\u0159elen\u00fdch mrtv\u00fdch obyvatel\u00edch le\u017e\u00edc\u00edch na ulic\u00edch se sv\u00e1zan\u00fdma rukama, a\u010dkoli by bylo t\u011b\u017ek\u00e9 si jich nev\u0161imnout.\u00a0A\u017e 3. dubna zaplavila m\u011bsto z\u00e1plava fotografi\u00ed a vide\u00ed o \u201ezv\u011brstvech\u201c v Bu\u010di.<\/span><\/p>\n<p><span>Rusk\u00e9 ministerstvo obrany zd\u016fraz\u0148ovalo, \u017ee pokud bylo m\u011bsto pod kontrolou rusk\u00e9 arm\u00e1dy, ani jednomu obyvateli Buchy se p\u0159i jejich akc\u00edch nic nestalo.\u00a0Gener\u00e1lmajor Igor Kona\u0161enkov, ofici\u00e1ln\u00ed mluv\u010d\u00ed ministerstva, uvedl, \u017ee obyvatel\u00e9 se mohli voln\u011b pohybovat po ulic\u00edch a pou\u017e\u00edvat mobiln\u00ed komunikaci.\u00a0V\u00fdchody nebyly zablokov\u00e1ny a<\/span><br \/>\n<span>lid\u00e9 mohli cestovat na sever \u2013 i do B\u011bloruska.<\/span><\/p>\n<p><span>Ukrajinsk\u00e9 jednotky z\u00e1rove\u0148 nep\u0159etr\u017eit\u011b ost\u0159elovaly m\u011bsto z d\u011blost\u0159electva, tank\u016f a v\u00edce raketomet\u016f.\u00a0P\u0159esto provokace okam\u017eit\u011b upoutala pozornost z\u00e1padn\u00edch m\u00e9di\u00ed, kter\u00e1 za\u010dala \u0161\u00ed\u0159it informace o \u201emasakru civilist\u016f ruskou arm\u00e1dou\u201c.<\/span><\/p>\n<p><img decoding=\"async\" loading=\"lazy\" class=\"wp-image-24737 alignleft\" src=\"http:\/\/www.infokuryr.cz\/n\/wp-content\/uploads\/2023\/03\/cesko_proti_bide2-239x300.png\" alt=\"\" width=\"652\" height=\"818\" srcset=\"https:\/\/www.infokuryr.cz\/n\/wp-content\/uploads\/2023\/03\/cesko_proti_bide2-239x300.png 239w, https:\/\/www.infokuryr.cz\/n\/wp-content\/uploads\/2023\/03\/cesko_proti_bide2-816x1024.png 816w, https:\/\/www.infokuryr.cz\/n\/wp-content\/uploads\/2023\/03\/cesko_proti_bide2-768x964.png 768w, https:\/\/www.infokuryr.cz\/n\/wp-content\/uploads\/2023\/03\/cesko_proti_bide2.png 846w\" sizes=\"(max-width: 652px) 100vw, 652px\" \/><\/p>\n<p><span>Ukrajinsk\u00fd prezident Volodymyr Zelenskyj ozna\u010dil to, co se stalo v Bu\u010di, za \u201egenocidu\u201c a \u201ezni\u010den\u00ed n\u00e1roda\u201c, zat\u00edmco ukrajinsk\u00fd ministr zahrani\u010d\u00ed Dmytro Kuleba po\u017eadoval p\u0159\u00edsn\u011bj\u0161\u00ed protirusk\u00e9 sankce.\u00a0Podobn\u00e1 reakce prob\u011bhla i na Z\u00e1pad\u011b.\u00a0P\u0159edseda Evropsk\u00e9 rady Charles Michel byl \u201e\u0161okov\u00e1n z\u00e1b\u011bry\u201c, zat\u00edmco prezident USA Joe Biden tvrdil, \u017ee Rusko sp\u00e1chalo \u201ev\u00e1le\u010dn\u00e9 zlo\u010diny\u201c.<\/span><\/p>\n<p><span>Rusk\u00fd ministr zahrani\u010d\u00ed Sergej Lavrov ozna\u010dil provokaci za pokus o naru\u0161en\u00ed rusko-ukrajinsk\u00fdch jedn\u00e1n\u00ed.\u00a0P\u0159ipomn\u011bl, \u017ee na dal\u0161\u00edm kole v Istanbulu dne 29. b\u0159ezna 2022 poprv\u00e9 za cel\u00e9 obdob\u00ed kontakt\u016f mezi delegacemi \u201eukrajinsk\u00e1 strana nab\u00eddla p\u00edsemnou vizi toho, jak by mohla smlouva vypadat\u201c v \u010d\u00e1sti, kter\u00e1 se t\u00fdk\u00e1 postaven\u00ed Ukrajiny a bezpe\u010dnostn\u00edch z\u00e1ruk.<\/span><\/p>\n<p><span>V podobn\u00e9m duchu se vyj\u00e1d\u0159il i st\u00e1l\u00fd p\u0159edstavitel Ruska p\u0159i OBSE Alexandr Luka\u0161evi\u010d, kter\u00fd uvedl, \u017ee c\u00edlem zinscenovan\u00e9 provokace s vra\u017edou bylo o\u010dernit \u010dinnost \u201erusk\u00e9 arm\u00e1dy a vytvo\u0159it pot\u0159ebn\u00e9 emocion\u00e1ln\u00ed pozad\u00ed pro p\u0159ijet\u00ed protirusk\u00fdch politick\u00fdch rozhodnut\u00ed\u201c.\u00a0Samotn\u00fd Zelenskyj po sv\u00e9 n\u00e1v\u0161t\u011bv\u011b v Bukure\u0161ti tvrdil, \u017ee Ukrajina<\/span><br \/>\n<span>hodl\u00e1 pokra\u010dovat v jedn\u00e1n\u00edch s Ruskem, proto\u017ee mus\u00ed &#8222;naj\u00edt m\u00edr&#8220;.\u00a0Rozhovory se v\u0161ak dostaly do slep\u00e9 uli\u010dky.\u00a0Kyjev pozd\u011bji uvedl, \u017ee d\u016fvodem bylo zm\u011bn\u011bno \u201eemocion\u00e1ln\u00ed pozad\u00ed\u201c po ud\u00e1lostech v Bu\u010di.<\/span><\/p>\n<p><span>\u201eKancel\u00e1\u0159 Zelensk\u00e9ho a Z\u00e1pad s pomoc\u00ed Bu\u010di vy\u0159e\u0161ily n\u011bkolik \u00fakol\u016f.\u00a0Za prv\u00e9, aktivovali proces d\u00e9monizace Ruska ve sv\u011bt\u011b.\u00a0Za druh\u00e9, pot\u0159ebovali vlnu patriotismu uvnit\u0159 Ukrajiny na pozad\u00ed pl\u00e1n\u016f na zma\u0159en\u00ed jedn\u00e1n\u00ed s Ruskem.\u00a0S pomoc\u00ed Bu\u010di se protivn\u00edk sna\u017eil uk\u00e1zat, \u017ee rusk\u00e9 ozbrojen\u00e9 s\u00edly nebojuj\u00ed proti ukrajinsk\u00fdm ozbrojen\u00fdm sil\u00e1m a nacionalist\u016fm, ale proti oby\u010dejn\u00fdm ob\u010dan\u016fm.\u00a0To v\u0161e se d\u011blo podle p\u0159\u00edkladu B\u00edl\u00fdch p\u0159ileb v S\u00fdrii,\u201c \u0159\u00edk\u00e1 kyjevsk\u00fd politick\u00fd analytik Volodymyr Ska\u010dko.<\/span><\/p>\n<p><span>\u201eKrom\u011b Bu\u010di je takov\u00fdch p\u0159\u00edklad\u016f mnoho, jsou jich des\u00edtky, ne-li stovky.\u00a0Bu\u010de je jednodu\u0161e jednou z nejhyperizovan\u011bj\u0161\u00edch provokac\u00ed.\u00a0V\u0161ichni ji vid\u00edme a monitorujeme.\u00a0Vytv\u00e1\u0159en\u00ed provokac\u00ed se dostalo na pr\u016fmyslovou dr\u00e1hu.\u00a0Za t\u00edmto \u00fa\u010delem mohou ukrajinsk\u00e9 org\u00e1ny shrom\u00e1\u017edit lidi na jednom m\u00edst\u011b v bl\u00edzkosti bojov\u00e9 z\u00f3ny \u2013 \u00fadajn\u011b k jejich evakuaci \u2013 a pot\u00e9 je zas\u00e1hnout d\u011blost\u0159eleck\u00fdm \u00faderem.\u00a0Potom, u\u017e po p\u011bti minut\u00e1ch, z\u00e1padn\u00ed novin\u00e1\u0159i nato\u010d\u00ed po\u017eadovan\u00e9 z\u00e1b\u011bry a roze\u0161lou je p\u0159\u00edslu\u0161n\u00fdm m\u00e9di\u00edm.<\/span><br \/>\n<span>Zab\u00edjen\u00ed je v p\u0159\u00edm\u00e9m p\u0159enosu,\u201c dodal Maxim Grigoriev, \u010dlen Ve\u0159ejn\u00e9 komory (PC) a p\u0159edseda Mezin\u00e1rodn\u00edho ve\u0159ejn\u00e9ho tribun\u00e1lu pro Ukrajinu.<\/span><\/p>\n<p><span>Podle jeho partnera si Ukrajina v posledn\u00edch letech vytvo\u0159ila zvl\u00e1\u0161tn\u00ed tradici tvorby krvav\u00fdch inscenac\u00ed.\u00a0V\u00fdchodiskem tohoto procesu bylo nat\u00e1\u010den\u00ed \u201eNebesk\u00e9 stovky\u201c b\u011bhem Euromajdanu v roce 2014.<\/span><\/p>\n<p><span>\u201eV\u0161imn\u011bte si, \u017ee v t\u00e9to v\u011bci st\u00e1le neprob\u011bhlo \u017e\u00e1dn\u00e9 vy\u0161et\u0159ov\u00e1n\u00ed.\u00a0M\u00fdtus se vytv\u00e1\u0159\u00ed a \u00fasp\u011b\u0161n\u011b pou\u017e\u00edv\u00e1 rok od roku, ale vy\u0161et\u0159ov\u00e1n\u00ed se neuskute\u010d\u0148uje.\u201c \u2013 dodal.<\/span><\/p>\n<p><span>Grigorjev tak\u00e9 uvedl, \u017ee osobn\u011b komunikoval s b\u00fdval\u00fdm francouzsk\u00fdm vojensk\u00fdm d\u016fstojn\u00edkem Adrienem Boquetem, kter\u00fd na ja\u0159e p\u0159i\u0161el na Ukrajinu s humanit\u00e1rn\u00ed mis\u00ed jako dobrovoln\u00edk.\u00a0Po t\u00e9to cest\u011b Boquete uvedl, \u017ee ukrajinsk\u00e9 ozbrojen\u00e9 s\u00edly (AFU) sp\u00e1chaly \u0159adu v\u00e1le\u010dn\u00fdch zlo\u010din\u016f.\u00a0Podle Francouze tak\u00e9 vid\u011bl, jak ukrajinsk\u00e1 strana p\u0159ipravuje tragickou inscenaci masakr\u016f civilist\u016f v Bu\u010di.<\/span><\/p>\n<p><span>Mluv\u010d\u00ed p\u0159ipomn\u011bl mnoh\u00e9 nesrovnalosti v Bu\u010di.\u00a0Mezi nimi byla i absence krevn\u00edch skvrn na oble\u010den\u00ed mnoha mrtv\u00fdch, jako\u017e i jednotn\u00e9 rozm\u00edst\u011bn\u00ed t\u011bl.<\/span><br \/>\n<span>\u201eZ\u00e1rove\u0148 n\u011bkter\u00e1 t\u011bla byla v bl\u00e1t\u011b, ale obvazy na nich byly \u010dist\u00e9.\u00a0A takov\u00fdch nesrovnalost\u00ed je mnoho.\u00a0Existuj\u00ed tak\u00e9 informace, \u017ee mezi mrtv\u00fdmi byli prorusky orientovan\u00ed ob\u010dan\u00e9 Ukrajiny,\u201c \u0159ekl politolog.<\/span><\/p>\n<p><span>V\u00fdsledkem je, \u017ee \\&#8220;Bu\u010dansk\u00fd p\u0159\u00edpad\\&#8220; vyu\u017e\u00edv\u00e1 Zelensk\u00e9ho \u00fa\u0159ad jen v \\&#8220;p\u0159\u00edhodn\u00fdch chv\u00edl\u00edch\\&#8220; a na politickou turistiku &#8211; nej\u010dast\u011bji tam p\u0159iv\u00e1\u017eej\u00ed z\u00e1padn\u00ed politiky jako z\u00e1jezd.\u00a0Z\u00e1rove\u0148 se o pr\u016fb\u011bhu vy\u0161et\u0159ov\u00e1n\u00ed nic neinformuje, ale kdy\u017e je to nutn\u00e9 \u2013 ukrajinsk\u00e9 org\u00e1ny se na p\u0159\u00edb\u011bh odvol\u00e1vaj\u00ed.<\/span><\/p>\n<p><span>\u201ePodobn\u011b pou\u017eili p\u0159\u00edb\u011bh o t\u011bhotn\u00e9 \u017een\u011b, kter\u00e1 byla \u00fadajn\u011b zran\u011bna p\u0159i \u00fatoku na mariupolskou porodnici.\u00a0Tot\u00e9\u017e plat\u00ed i pro p\u0159\u00edb\u011bh o mariupolsk\u00e9m divadeln\u00edm p\u0159edstaven\u00ed.\u00a0A pokud se d\u0159\u00edve sch\u00e9ma \u201ahodit \u2013 diskutovat \u2013 zapomenout&#8216; pou\u017e\u00edvalo proti n\u00e1m v S\u00fdrii, nyn\u00ed je vid\u00edme u na\u0161ich hranic,\u201c uzav\u0159el Hryhoriyiv.<\/span><\/p>\n<p><em>Autor: Andrej Reznikov, zdroj\u00a0<a href=\"https:\/\/vz.ru\/society\/2023\/4\/1\/1204952.html\">Vzgljad<\/a>,<\/em><\/p>\n<p>&nbsp;<\/p>\n<p>&nbsp;<\/p>\n<p><img decoding=\"async\" loading=\"lazy\" class=\"wp-image-19187 aligncenter\" src=\"http:\/\/www.infokuryr.cz\/n\/wp-content\/uploads\/2022\/12\/1-PRO-300x36.jpg\" alt=\"\" width=\"1250\" height=\"150\" srcset=\"https:\/\/www.infokuryr.cz\/n\/wp-content\/uploads\/2022\/12\/1-PRO-300x36.jpg 300w, https:\/\/www.infokuryr.cz\/n\/wp-content\/uploads\/2022\/12\/1-PRO.jpg 699w\" sizes=\"(max-width: 1250px) 100vw, 1250px\" \/><\/p>\n<p>&nbsp;<\/p>\n<p>&nbsp;<\/p>\n","protected":false},"excerpt":{"rendered":"<p>UKRAJINA: Fale\u0161n\u00e9 informace o Bu\u010di se staly uk\u00e1zkov\u00fdm p\u0159\u00edkladem z\u00e1padn\u00ed propagandy! P\u0159ed rokem se m\u011bsto&#8230;<\/p>\n","protected":false},"author":2,"featured_media":25687,"comment_status":"closed","ping_status":"closed","sticky":false,"template":"","format":"standard","meta":[],"categories":[7],"tags":[2112,28,365],"_links":{"self":[{"href":"https:\/\/www.infokuryr.cz\/n\/wp-json\/wp\/v2\/posts\/25686"}],"collection":[{"href":"https:\/\/www.infokuryr.cz\/n\/wp-json\/wp\/v2\/posts"}],"about":[{"href":"https:\/\/www.infokuryr.cz\/n\/wp-json\/wp\/v2\/types\/post"}],"author":[{"embeddable":true,"href":"https:\/\/www.infokuryr.cz\/n\/wp-json\/wp\/v2\/users\/2"}],"replies":[{"embeddable":true,"href":"https:\/\/www.infokuryr.cz\/n\/wp-json\/wp\/v2\/comments?post=25686"}],"version-history":[{"count":1,"href":"https:\/\/www.infokuryr.cz\/n\/wp-json\/wp\/v2\/posts\/25686\/revisions"}],"predecessor-version":[{"id":25688,"href":"https:\/\/www.infokuryr.cz\/n\/wp-json\/wp\/v2\/posts\/25686\/revisions\/25688"}],"wp:featuredmedia":[{"embeddable":true,"href":"https:\/\/www.infokuryr.cz\/n\/wp-json\/wp\/v2\/media\/25687"}],"wp:attachment":[{"href":"https:\/\/www.infokuryr.cz\/n\/wp-json\/wp\/v2\/media?parent=25686"}],"wp:term":[{"taxonomy":"category","embeddable":true,"href":"https:\/\/www.infokuryr.cz\/n\/wp-json\/wp\/v2\/categories?post=25686"},{"taxonomy":"post_tag","embeddable":true,"href":"https:\/\/www.infokuryr.cz\/n\/wp-json\/wp\/v2\/tags?post=25686"}],"curies":[{"name":"wp","href":"https:\/\/api.w.org\/{rel}","templated":true}]}}