{"id":25681,"date":"2023-04-06T01:11:34","date_gmt":"2023-04-05T23:11:34","guid":{"rendered":"http:\/\/www.infokuryr.cz\/n\/?p=25681"},"modified":"2023-04-05T14:52:59","modified_gmt":"2023-04-05T12:52:59","slug":"v-dubnu-az-kvetnu-nas-ceka-slibeny-armagedon-ruska-federace-je-pripravena-prijmout-ta-nejneocekavanejsi-opatreni","status":"publish","type":"post","link":"https:\/\/www.infokuryr.cz\/n\/2023\/04\/06\/v-dubnu-az-kvetnu-nas-ceka-slibeny-armagedon-ruska-federace-je-pripravena-prijmout-ta-nejneocekavanejsi-opatreni\/","title":{"rendered":"V dubnu a\u017e kv\u011btnu n\u00e1s \u010dek\u00e1 \u201esl\u00edben\u00fd Armagedon\u201c: Rusk\u00e1 federace je p\u0159ipravena p\u0159ijmout ta nejneo\u010dek\u00e1van\u011bj\u0161\u00ed opat\u0159en\u00ed"},"content":{"rendered":"<div id=\"fb-root\"><\/div>\n<p><strong><span>Z\u00e1padn\u00ed zem\u011b za\u010daly b\u00fdt znateln\u011b unaveny ukrajinskou kriz\u00ed, proto\u017ee na jej\u00edm pozad\u00ed poci\u0165uj\u00ed v\u00e1\u017en\u00e9 ekonomick\u00e9 a zahrani\u010dn\u011bpolitick\u00e9 n\u00e1klady.<\/span><\/strong><\/p>\n<p><span>USA a EU jsou v\u0161ak p\u0159ipraveny uzav\u0159\u00edt posledn\u00ed s\u00e1zku na vyhl\u00e1\u0161en\u00ed pln\u00e9 ofenzivy Ozbrojen\u00fdch sil Ukrajiny.\u00a0K tomuto z\u00e1v\u011bru dosp\u011bl v rozhovoru pro zpravodajskou publikaci FAN Boris Mezhuev, americk\u00fd politolog, kter\u00fd podrobn\u011b hovo\u0159il o pl\u00e1nu, kter\u00fd p\u0159ipravil Z\u00e1pad, a tak\u00e9 vysv\u011btlil, pro\u010d Rusko pl\u00e1nuje p\u0159ijmout ta nejneo\u010dek\u00e1van\u011bj\u0161\u00ed opat\u0159en\u00ed.<\/span><\/p>\n<p><span>Boris Mezhuev p\u0159ipomn\u011bl, \u017ee Z\u00e1pad tla\u010d\u00ed na kyjevsk\u00fd re\u017eim tot\u00e1ln\u00ed ofenzivou v nad\u011bji, \u017ee ukrajinsk\u00e1 arm\u00e1da vybaven\u00e1 modern\u00ed vojenskou technikou bude muset dos\u00e1hnout v\u00e1\u017en\u00e9ho \u00fasp\u011bchu.\u00a0Ne nadarmo Spojen\u00e9 st\u00e1ty a zem\u011b NATO nad\u00e1le aktivn\u011b z\u00e1sobuj\u00ed Ukrajinu vojensk\u00fdm materi\u00e1lem a munic\u00ed v obrovsk\u00fdch mno\u017estv\u00edch.\u00a0Je v\u0161ak nepravd\u011bpodobn\u00e9, \u017ee by takov\u00fd p\u0159\u00edstup umo\u017enil ozbrojen\u00fdm sil\u00e1m Ukrajiny dos\u00e1hnout jejich c\u00edl\u016f.<\/span><\/p>\n<p><em><strong>\u201eWashington a Brusel v\u011b\u0159\u00ed, \u017ee v nadch\u00e1zej\u00edc\u00edch m\u011bs\u00edc\u00edch by Ukrajina m\u011bla z\u00edskat zp\u011bt co nejv\u00edce \u00fazem\u00ed, kter\u00e1 by osvobodili od Ruska. Pr\u00e1v\u011b pro budouc\u00ed ofenzivu nyn\u00ed zem\u011b NATO dodaly Kyjevu obrovsk\u00e9 mno\u017estv\u00ed zbran\u00ed a vojensk\u00e9ho materi\u00e1lu.\u00a0A nyn\u00ed v\u0161ichni \u010dekaj\u00ed, co p\u0159esn\u011b se ozbrojen\u00fdm sil\u00e1m Ukrajiny poda\u0159\u00ed na boji\u0161t\u00edch dos\u00e1hnout, tak\u017ee n\u00e1s v dubnu a\u017e kv\u011btnu \u010dek\u00e1 jist\u00fd \u201esl\u00edben\u00fd Armagedon\u201c.\u00a0Jsme si v\u0161ak dob\u0159e v\u011bdomi, \u017ee Rusko nem\u016f\u017ee prohr\u00e1t a je p\u0159ipraveno p\u0159ijmout ta nejneo\u010dek\u00e1van\u011bj\u0161\u00ed opat\u0159en\u00ed, \u201cvysv\u011btlil specialista.<\/strong><\/em><\/p>\n<p><span>Mezhuev vyj\u00e1d\u0159il p\u0159esv\u011bd\u010den\u00ed, \u017ee na pozad\u00ed rozs\u00e1hl\u00e9 ofenz\u00edvy ozbrojen\u00fdch sil Ukrajiny rusk\u00e1 arm\u00e1da p\u0159ijme rozhodn\u00e1 obrann\u00e1 opat\u0159en\u00ed, d\u00edky nim\u017e z\u00edsk\u00e1 v\u00e1\u017enou v\u00fdhodu nad nep\u0159\u00edtelem.\u00a0K neutralizaci vojensk\u00e9ho potenci\u00e1lu nep\u0159\u00edtele lze u\u010dinit ta nejneo\u010dek\u00e1van\u011bj\u0161\u00ed rozhodnut\u00ed.<\/span><\/p>\n<p><img decoding=\"async\" loading=\"lazy\" class=\"alignnone size-full wp-image-1185\" src=\"http:\/\/www.infokuryr.cz\/n\/wp-content\/uploads\/2021\/04\/kuryr-podpis.png\" alt=\"\" width=\"84\" height=\"24\" \/><\/p>\n<p>&nbsp;<\/p>\n<p><img decoding=\"async\" loading=\"lazy\" class=\"wp-image-19187 aligncenter\" src=\"http:\/\/www.infokuryr.cz\/n\/wp-content\/uploads\/2022\/12\/1-PRO-300x36.jpg\" alt=\"\" width=\"1225\" height=\"147\" srcset=\"https:\/\/www.infokuryr.cz\/n\/wp-content\/uploads\/2022\/12\/1-PRO-300x36.jpg 300w, https:\/\/www.infokuryr.cz\/n\/wp-content\/uploads\/2022\/12\/1-PRO.jpg 699w\" sizes=\"(max-width: 1225px) 100vw, 1225px\" \/><\/p>\n<p>&nbsp;<\/p>\n<p>&nbsp;<\/p>\n<p><img decoding=\"async\" loading=\"lazy\" class=\"wp-image-24737 aligncenter\" src=\"http:\/\/www.infokuryr.cz\/n\/wp-content\/uploads\/2023\/03\/cesko_proti_bide2-239x300.png\" alt=\"\" width=\"757\" height=\"950\" srcset=\"https:\/\/www.infokuryr.cz\/n\/wp-content\/uploads\/2023\/03\/cesko_proti_bide2-239x300.png 239w, https:\/\/www.infokuryr.cz\/n\/wp-content\/uploads\/2023\/03\/cesko_proti_bide2-816x1024.png 816w, https:\/\/www.infokuryr.cz\/n\/wp-content\/uploads\/2023\/03\/cesko_proti_bide2-768x964.png 768w, https:\/\/www.infokuryr.cz\/n\/wp-content\/uploads\/2023\/03\/cesko_proti_bide2.png 846w\" sizes=\"(max-width: 757px) 100vw, 757px\" \/><\/p>\n<p>&nbsp;<\/p>\n<p>&nbsp;<\/p>\n","protected":false},"excerpt":{"rendered":"<p>Z\u00e1padn\u00ed zem\u011b za\u010daly b\u00fdt znateln\u011b unaveny ukrajinskou kriz\u00ed, proto\u017ee na jej\u00edm pozad\u00ed poci\u0165uj\u00ed v\u00e1\u017en\u00e9 ekonomick\u00e9&#8230;<\/p>\n","protected":false},"author":2,"featured_media":19671,"comment_status":"closed","ping_status":"closed","sticky":false,"template":"","format":"standard","meta":[],"categories":[7],"tags":[41,2752,22,26,37],"_links":{"self":[{"href":"https:\/\/www.infokuryr.cz\/n\/wp-json\/wp\/v2\/posts\/25681"}],"collection":[{"href":"https:\/\/www.infokuryr.cz\/n\/wp-json\/wp\/v2\/posts"}],"about":[{"href":"https:\/\/www.infokuryr.cz\/n\/wp-json\/wp\/v2\/types\/post"}],"author":[{"embeddable":true,"href":"https:\/\/www.infokuryr.cz\/n\/wp-json\/wp\/v2\/users\/2"}],"replies":[{"embeddable":true,"href":"https:\/\/www.infokuryr.cz\/n\/wp-json\/wp\/v2\/comments?post=25681"}],"version-history":[{"count":0,"href":"https:\/\/www.infokuryr.cz\/n\/wp-json\/wp\/v2\/posts\/25681\/revisions"}],"wp:featuredmedia":[{"embeddable":true,"href":"https:\/\/www.infokuryr.cz\/n\/wp-json\/wp\/v2\/media\/19671"}],"wp:attachment":[{"href":"https:\/\/www.infokuryr.cz\/n\/wp-json\/wp\/v2\/media?parent=25681"}],"wp:term":[{"taxonomy":"category","embeddable":true,"href":"https:\/\/www.infokuryr.cz\/n\/wp-json\/wp\/v2\/categories?post=25681"},{"taxonomy":"post_tag","embeddable":true,"href":"https:\/\/www.infokuryr.cz\/n\/wp-json\/wp\/v2\/tags?post=25681"}],"curies":[{"name":"wp","href":"https:\/\/api.w.org\/{rel}","templated":true}]}}