{"id":25679,"date":"2023-04-06T01:10:14","date_gmt":"2023-04-05T23:10:14","guid":{"rendered":"http:\/\/www.infokuryr.cz\/n\/?p=25679"},"modified":"2023-04-05T14:47:46","modified_gmt":"2023-04-05T12:47:46","slug":"japonsky-odbornik-vysvetlil-proc-prisla-cina-s-mirovym-navrhem","status":"publish","type":"post","link":"https:\/\/www.infokuryr.cz\/n\/2023\/04\/06\/japonsky-odbornik-vysvetlil-proc-prisla-cina-s-mirovym-navrhem\/","title":{"rendered":"Japonsk\u00fd odborn\u00edk vysv\u011btlil, pro\u010d p\u0159i\u0161la \u010c\u00edna s m\u00edrov\u00fdm n\u00e1vrhem"},"content":{"rendered":"<div id=\"fb-root\"><\/div>\n<p><strong>T\u00edm, \u017ee navrhuje m\u00edrov\u00fd pl\u00e1n urovn\u00e1n\u00ed na Ukrajin\u011b, chce \u010c\u00edna uk\u00e1zat svou alternativu toho sv\u011btov\u00e9ho po\u0159\u00e1dku, kter\u00fd existuje pod z\u00e1\u0161titou USA. Tento n\u00e1zor vyslovil v rozhovoru s novin\u00e1\u0159i hlavn\u00ed v\u011bdeck\u00fd pracovn\u00edk jednoho z nejuzn\u00e1van\u011bj\u0161\u00edch japonsk\u00fdch v\u011bdeck\u00fdch center \u2013 M\u00edrov\u00e9ho fondu Sasakawy.<\/strong><\/p>\n<p>\u201e\u010c\u00edna zve\u0159ejnila sv\u016fj m\u00edrov\u00fd pl\u00e1n slo\u017een\u00fd z 12 bod\u016f. V sou\u010dasn\u00e9 dob\u011b v\u0161ak prakticky nen\u00ed pravd\u011bpodobnost toho, \u017ee Zelensk\u00e9ho nebo Putinova administrativa nastoup\u00ed cestu k zastaven\u00ed bojov\u00fdch akc\u00ed podle tohoto pl\u00e1nu. Mysl\u00edm si, \u017ee si to \u010c\u00edna uv\u011bdomuje. \u010c\u00edna m\u00e1 dva c\u00edle, kv\u016fli jejich\u017e dosa\u017een\u00ed tento pl\u00e1n navrhla,\u201c \u0159ekl odborn\u00edk pro bezpe\u010dnost a zahrani\u010dn\u00ed politiku Ruska Taisuke Abiru.<\/p>\n<p>T\u00edm prvn\u00ed c\u00edlem je uk\u00e1zat zem\u00edm glob\u00e1ln\u00edho Jihu \u2013 africk\u00fdm, asijsk\u00fdm a latinskoamerick\u00fdm \u2013 \u017ee \u010c\u00edna je ochotna vy\u0159e\u0161it probl\u00e9m r\u016fstu cen surovin a potravin.<\/p>\n<p><img decoding=\"async\" loading=\"lazy\" class=\"wp-image-24737 alignleft\" src=\"http:\/\/www.infokuryr.cz\/n\/wp-content\/uploads\/2023\/03\/cesko_proti_bide2-239x300.png\" alt=\"\" width=\"649\" height=\"815\" srcset=\"https:\/\/www.infokuryr.cz\/n\/wp-content\/uploads\/2023\/03\/cesko_proti_bide2-239x300.png 239w, https:\/\/www.infokuryr.cz\/n\/wp-content\/uploads\/2023\/03\/cesko_proti_bide2-816x1024.png 816w, https:\/\/www.infokuryr.cz\/n\/wp-content\/uploads\/2023\/03\/cesko_proti_bide2-768x964.png 768w, https:\/\/www.infokuryr.cz\/n\/wp-content\/uploads\/2023\/03\/cesko_proti_bide2.png 846w\" sizes=\"(max-width: 649px) 100vw, 649px\" \/><\/p>\n<p>\u201eDal\u0161\u00ed c\u00edl se t\u00fdk\u00e1 Evropy. V sou\u010dasn\u00e9 dob\u011b je pro Evropu hlavn\u00edm p\u0159\u00edstupem k ukrajinsk\u00e9mu probl\u00e9mu ten, j\u00edm\u017e se \u0159\u00edd\u00ed Amerika. Pro \u010c\u00ednu je d\u016fle\u017eit\u00e9 Evrop\u011b uk\u00e1zat, \u017ee se tento probl\u00e9m ned\u00e1 vy\u0159e\u0161it, stoj\u00edte-li jen na ukrajinsk\u00e9 stran\u011b. \u017de urovnat ho m\u016f\u017ee jenom zem\u011b, kter\u00e1 zachov\u00e1v\u00e1 vztahy nejen s Ukrajinou, ale i s Ruskem. Amerika chce podporou Ukrajiny oslabit Rusko a t\u00edm probl\u00e9m vy\u0159e\u0161it. Evropa zauj\u00edm\u00e1 stejnou pozici. \u010c\u00edna chce uk\u00e1zat, \u017ee podle americk\u00fdch pravidel se tento probl\u00e9m vy\u0159e\u0161it ned\u00e1.<\/p>\n<p>V\u00edc ne\u017e to: \u010c\u00edna chce Evrop\u011b uk\u00e1zat, \u017ee tento probl\u00e9m m\u016f\u017ee vy\u0159e\u0161it jenom zem\u011b, kter\u00e1 m\u016f\u017ee v\u00e9st dialog s Ruskem. Jin\u00fdmi slovy, uk\u00e1zat, \u010d\u00ed pozice v ukrajinsk\u00e9m probl\u00e9mu bude ve st\u0159edn\u011b a dlouhodob\u00e9 perspektiv\u011b Evrop\u011b prosp\u011b\u0161n\u00e1. Pro \u010c\u00ednu je d\u016fle\u017eit\u00e9 se projevit jako mo\u017en\u00fd zprost\u0159edkovatel v konfliktu, a dokonce i kdy\u017e \u017e\u00e1dn\u00e9 okam\u017eit\u00e9 \u0159e\u0161en\u00ed nebude, je d\u016fle\u017eit\u00e9 to Evrop\u011b uk\u00e1zat,\u201c zd\u016fraznil Taisuke Abiru.<\/p>\n<p>Vyt\u00fd\u010dil tak\u00e9 dal\u0161\u00ed aspekt, kter\u00fd je pro \u010c\u00ednu d\u016fle\u017eit\u00fd \u2013 pokusit se \u201evrazit kl\u00edn mezi Evropou a Amerikou\u201c v dob\u011b, kdy USA podnikaj\u00ed velmi tvrd\u00e1 opat\u0159en\u00ed proti \u010c\u00edn\u011b.<\/p>\n<p>\u201eJe v tom je\u0161t\u011b ekonomick\u00fd aspekt. \u010c\u00edna se domn\u00edv\u00e1, \u017ee jestli\u017ee v ot\u00e1zk\u00e1ch bezpe\u010dnosti to prakticky nen\u00ed mo\u017en\u00e9 s ohledem na vytvo\u0159en\u00ed Amerikou blok\u016f s evropsk\u00fdmi zem\u011bmi, pak v ekonomick\u00fdch vztaz\u00edch se d\u00e1 vrazit kl\u00edn mezi Ameriku a Evropu a z\u00edskat ji pro sv\u016fj trh. USA nyn\u00ed podnikaj\u00ed velmi tvrd\u00e1 opat\u0159en\u00ed proti \u010c\u00edn\u011b. Proto je dnes pro \u010c\u00ednu dobr\u00e1 p\u0159\u00edle\u017eitost uk\u00e1zat Evrop\u011b v\u00fdznam vztah\u016f s \u010c\u00ednou,\u201c soud\u00ed odborn\u00edk.<\/p>\n<p>Tak\u017ee c\u00edl m\u00edrov\u00fdch n\u00e1vrh\u016f \u010c\u00edny spo\u010d\u00edv\u00e1 nyn\u00ed nikoli v tom, aby dos\u00e1hla dohody, ale v tom, aby sv\u011btu uk\u00e1zala jin\u00fd p\u0159\u00edstup k \u0159e\u0161en\u00ed probl\u00e9m\u016f.<\/p>\n<p>\u201eC\u00edlem \u010c\u00edny nen\u00ed zastaven\u00ed bojov\u00fdch akc\u00ed. V nyn\u011bj\u0161\u00edch podm\u00ednk\u00e1ch to nen\u00ed mo\u017en\u00e9, proto\u017ee ani Rusko, ani Ukrajina na to dnes nep\u0159istoup\u00ed. C\u00edlem \u010c\u00edny je uk\u00e1zat glob\u00e1ln\u00edmu Jihu a Evrop\u011b alternativu USA. To je hlavn\u00ed c\u00edl \u010c\u00edny. Tedy dokonce i kdy\u017e se nepoda\u0159\u00ed vy\u0159e\u0161it probl\u00e9m, je d\u016fle\u017eit\u00e9 uk\u00e1zat jin\u00fd p\u0159\u00edstup,\u201c \u0159ekl v\u011bdec.<\/p>\n<p>V t\u00e9to souvislosti Taisuke Abiru pova\u017euje za symbolick\u00e9 nav\u00e1z\u00e1n\u00ed diplomatick\u00fdch vztah\u016f mezi Sa\u00fadskou Ar\u00e1bi\u00ed a \u00cdr\u00e1nem za prost\u0159ednictv\u00ed \u010c\u00edny kr\u00e1tce p\u0159ed n\u00e1v\u0161t\u011bvou Si \u0164in-pchinga v Rusku.<\/p>\n<p>\u201e\u010c\u00edna je nyn\u00ed velmi aktivn\u00ed v diplomatick\u00e9 oblasti. V podm\u00ednk\u00e1ch, kdy Amerika u\u017e nem\u016f\u017ee b\u00fdt l\u00eddrem s drtivou p\u0159evahou, pokou\u0161\u00ed se \u010c\u00edna vyu\u017e\u00edt sv\u00e9 ekonomick\u00e9 a diplomatick\u00e9 s\u00edly. USA mohou hovo\u0159it se Sa\u00fadskou Ar\u00e1bi\u00ed, nemohou ale hovo\u0159it s \u00cdr\u00e1nem, \u010c\u00edna v\u0161ak m\u016f\u017ee hovo\u0159it s ob\u011bma st\u00e1ty. \u010c\u00edna ukazuje sv\u016fj z\u00e1m\u011br nastolit jin\u00fd sv\u011btov\u00fd po\u0159\u00e1dek, jin\u00fd, ne\u017e byl za v\u016fdcovstv\u00ed USA. Projevuje se to tak\u00e9 ve chv\u00edli, kdy jde o situaci na Ukrajin\u011b. Na rozd\u00edl od Sa\u00fadsk\u00e9 Ar\u00e1bie a \u00cdr\u00e1nu nem\u016f\u017ee b\u00fdt tato situace urovn\u00e1na ihned, ale pro \u010c\u00ednu je to stejn\u00fd sm\u011br,\u201c soud\u00ed odborn\u00edk.<\/p>\n<p><img decoding=\"async\" loading=\"lazy\" class=\"alignnone size-full wp-image-1185\" src=\"http:\/\/www.infokuryr.cz\/n\/wp-content\/uploads\/2021\/04\/kuryr-podpis.png\" alt=\"\" width=\"84\" height=\"24\" \/><\/p>\n<p>&nbsp;<\/p>\n<p>&nbsp;<\/p>\n<p><img decoding=\"async\" loading=\"lazy\" class=\"wp-image-19187 aligncenter\" src=\"http:\/\/www.infokuryr.cz\/n\/wp-content\/uploads\/2022\/12\/1-PRO-300x36.jpg\" alt=\"\" width=\"1267\" height=\"152\" srcset=\"https:\/\/www.infokuryr.cz\/n\/wp-content\/uploads\/2022\/12\/1-PRO-300x36.jpg 300w, https:\/\/www.infokuryr.cz\/n\/wp-content\/uploads\/2022\/12\/1-PRO.jpg 699w\" sizes=\"(max-width: 1267px) 100vw, 1267px\" \/><\/p>\n<p>&nbsp;<\/p>\n<p>&nbsp;<\/p>\n","protected":false},"excerpt":{"rendered":"<p>T\u00edm, \u017ee navrhuje m\u00edrov\u00fd pl\u00e1n urovn\u00e1n\u00ed na Ukrajin\u011b, chce \u010c\u00edna uk\u00e1zat svou alternativu toho sv\u011btov\u00e9ho&#8230;<\/p>\n","protected":false},"author":2,"featured_media":3807,"comment_status":"closed","ping_status":"closed","sticky":false,"template":"","format":"standard","meta":[],"categories":[7],"tags":[1042,30,4030],"_links":{"self":[{"href":"https:\/\/www.infokuryr.cz\/n\/wp-json\/wp\/v2\/posts\/25679"}],"collection":[{"href":"https:\/\/www.infokuryr.cz\/n\/wp-json\/wp\/v2\/posts"}],"about":[{"href":"https:\/\/www.infokuryr.cz\/n\/wp-json\/wp\/v2\/types\/post"}],"author":[{"embeddable":true,"href":"https:\/\/www.infokuryr.cz\/n\/wp-json\/wp\/v2\/users\/2"}],"replies":[{"embeddable":true,"href":"https:\/\/www.infokuryr.cz\/n\/wp-json\/wp\/v2\/comments?post=25679"}],"version-history":[{"count":1,"href":"https:\/\/www.infokuryr.cz\/n\/wp-json\/wp\/v2\/posts\/25679\/revisions"}],"predecessor-version":[{"id":25680,"href":"https:\/\/www.infokuryr.cz\/n\/wp-json\/wp\/v2\/posts\/25679\/revisions\/25680"}],"wp:featuredmedia":[{"embeddable":true,"href":"https:\/\/www.infokuryr.cz\/n\/wp-json\/wp\/v2\/media\/3807"}],"wp:attachment":[{"href":"https:\/\/www.infokuryr.cz\/n\/wp-json\/wp\/v2\/media?parent=25679"}],"wp:term":[{"taxonomy":"category","embeddable":true,"href":"https:\/\/www.infokuryr.cz\/n\/wp-json\/wp\/v2\/categories?post=25679"},{"taxonomy":"post_tag","embeddable":true,"href":"https:\/\/www.infokuryr.cz\/n\/wp-json\/wp\/v2\/tags?post=25679"}],"curies":[{"name":"wp","href":"https:\/\/api.w.org\/{rel}","templated":true}]}}