{"id":25678,"date":"2023-04-06T01:09:37","date_gmt":"2023-04-05T23:09:37","guid":{"rendered":"http:\/\/www.infokuryr.cz\/n\/?p=25678"},"modified":"2023-04-05T14:43:55","modified_gmt":"2023-04-05T12:43:55","slug":"spojene-staty-upadaji-do-pekla-trump-ucinil-radu-prohlaseni-pote-co-mu-byla-sdelena-obvineni","status":"publish","type":"post","link":"https:\/\/www.infokuryr.cz\/n\/2023\/04\/06\/spojene-staty-upadaji-do-pekla-trump-ucinil-radu-prohlaseni-pote-co-mu-byla-sdelena-obvineni\/","title":{"rendered":"\u201eSpojen\u00e9 st\u00e1ty upadaj\u00ed do pekla.\u201c Trump u\u010dinil \u0159adu prohl\u00e1\u0161en\u00ed pot\u00e9, co mu byla sd\u011blena obvin\u011bn\u00ed"},"content":{"rendered":"<div id=\"fb-root\"><\/div>\n<p><strong>B\u00fdval\u00fd prezident USA Donald Trump pot\u00e9, co mu byla sd\u011blena ofici\u00e1ln\u00ed obvin\u011bn\u00ed z fal\u0161ov\u00e1n\u00ed obchodn\u00edch dokument\u016f, prohl\u00e1sil, \u017ee Spojen\u00e9 st\u00e1ty upadaj\u00ed do pekla.<\/strong><\/p>\n<p>\u201eTy (v\u00fdsledky prezidentsk\u00fdch voleb z roku 2020) by mohly b\u00fdt v n\u00e1\u0161 prosp\u011bch. Ne v m\u016fj, ale v n\u00e1\u0161 \u2013 proto\u017ee na\u0161e zem\u011b upad\u00e1 do pekla,\u201c \u0159ekl Trump ve sv\u00e9m s\u00eddle Mar a Lago na Florid\u011b.<\/p>\n<p>Podle jeho slov politika administrativy nyn\u011bj\u0161\u00edho p\u00e1na B\u00edl\u00e9ho domu Joea Bidena m\u016f\u017ee p\u0159iv\u00e9st sv\u011bt k jadern\u00e9 v\u00e1lce.<\/p>\n<p>\u201eOtev\u0159en\u00e9 hrozby zem\u00ed pou\u017eit\u00edm jadern\u00fdch zbran\u00ed, o nic takov\u00e9m se jin\u00e9 zem\u011b nikdy nezm\u00ednily a ani nediskutovaly za Trumpovy administrativy, a za Bidenovy administrativy to m\u016f\u017ee snadno p\u0159iv\u00e9st k t\u0159et\u00ed sv\u011btov\u00e9 v\u00e1lce,\u201c prohl\u00e1sil b\u00fdval\u00fd prezident USA.<\/p>\n<p>Trump rovn\u011b\u017e prohl\u00e1sil, \u017ee nyn\u00ed doch\u00e1z\u00ed k nev\u00eddan\u00e9mu zasahov\u00e1n\u00ed do voleb v USA.<\/p>\n<p>\u201eNyn\u00ed m\u00e1me soust\u0159ed\u011bn\u00e9 zasahov\u00e1n\u00ed do voleb v rozsahu v na\u0161\u00ed zemi dosud nev\u00eddan\u00e9m. Po\u010d\u00ednaje prokur\u00e1torem Elvinem Braggem, kter\u00e9ho podporuje George Soros a kter\u00fd ud\u011blal kari\u00e9ru na tom, \u017ee dostihne prezidenta Trumpa,\u201c podotkl a dodal, \u017ee v jeho po\u010d\u00edn\u00e1n\u00ed nebyl \u017e\u00e1dn\u00fd zl\u00fd \u00famysl.<\/p>\n<p>Trump krom\u011b toho uvedl ten nejhanebn\u011bj\u0161\u00ed okam\u017eik v d\u011bjin\u00e1ch USA.<\/p>\n<p>\u201eN\u00e1\u0161 nekompetentn\u00ed odchod z Afgh\u00e1nist\u00e1nu, kde jsme ponechali americk\u00e9 ob\u010dany a za\u0159\u00edzen\u00ed v \u010d\u00e1stce 85 miliard dolar\u016f, nejlep\u0161\u00ed ve sv\u011bt\u011b vojensk\u00e9 za\u0159\u00edzen\u00ed, a ztratili jsme 13 skv\u011bl\u00fdch \u017eivot\u016f\u2026 Podle m\u00e9ho n\u00e1zoru je to nejhanebn\u011bj\u0161\u00ed doba v d\u011bjin\u00e1ch na\u0161\u00ed zem\u011b,\u201c zd\u016fraznil.<\/p>\n<p>V \u00fater\u00fd byla b\u00fdval\u00e9mu p\u00e1novi B\u00edl\u00e9ho domu sd\u011blena obvin\u011bn\u00ed ze 34 bod\u016f z fal\u0161ov\u00e1n\u00ed obchodn\u00ed dokumentace v souvislosti s platbami dv\u011bma \u017een\u00e1m v\u010detn\u011b pornohere\u010dky Stormy Danielsov\u00e9 za ml\u010den\u00ed o jejich p\u0159edpokl\u00e1dan\u00e9m pom\u011bru.<\/p>\n<p>Podle slov prokur\u00e1tora Manhattanu Elvina Bragga, Trump a jeho spole\u010dn\u00edci se dohodli v roce 2015 na sch\u00e9matu potla\u010dov\u00e1n\u00ed negativn\u00ed informace p\u0159ed volbami prezidenta USA. Podle jeho slov byly podplaceny t\u0159i osoby, aby zatajily informaci, kter\u00e1 by mohla zabr\u00e1nit Trumpov\u011b v\u00edt\u011bzstv\u00ed ve volb\u00e1ch.<\/p>\n<p>B\u00fdval\u00fd prezident USA prohl\u00e1sil, \u017ee je nevinn\u00fd, a byl z trestn\u00edho soudu Manhattanu propu\u0161t\u011bn. Jeho advok\u00e1t Joe Tacopina prohl\u00e1sil, \u017ee obvin\u011bn\u00ed vznesen\u00e1 proti jeho klientovi nejsou podlo\u017eena fakty.<\/p>\n<p>Maxim\u00e1ln\u011b mo\u017en\u00fd trest, kter\u00fd hroz\u00ed Donaldu Trumpovi podle \u00fahrnu vznesen\u00fdch obvin\u011bn\u00ed, \u010din\u00ed 136 let v\u011bzen\u00ed. Sv\u011bd\u010d\u00ed o tom v\u00fdpo\u010dty Fox News.<\/p>\n<p>\u201eFaktick\u00fd rozsudek bude pravd\u011bpodobn\u011b mnohem m\u00edrn\u011bj\u0161\u00ed, ne\u017e kdyby byl politik odsouzen podle jak\u00e9hokoli jednoho nebo podle v\u0161ech bod\u016f ob\u017ealoby,\u201c domn\u00edv\u00e1 se televizn\u00ed stanice.<\/p>\n<p>Jak se podot\u00fdk\u00e1 v p\u0159\u00edsp\u011bvku, fal\u0161ov\u00e1n\u00ed obchodn\u00edch dokument\u016f, kter\u00e9 se inkriminuje b\u00fdval\u00e9mu prezidentovi, se pova\u017euje podle z\u00e1konod\u00e1rstv\u00ed New Yorku za p\u0159estupek, m\u016f\u017ee b\u00fdt ale pova\u017eov\u00e1no za zlo\u010din s maxim\u00e1ln\u00edm trestem a\u017e \u010dty\u0159i roky v\u011bzen\u00ed v p\u0159\u00edpad\u011b, kdy\u017e se ob\u017ealovan\u00fd pokus\u00ed utajit jin\u00fd zlo\u010din.<\/p>\n<p><img decoding=\"async\" loading=\"lazy\" class=\"alignnone size-full wp-image-1185\" src=\"http:\/\/www.infokuryr.cz\/n\/wp-content\/uploads\/2021\/04\/kuryr-podpis.png\" alt=\"\" width=\"84\" height=\"24\" \/><\/p>\n<p>&nbsp;<\/p>\n<p>&nbsp;<\/p>\n<p><img decoding=\"async\" loading=\"lazy\" class=\"wp-image-19187 aligncenter\" src=\"http:\/\/www.infokuryr.cz\/n\/wp-content\/uploads\/2022\/12\/1-PRO-300x36.jpg\" alt=\"\" width=\"1267\" height=\"152\" srcset=\"https:\/\/www.infokuryr.cz\/n\/wp-content\/uploads\/2022\/12\/1-PRO-300x36.jpg 300w, https:\/\/www.infokuryr.cz\/n\/wp-content\/uploads\/2022\/12\/1-PRO.jpg 699w\" sizes=\"(max-width: 1267px) 100vw, 1267px\" \/><\/p>\n<p>&nbsp;<\/p>\n<p>&nbsp;<\/p>\n<p><img decoding=\"async\" loading=\"lazy\" class=\"wp-image-24737 aligncenter\" src=\"http:\/\/www.infokuryr.cz\/n\/wp-content\/uploads\/2023\/03\/cesko_proti_bide2-239x300.png\" alt=\"\" width=\"711\" height=\"892\" srcset=\"https:\/\/www.infokuryr.cz\/n\/wp-content\/uploads\/2023\/03\/cesko_proti_bide2-239x300.png 239w, https:\/\/www.infokuryr.cz\/n\/wp-content\/uploads\/2023\/03\/cesko_proti_bide2-816x1024.png 816w, https:\/\/www.infokuryr.cz\/n\/wp-content\/uploads\/2023\/03\/cesko_proti_bide2-768x964.png 768w, https:\/\/www.infokuryr.cz\/n\/wp-content\/uploads\/2023\/03\/cesko_proti_bide2.png 846w\" sizes=\"(max-width: 711px) 100vw, 711px\" \/><\/p>\n<p>&nbsp;<\/p>\n<p>&nbsp;<\/p>\n","protected":false},"excerpt":{"rendered":"<p>B\u00fdval\u00fd prezident USA Donald Trump pot\u00e9, co mu byla sd\u011blena ofici\u00e1ln\u00ed obvin\u011bn\u00ed z fal\u0161ov\u00e1n\u00ed obchodn\u00edch&#8230;<\/p>\n","protected":false},"author":2,"featured_media":12823,"comment_status":"closed","ping_status":"closed","sticky":false,"template":"","format":"standard","meta":[],"categories":[7],"tags":[1352,811,37],"_links":{"self":[{"href":"https:\/\/www.infokuryr.cz\/n\/wp-json\/wp\/v2\/posts\/25678"}],"collection":[{"href":"https:\/\/www.infokuryr.cz\/n\/wp-json\/wp\/v2\/posts"}],"about":[{"href":"https:\/\/www.infokuryr.cz\/n\/wp-json\/wp\/v2\/types\/post"}],"author":[{"embeddable":true,"href":"https:\/\/www.infokuryr.cz\/n\/wp-json\/wp\/v2\/users\/2"}],"replies":[{"embeddable":true,"href":"https:\/\/www.infokuryr.cz\/n\/wp-json\/wp\/v2\/comments?post=25678"}],"version-history":[{"count":0,"href":"https:\/\/www.infokuryr.cz\/n\/wp-json\/wp\/v2\/posts\/25678\/revisions"}],"wp:featuredmedia":[{"embeddable":true,"href":"https:\/\/www.infokuryr.cz\/n\/wp-json\/wp\/v2\/media\/12823"}],"wp:attachment":[{"href":"https:\/\/www.infokuryr.cz\/n\/wp-json\/wp\/v2\/media?parent=25678"}],"wp:term":[{"taxonomy":"category","embeddable":true,"href":"https:\/\/www.infokuryr.cz\/n\/wp-json\/wp\/v2\/categories?post=25678"},{"taxonomy":"post_tag","embeddable":true,"href":"https:\/\/www.infokuryr.cz\/n\/wp-json\/wp\/v2\/tags?post=25678"}],"curies":[{"name":"wp","href":"https:\/\/api.w.org\/{rel}","templated":true}]}}