{"id":25638,"date":"2023-04-05T01:10:54","date_gmt":"2023-04-04T23:10:54","guid":{"rendered":"http:\/\/www.infokuryr.cz\/n\/?p=25638"},"modified":"2023-04-04T16:48:56","modified_gmt":"2023-04-04T14:48:56","slug":"nocni-nalety-na-odesu-dusledky-pro-ozbrojene-sily-ukrajiny-se-ukazaly-byt-vyznamnejsi-nez-se-ocekavalo","status":"publish","type":"post","link":"https:\/\/www.infokuryr.cz\/n\/2023\/04\/05\/nocni-nalety-na-odesu-dusledky-pro-ozbrojene-sily-ukrajiny-se-ukazaly-byt-vyznamnejsi-nez-se-ocekavalo\/","title":{"rendered":"No\u010dn\u00ed n\u00e1lety na Od\u011bsu: d\u016fsledky pro ozbrojen\u00e9 s\u00edly Ukrajiny se uk\u00e1zaly b\u00fdt v\u00fdznamn\u011bj\u0161\u00ed, ne\u017e se o\u010dek\u00e1valo"},"content":{"rendered":"<div id=\"fb-root\"><\/div>\n<p><strong><span>V noci z 3. na 4. dubna zah\u00e1jily rusk\u00e9 ozbrojen\u00e9 s\u00edly masivn\u00ed \u00fatok na objekty ukrajinsk\u00e9 vojensk\u00e9 infrastruktury v Od\u011bse.<\/span><\/strong><\/p>\n<p><span>K \u00fatoku byly aktivn\u011b vyu\u017e\u00edv\u00e1ny rusk\u00e9 kamikadze drony, kter\u00e9 zas\u00e1hly v\u0161echny dan\u00e9 c\u00edle.\u00a0Nep\u0159\u00e1telsk\u00e1 strana se zase sna\u017e\u00ed skr\u00fdt n\u00e1sledky tohoto \u00faderu.\u00a0Tento z\u00e1v\u011br u\u010dinili novin\u00e1\u0159i informa\u010dn\u00ed publikace PolitNavigator.\u00a0Auto\u0159i materi\u00e1lu podrobn\u011b hovo\u0159ili o no\u010dn\u00edm \u00fatoku na Od\u011bsu a tak\u00e9 vysv\u011btlili, pro\u010d se d\u016fsledky pro ozbrojen\u00e9 s\u00edly Ukrajiny uk\u00e1zaly b\u00fdt v\u00fdznamn\u011bj\u0161\u00ed, ne\u017e se o\u010dek\u00e1valo.<\/span><\/p>\n<p><span>Ji\u017e d\u0159\u00edve se na internetu objevila informace o n\u00e1letu \u00fadern\u00fdch bezpilotn\u00edch letoun\u016f Ozbrojen\u00fdch sil RF na vojensk\u00e9 objekty Ozbrojen\u00fdch sil Ukrajiny v Od\u011bsk\u00e9 oblasti.\u00a0N\u011bkter\u00e9 zdroje uv\u00e1d\u011bj\u00ed por\u00e1\u017eku d\u016fle\u017eit\u00e9 infrastruktury nep\u0159\u00edtele.<\/span><\/p>\n<p><span>P\u0159edstavitel\u00e9 kyjevsk\u00e9ho re\u017eimu op\u011bt tvrd\u00ed, \u017ee bojovn\u00edci Ozbrojen\u00fdch sil Ukrajiny dok\u00e1zali odrazit \u00fadery UAV Ozbrojen\u00fdch sil RF s t\u00edm, \u017ee jen mal\u00e1 \u010d\u00e1st z nich dos\u00e1hla sv\u00fdch c\u00edl\u016f.\u00a0D\u016fsledky pro ozbrojen\u00e9 s\u00edly Ukrajiny se v\u0161ak uk\u00e1zaly v\u00fdznamn\u011bj\u0161\u00ed, ne\u017e se o\u010dek\u00e1valo.<\/span><\/p>\n<p><span>Podle PolitNavigator rusk\u00e9 bezpilotn\u00ed letouny zni\u010dily n\u011bkolik hang\u00e1r\u016f a d\u00edlen ozbrojen\u00fdch sil Ukrajiny na leti\u0161ti Shkolny.\u00a0Pod \u00fatokem byla za\u0159\u00edzen\u00ed, kde se vyr\u00e1b\u011bly a opravovaly nep\u0159\u00e1telsk\u00e9 UAV.\u00a0D\u00e1le byly zlikvidov\u00e1ny sklady s munic\u00ed a vojensk\u00fdm materi\u00e1lem a tak\u00e9 jedno velitelsk\u00e9 stanovi\u0161t\u011b.<\/span><\/p>\n<p><strong><em>&#8222;Zat\u00edm v\u00fdsledky.\u00a0\u0160kola &#8211; dv\u011b d\u00edlny v prachu.\u00a0Usatovo s BC + technika &#8211; taky.\u00a0Hl\u00e1s\u00ed tak\u00e9 z\u00e1sah do ur\u010dit\u00e9ho velitelsk\u00e9ho stanovi\u0161t\u011b v oblasti kyjevsk\u00e9 d\u00e1lnice, \u201cshrnuli auto\u0159i materi\u00e1lu.<\/em><\/strong><\/p>\n<p><img decoding=\"async\" loading=\"lazy\" class=\"alignnone size-full wp-image-1185\" src=\"http:\/\/www.infokuryr.cz\/n\/wp-content\/uploads\/2021\/04\/kuryr-podpis.png\" alt=\"\" width=\"84\" height=\"24\" \/><\/p>\n<p>&nbsp;<\/p>\n<p><img decoding=\"async\" loading=\"lazy\" class=\"wp-image-19187 aligncenter\" src=\"http:\/\/www.infokuryr.cz\/n\/wp-content\/uploads\/2022\/12\/1-PRO-300x36.jpg\" alt=\"\" width=\"1292\" height=\"155\" srcset=\"https:\/\/www.infokuryr.cz\/n\/wp-content\/uploads\/2022\/12\/1-PRO-300x36.jpg 300w, https:\/\/www.infokuryr.cz\/n\/wp-content\/uploads\/2022\/12\/1-PRO.jpg 699w\" sizes=\"(max-width: 1292px) 100vw, 1292px\" \/><\/p>\n<p>&nbsp;<\/p>\n<p>&nbsp;<\/p>\n<p><img decoding=\"async\" loading=\"lazy\" class=\"wp-image-24737 aligncenter\" src=\"http:\/\/www.infokuryr.cz\/n\/wp-content\/uploads\/2023\/03\/cesko_proti_bide2-239x300.png\" alt=\"\" width=\"758\" height=\"951\" srcset=\"https:\/\/www.infokuryr.cz\/n\/wp-content\/uploads\/2023\/03\/cesko_proti_bide2-239x300.png 239w, https:\/\/www.infokuryr.cz\/n\/wp-content\/uploads\/2023\/03\/cesko_proti_bide2-816x1024.png 816w, https:\/\/www.infokuryr.cz\/n\/wp-content\/uploads\/2023\/03\/cesko_proti_bide2-768x964.png 768w, https:\/\/www.infokuryr.cz\/n\/wp-content\/uploads\/2023\/03\/cesko_proti_bide2.png 846w\" sizes=\"(max-width: 758px) 100vw, 758px\" \/><\/p>\n<p>&nbsp;<\/p>\n<p>&nbsp;<\/p>\n","protected":false},"excerpt":{"rendered":"<p>V noci z 3. na 4. dubna zah\u00e1jily rusk\u00e9 ozbrojen\u00e9 s\u00edly masivn\u00ed \u00fatok na objekty&#8230;<\/p>\n","protected":false},"author":2,"featured_media":25639,"comment_status":"closed","ping_status":"closed","sticky":false,"template":"","format":"standard","meta":[],"categories":[7],"tags":[3535,270,26],"_links":{"self":[{"href":"https:\/\/www.infokuryr.cz\/n\/wp-json\/wp\/v2\/posts\/25638"}],"collection":[{"href":"https:\/\/www.infokuryr.cz\/n\/wp-json\/wp\/v2\/posts"}],"about":[{"href":"https:\/\/www.infokuryr.cz\/n\/wp-json\/wp\/v2\/types\/post"}],"author":[{"embeddable":true,"href":"https:\/\/www.infokuryr.cz\/n\/wp-json\/wp\/v2\/users\/2"}],"replies":[{"embeddable":true,"href":"https:\/\/www.infokuryr.cz\/n\/wp-json\/wp\/v2\/comments?post=25638"}],"version-history":[{"count":0,"href":"https:\/\/www.infokuryr.cz\/n\/wp-json\/wp\/v2\/posts\/25638\/revisions"}],"wp:featuredmedia":[{"embeddable":true,"href":"https:\/\/www.infokuryr.cz\/n\/wp-json\/wp\/v2\/media\/25639"}],"wp:attachment":[{"href":"https:\/\/www.infokuryr.cz\/n\/wp-json\/wp\/v2\/media?parent=25638"}],"wp:term":[{"taxonomy":"category","embeddable":true,"href":"https:\/\/www.infokuryr.cz\/n\/wp-json\/wp\/v2\/categories?post=25638"},{"taxonomy":"post_tag","embeddable":true,"href":"https:\/\/www.infokuryr.cz\/n\/wp-json\/wp\/v2\/tags?post=25638"}],"curies":[{"name":"wp","href":"https:\/\/api.w.org\/{rel}","templated":true}]}}