{"id":25631,"date":"2023-04-05T01:04:31","date_gmt":"2023-04-04T23:04:31","guid":{"rendered":"http:\/\/www.infokuryr.cz\/n\/?p=25631"},"modified":"2023-04-04T16:22:00","modified_gmt":"2023-04-04T14:22:00","slug":"nedelnik-adama-b-bartose-128-tak-kruta-jak-jen-muze-byt","status":"publish","type":"post","link":"https:\/\/www.infokuryr.cz\/n\/2023\/04\/05\/nedelnik-adama-b-bartose-128-tak-kruta-jak-jen-muze-byt\/","title":{"rendered":"NED\u011aLN\u00cdK ADAMA B. BARTO\u0160E (128) TAK KRUT\u00c1, JAK JEN M\u016e\u017dE B\u00ddT\u2026"},"content":{"rendered":"<div id=\"fb-root\"><\/div>\n<p>M\u00e1m pr\u00e1v\u011b roze\u010dteny pam\u011bti jednoho v\u00fdznamn\u00e9ho prvorepublikov\u00e9ho \u010desk\u00e9ho politika, kupodivu pam\u011bti je\u0161t\u011b nevydan\u00e9, ale o to zaj\u00edmav\u011bj\u0161\u00ed. A z\u00e1m\u011brn\u011b nebudu uv\u00e1d\u011bt jeho jm\u00e9no, proto\u017ee k tomu m\u00e1m jist\u00e9 d\u016fvody \u2013 ostatn\u011b, nen\u00ed ani d\u016fle\u017eit\u00e9, kdo je onen politik, ale co popisuje. On se toti\u017e ve sv\u00fdch vzpom\u00ednk\u00e1ch vrac\u00ed i k roku 1914, kdy vypukla prvn\u00ed sv\u011btov\u00e1 v\u00e1lka, a popisuje, jak ji mnoz\u00ed tehdy vn\u00edmali, jak si ji p\u0159edstavovali, co si od n\u00ed slibovali a jak je realita nakonec vyvedla z omylu.<span id=\"more-13515\"><\/span><\/p>\n<p>P\u0159i \u010dten\u00ed jsem si uv\u011bdomil, jak je popisovan\u00e1 situace podobn\u00e1 t\u00e9 dne\u0161n\u00ed.<\/p>\n<p><span style=\"font-size: 18pt;\"><strong>Zm\u00edn\u011bn\u00fd politik p\u00ed\u0161e:<\/strong><\/span><\/p>\n<p><em>\u201eM\u00e1lokdo u\u010dinil si spr\u00e1vnou p\u0159edstavu, jak takov\u00e1 v\u00e1lka m\u016f\u017ee dlouho trvati. I kdy\u017e u\u017e se vid\u011blo, \u017ee nez\u016fstane lokalisovan\u00e1 na Rakousko a Srbsko \u2013 usuzovalo se v \u0161ir\u0161\u00ed ve\u0159ejnosti, \u017ee modern\u00ed v\u00e1lka nem\u016f\u017ee trvati l\u00e9ta \u2013 nanejv\u00fd\u0161e m\u011bs\u00edce. Po\u010d\u00edtalo se s rychlost\u00ed dopravn\u00edch prost\u0159edk\u016f, kter\u00e9 v n\u011bkolika dnech shrom\u00e1\u017ed\u00ed masy vojska proti sob\u011b, po\u010d\u00edtalo se s ni\u010divou silou modern\u00edch zbran\u00ed, jim\u017e nic neodol\u00e1. A zat\u00edm milionov\u00e9 arm\u00e1dy se zakopaly do zem\u011b jako \u010derv\u00ed\u010dci a po m\u011bs\u00edce, n\u011bkde i l\u00e9ta, vedly z\u00e1kopovou v\u00e1lku, z\u00edsk\u00e1vaj\u00edce nebo ztr\u00e1cej\u00edce po ka\u017ed\u00e9m \u00fatoku n\u011bkolik metr\u016f p\u016fdy.\u201c<\/em><\/p>\n<p>Podobn\u011b naivn\u00ed jsou lid\u00e9 dnes \u2013 oby\u010dejn\u00ed ob\u010dan\u00e9, kte\u0159\u00ed si nebezpe\u010d\u00ed v\u00e1lky necht\u011bj\u00ed p\u0159ipustit, stejn\u011b jako politici, kte\u0159\u00ed dokonce v\u00e1lku p\u0159ipravuj\u00ed. V\u0161ichni si mysl\u00ed, \u017ee v\u00e1lka bude rychl\u00e1, bezbolestn\u00e1, \u017ee se n\u00e1s v\u016fbec nedotkne. Nejnov\u011bj\u0161\u00edm p\u0159\u00edkladem naprost\u00e9 odtr\u017eenosti od reality (nebo sp\u00ed\u0161e: p\u0159\u00edkladem idiocie) je v\u00fdrok ministryn\u011b obrany, \u017ee \u010ce\u0161i by pou\u017eit\u00ed taktick\u00fdch jadern\u00fdch zbran\u00ed na Ukrajin\u011b ani nepoc\u00edtili a nijak by n\u00e1s tyto zbran\u011b neohrozily. Pr\u00fd j\u00ed to \u0159ekla jej\u00ed kamar\u00e1dka Dana. Je ne\u0161t\u011bst\u00edm \u010cesk\u00e9 republiky, \u017ee tato \u017eensk\u00e1, kter\u00e1 by m\u011bla st\u00e1t za plotnou, \u0159\u00edd\u00ed \u010deskou arm\u00e1du.<\/p>\n<p>Jen\u017ee i bez n\u00ed je tu dlouh\u00e1 plej\u00e1da dal\u0161\u00edch \u201ejest\u0159\u00e1b\u016f\u201c, kte\u0159\u00ed o v\u00e1lce sn\u00ed, kte\u0159\u00ed ji p\u0159ivol\u00e1vaj\u00ed, kte\u0159\u00ed ji tou\u017eebn\u011b vyhl\u00ed\u017eej\u00ed. Klidn\u011b by na\u0161i zemi do toho v\u00e1le\u010dn\u00e9ho \u201edobrodru\u017estv\u00ed\u201c zat\u00e1hli a je jim \u00fapln\u011b jedno, jakou katastrofu by to znamenalo.<\/p>\n<p>Na Ukrajin\u011b se p\u0159itom v\u00e1l\u010d\u00ed u\u017e rok a klidn\u011b se je\u0161t\u011b n\u011bkolik let v\u00e1l\u010dit m\u016f\u017ee \u2013 ob\u011b strany se p\u0159ipravuj\u00ed na vleklou v\u00e1lku a spol\u00e9haj\u00ed na to, \u017ee d\u0159\u00edve nebo pozd\u011bji to druh\u00e1 strana vzd\u00e1. Gener\u00e1l\u016fm a politik\u016fm (kte\u0159\u00ed sed\u00ed v teple) a vojensko-pr\u016fmyslov\u00e9mu komplexu samoz\u0159ejm\u011b dlouh\u00e1 v\u00e1lka nevad\u00ed, ba naopak. Ale kolik v t\u00e9 dlouh\u00e9 v\u00e1lce u\u017e padlo lid\u00ed? Propaganda n\u00e1m p\u0159esn\u00e9 \u010d\u00edslo ne\u0159ekne, ale u\u017e to jsou statis\u00edce\u2026 Je to zkr\u00e1tka p\u0159esn\u011b tak, jak jsem citoval z \u201ePam\u011bt\u00ed\u201c v\u00fd\u0161e. Lid\u00e9 v\u017edy zapomenou, jak je v\u00e1lka hrozn\u00e1, a maj\u00ed o n\u00ed zkreslen\u00e9 p\u0159edstavy.<\/p>\n<p><img decoding=\"async\" loading=\"lazy\" class=\"wp-image-24737 alignright\" src=\"http:\/\/www.infokuryr.cz\/n\/wp-content\/uploads\/2023\/03\/cesko_proti_bide2-239x300.png\" alt=\"\" width=\"633\" height=\"795\" srcset=\"https:\/\/www.infokuryr.cz\/n\/wp-content\/uploads\/2023\/03\/cesko_proti_bide2-239x300.png 239w, https:\/\/www.infokuryr.cz\/n\/wp-content\/uploads\/2023\/03\/cesko_proti_bide2-816x1024.png 816w, https:\/\/www.infokuryr.cz\/n\/wp-content\/uploads\/2023\/03\/cesko_proti_bide2-768x964.png 768w, https:\/\/www.infokuryr.cz\/n\/wp-content\/uploads\/2023\/03\/cesko_proti_bide2.png 846w\" sizes=\"(max-width: 633px) 100vw, 633px\" \/><\/p>\n<p><span style=\"font-size: 18pt;\"><strong>Politik ve sv\u00fdch vzpom\u00ednk\u00e1ch pokra\u010duje a navazuje na p\u0159edchoz\u00ed \u00favahu:<\/strong><\/span><\/p>\n<p><em>\u201ePrvn\u00ed sv\u011btov\u00e1 v\u00e1lka v\u016fbec byla sn\u016f\u0161kou neo\u010dek\u00e1van\u00fdch pravd\u011bpodobnost\u00ed. Proti dlouh\u00e9mu trv\u00e1n\u00ed v\u00e1lky mluvil nedostatek surovin, ale hlavn\u011b potravin. Uk\u00e1zalo se, \u017ee v\u0161ecko bylo fale\u0161nou kalkulac\u00ed. Zaveden\u00edm p\u0159\u00edd\u011bl\u016f a v\u00fdrobou n\u00e1hra\u017eek odstra\u0148ov\u00e1ny nedostatky, zapojen\u00edm \u017een do v\u00fdrobn\u00edho procesu nahrazeni mu\u017ei. P\u0159edv\u00eddalo se, \u017ee tak obrovsk\u00e9 soust\u0159ed\u011bn\u00ed lidsk\u00fdch mas, jako ve v\u00e1lce, p\u0159inese s sebou nebezpe\u010d\u00ed v\u0161ech naka\u017eliv\u00fdch nemoc\u00ed, a zat\u00edm ka\u017ed\u00fd po\u010d\u00e1tek epidemie byl hned v z\u00e1rodc\u00edch potla\u010den. Po\u010d\u00edtalo se, \u017ee po prvn\u00edch ztr\u00e1t\u00e1ch na boji\u0161t\u00edch bude sch\u00e1zet lidsk\u00fd materi\u00e1l, a zat\u00edm vesele rukovali 50let\u00ed, pak u\u017e i 60let\u00ed voj\u00e1ci. A nevoj\u00e1ci chodili st\u00e1le k nov\u00fdm odvod\u016fm, mnohdy osmkr\u00e1t, a za\u010d\u00ednalo to u\u017e v 18 letech. Nepamatuji se, \u010d\u00ed z\u00e1sluhou byla mezi n\u00e1mi roz\u0161\u00ed\u0159ena zpr\u00e1va, \u017ee kdo je jednou ran\u011bn\u00fd, a\u017e se pozdrav\u00ed, do pole u\u017e nep\u016fjde. Brzy jsme se vyl\u00e9\u010dili z t\u00e9 bl\u00e1hovosti. Z fronty vozili do z\u00e1zem\u00ed cel\u00e9 vlaky ran\u011bn\u00fdch a sotva\u017ee je jak\u017e tak\u017e ve vojensk\u00fdch lazaretech a v nemocnic\u00edch l\u00e9ka\u0159i spravili \u2013 \u0161li zase na frontu. Mnoh\u00fd byl p\u011btkr\u00e1t, \u0161estkr\u00e1t v\u00e1\u017en\u011b ran\u011bn. Dokud m\u011bl hlavu, dv\u011b nohy a ruce \u2013 t\u0159eba prost\u0159\u00edlen\u00e9 \u2013 narukoval do boje znova.\u201c<\/em><\/p>\n<p>To, \u017ee by v\u00e1lka mohla b\u00fdt rychl\u00e1 a bezbolestn\u00e1, si v\u017edy dom\u00fd\u0161l\u00edme, proto\u017ee \u017eijeme ve sv\u011bt\u011b, kter\u00fd je rychl\u00fd, digit\u00e1ln\u00ed, pln\u00fd vymo\u017eenost\u00ed a technologi\u00ed. Propad\u00e1me zhoubn\u00e9 p\u0159edstav\u011b, \u017ee se to mus\u00ed projevit i na zp\u016fsobu veden\u00ed v\u00e1lky. Ale p\u0159itom sami vid\u00edme, \u017ee na Ukrajin\u011b prob\u00edh\u00e1 klasick\u00e1 v\u00e1lka, se v\u0161\u00edm v\u0161udy. Je sice pravda, \u017ee v n\u00ed l\u00e9taj\u00ed drony a r\u016fzn\u00e9 bezpilotn\u00ed letouny a \u017ee hlavn\u011b rusk\u00e1 strana disponuje prost\u0159edky, kter\u00fdmi vede v\u00e1lku bezpe\u010dn\u011b \u201ena d\u00e1lku\u201c, ale ani to neznamen\u00e1 urychlen\u00ed v\u00e1lky, nato\u017e jej\u00ed hum\u00e1nn\u011bj\u0161\u00ed podobu. I tak bojuje mu\u017e proti mu\u017ei, i tak se ob\u011b arm\u00e1dy zakop\u00e1vaj\u00ed do zem\u011b, i tak je um\u00edr\u00e1n\u00ed bolestiv\u00e9, i tak je spot\u0159eba \u201epotravy pro kan\u00f3ny\u201c t\u00e9m\u011b\u0159 bezb\u0159eh\u00e1. I tak v\u00e1lka p\u0159in\u00e1\u0161\u00ed v\u0161echny ty hr\u016fzy, kter\u00e9 jsou s n\u00ed neodmysliteln\u011b spjaty: lidsk\u00e1 ne\u0161t\u011bst\u00ed, n\u00e1siln\u00e9 verbov\u00e1n\u00ed, matky pochov\u00e1vaj\u00edc\u00ed sv\u00e9 syny, d\u011bti, kter\u00e9 p\u0159i\u0161ly o t\u00e1tu, voj\u00e1ky, co p\u0159i\u0161li o kon\u010detinu, rabov\u00e1n\u00ed, zn\u00e1sil\u0148ov\u00e1n\u00ed, st\u0159\u00edlen\u00ed do t\u011bch, kte\u0159\u00ed cht\u011bj\u00ed p\u0159eb\u011bhnout, mu\u010den\u00ed, zohavov\u00e1n\u00ed t\u011bl, vykop\u00e1v\u00e1n\u00ed mrtvol, masov\u00e9 hroby\u2026<\/p>\n<p>N\u011bkdy si mysl\u00edme, \u017ee v\u00e1lku mohou zkr\u00e1tit i r\u016fzn\u00e9 okolnosti, kter\u00e9 budou hr\u00e1t ve prosp\u011bch jej\u00edho usp\u00ed\u0161en\u00ed: mezin\u00e1rodn\u00ed situace, ekonomika, finan\u010dn\u00ed z\u00e1jmy, globalizace, nedostatek toho \u010di onoho apod. A ono je to p\u0159itom p\u0159esn\u011b naopak: dan\u00fd stav n\u011bkomu vyhovuje, krize je pro jist\u00e9 kruhy p\u0159\u00edle\u017eitost\u00ed, jak z n\u00ed vyt\u0159\u00edskat maximum, pro politiky p\u0159\u00edle\u017eitost\u00ed, jak zav\u00e9st to, co by jinak v m\u00edru prosadit ne\u0161lo apod. V\u00e1lka posouv\u00e1 okna mo\u017enost\u00ed. V\u00e1lka je to, na co se v\u0161ichni mohou vymluvit, aby mohli d\u011blat je\u0161t\u011b v\u011bt\u0161\u00ed svi\u0148\u00e1rny.<\/p>\n<p>To, \u017ee lid\u00e9 doch\u00e1zej\u00ed, n\u011bkomu nevad\u00ed \u2013 je n\u00e1s p\u0159ece mnoho a je pot\u0159eba populaci pustit \u017eilou, p\u0159edev\u0161\u00edm t\u00e9 slovansk\u00e9. To, \u017ee potraviny doch\u00e1zej\u00ed, n\u011bkomu nevad\u00ed \u2013 alespo\u0148 n\u00e1m bude moci vnutit \u010dervy a cvr\u010dky. To, \u017ee suroviny doch\u00e1zej\u00ed, n\u011bkomu nevad\u00ed \u2013 alespo\u0148 se budou v\u00edc regulovat, v\u00edc odm\u011b\u0159ovat a p\u0159erozd\u011blovat a v\u00edc se na tom vyrej\u017euje. To, \u017ee ceny v\u0161eho let\u00ed strm\u011b vzh\u016fru, n\u011bkomu nevad\u00ed \u2013 alespo\u0148 pod z\u00e1minkou boje proti inflaci zru\u0161\u00ed hotovost a vnut\u00ed n\u00e1m digit\u00e1ln\u00ed m\u011bnu. Zkr\u00e1tka: to, o \u010dem si mysl\u00edme, \u017ee by m\u011blo v\u00e1lce zabr\u00e1nit nebo v\u00e1lku zbrzdit nebo v\u00e1lku co nejv\u00edce zkr\u00e1tit, bude p\u0159esn\u011b t\u00edm, co v\u00e1lku usp\u00ed\u0161\u00ed a nat\u00e1hne, proto\u017ee p\u0159esn\u011b takto to n\u011bkdo chce. Je to pro n\u011bj p\u0159\u00edle\u017eitost, jak odstranit to star\u00e9 a nasadit nov\u00e9. A nemysl\u00edm t\u00edm jen p\u0159\u00edle\u017eitost, jak zbavit vojensk\u00e9 sklady star\u00e9ho \u0161rotu a bohatnout na v\u00fdrob\u011b zbran\u00ed nov\u00fdch, ale odstra\u0148uj\u00ed se cel\u00e9 kulisy star\u00e9ho sv\u011bta: star\u00e9 normy, zvyklosti, zab\u011bhnut\u00e9 po\u0159\u00e1dky, star\u00e1 pravidla, star\u00e9 spole\u010densk\u00e9 normy, star\u00e9 smlouvy, star\u00e9 syst\u00e9my, vzorce chov\u00e1n\u00ed, star\u00e9 jistoty, star\u00e9 hodnoty\u2026 To n\u011bkomu n\u00e1ramn\u011b vyhovuje. Jen\u017ee zpravidla ka\u017ed\u00e1 takov\u00e1 zm\u011bna je nakonec zm\u011bnou k hor\u0161\u00edmu \u2013 bez ohledu na to, jak vypad\u00e1 l\u00e1kav\u011b a v\u00fdhodn\u011b.<\/p>\n<p>Tak\u017ee ne: v\u00e1lka nebude rychl\u00e1 a nebude bezbolestn\u00e1. Bude dlouh\u00e1 a bude krut\u00e1, jak jen v\u00e1lka m\u016f\u017ee b\u00fdt.<\/p>\n<p>\u010c\u00edm d\u0159\u00edve si to p\u0159ipust\u00edme, t\u00edm l\u00e9pe: na v\u00e1lku se tak \u00fapln\u011b p\u0159ipravit ned\u00e1, ale n\u011bco podniknout \u2013 pro z\u00e1chranu sv\u00fdch rodin \u2013 p\u0159esto m\u016f\u017eeme. O tom zase v p\u0159\u00ed\u0161t\u00edm ned\u011bln\u00edku\u2026<\/p>\n<p>Vlasti zdar!<\/p>\n<p><em>Adam B. Barto\u0161<\/em><br \/>\n<em>p\u0159edseda N\u00e1rodn\u00ed demokracie<\/em><\/p>\n<p>\u00favodn\u00ed obr\u00e1zek: CD89.cz<\/p>\n<p><img decoding=\"async\" loading=\"lazy\" class=\"alignnone size-full wp-image-678\" src=\"http:\/\/www.infokuryr.cz\/n\/wp-content\/uploads\/2021\/04\/narodni_demokracie_logo.jpg\" alt=\"\" width=\"300\" height=\"85\" \/><\/p>\n<p>&nbsp;<\/p>\n<p>____________________________<\/p>\n<p>&nbsp;<\/p>\n<p>&nbsp;<\/p>\n<p><img decoding=\"async\" loading=\"lazy\" class=\"wp-image-19187 aligncenter\" src=\"http:\/\/www.infokuryr.cz\/n\/wp-content\/uploads\/2022\/12\/1-PRO-300x36.jpg\" alt=\"\" width=\"1275\" height=\"153\" srcset=\"https:\/\/www.infokuryr.cz\/n\/wp-content\/uploads\/2022\/12\/1-PRO-300x36.jpg 300w, https:\/\/www.infokuryr.cz\/n\/wp-content\/uploads\/2022\/12\/1-PRO.jpg 699w\" sizes=\"(max-width: 1275px) 100vw, 1275px\" \/><\/p>\n<p>&nbsp;<\/p>\n<p>&nbsp;<\/p>\n<p>&nbsp;<\/p>\n","protected":false},"excerpt":{"rendered":"<p>M\u00e1m pr\u00e1v\u011b roze\u010dteny pam\u011bti jednoho v\u00fdznamn\u00e9ho prvorepublikov\u00e9ho \u010desk\u00e9ho politika, kupodivu pam\u011bti je\u0161t\u011b nevydan\u00e9, ale o&#8230;<\/p>\n","protected":false},"author":2,"featured_media":25632,"comment_status":"closed","ping_status":"closed","sticky":false,"template":"","format":"standard","meta":[],"categories":[6],"tags":[367,29,35],"_links":{"self":[{"href":"https:\/\/www.infokuryr.cz\/n\/wp-json\/wp\/v2\/posts\/25631"}],"collection":[{"href":"https:\/\/www.infokuryr.cz\/n\/wp-json\/wp\/v2\/posts"}],"about":[{"href":"https:\/\/www.infokuryr.cz\/n\/wp-json\/wp\/v2\/types\/post"}],"author":[{"embeddable":true,"href":"https:\/\/www.infokuryr.cz\/n\/wp-json\/wp\/v2\/users\/2"}],"replies":[{"embeddable":true,"href":"https:\/\/www.infokuryr.cz\/n\/wp-json\/wp\/v2\/comments?post=25631"}],"version-history":[{"count":1,"href":"https:\/\/www.infokuryr.cz\/n\/wp-json\/wp\/v2\/posts\/25631\/revisions"}],"predecessor-version":[{"id":25633,"href":"https:\/\/www.infokuryr.cz\/n\/wp-json\/wp\/v2\/posts\/25631\/revisions\/25633"}],"wp:featuredmedia":[{"embeddable":true,"href":"https:\/\/www.infokuryr.cz\/n\/wp-json\/wp\/v2\/media\/25632"}],"wp:attachment":[{"href":"https:\/\/www.infokuryr.cz\/n\/wp-json\/wp\/v2\/media?parent=25631"}],"wp:term":[{"taxonomy":"category","embeddable":true,"href":"https:\/\/www.infokuryr.cz\/n\/wp-json\/wp\/v2\/categories?post=25631"},{"taxonomy":"post_tag","embeddable":true,"href":"https:\/\/www.infokuryr.cz\/n\/wp-json\/wp\/v2\/tags?post=25631"}],"curies":[{"name":"wp","href":"https:\/\/api.w.org\/{rel}","templated":true}]}}