{"id":25624,"date":"2023-04-05T01:06:42","date_gmt":"2023-04-04T23:06:42","guid":{"rendered":"http:\/\/www.infokuryr.cz\/n\/?p=25624"},"modified":"2023-04-04T16:03:06","modified_gmt":"2023-04-04T14:03:06","slug":"general-milley-varuje-ze-cina-predbiha-americkou-armadu-znepokojivym-tempem","status":"publish","type":"post","link":"https:\/\/www.infokuryr.cz\/n\/2023\/04\/05\/general-milley-varuje-ze-cina-predbiha-americkou-armadu-znepokojivym-tempem\/","title":{"rendered":"Gener\u00e1l Milley varuje, \u017ee \u010c\u00edna p\u0159edb\u00edh\u00e1 americkou arm\u00e1du \u201eznepokojiv\u00fdm\u201c tempem"},"content":{"rendered":"<div id=\"fb-root\"><\/div>\n<div class=\"elementor-element elementor-element-1fb4c2c elementor-widget elementor-widget-theme-post-content\" data-id=\"1fb4c2c\" data-element_type=\"widget\" data-widget_type=\"theme-post-content.default\">\n<div class=\"elementor-widget-container\">\n<p><strong>\u010c\u00edna je na cest\u011b k dosa\u017een\u00ed vojensk\u00e9 p\u0159evahy nad Spojen\u00fdmi st\u00e1ty do poloviny stolet\u00ed, varoval p\u0159edseda Sboru n\u00e1\u010deln\u00edk\u016f \u0161t\u00e1b\u016f gener\u00e1l Mark Milley \u010dleny Kongresu 29. b\u0159ezna.<\/strong><\/p>\n<p><span>Na sly\u0161en\u00ed v\u00fdboru Sn\u011bmovny reprezentant\u016f o n\u00e1vrz\u00edch rozpo\u010dtu ministerstva obrany na rok 2024 Milley poznamenal, \u017ee n\u00e1rodn\u00edm c\u00edlem \u010c\u00edny je b\u00fdt do roku 2049 \u201eglob\u00e1ln\u00edm rovnocenn\u00fdm partnerem\u201c se Spojen\u00fdmi st\u00e1ty a \u201evojensky nad\u0159azen\u00fdm\u201c.<\/span><\/p>\n<p><span>&#8222;Jsou na cest\u011b tam, a to je opravdu znepokojuj\u00edc\u00ed,&#8220; \u0159ekl.\u00a0\u201eTohle je opravdu znepokojiv\u00e9.\u00a0A my je mus\u00edme nejen dr\u017eet krok, ale p\u0159edb\u011bhnout je, abychom udr\u017eeli m\u00edr.<\/span><\/p>\n<p><span>Obzvl\u00e1\u0161t\u011b znepokojiv\u00fd je \u010d\u00ednsk\u00fd program rozvoje jadern\u00fdch zbran\u00ed, \u0159ekl Milley s t\u00edm, \u017ee Spojen\u00e9 st\u00e1ty mohou ud\u011blat jen m\u00e1lo, aby jej \u201ezastavily, zpomalily, naru\u0161ily, zabr\u00e1nily nebo zni\u010dily\u201c.<\/span><\/p>\n<p><span>Milleyho znepokojen\u00ed odr\u00e1\u017e\u00ed znepokojen\u00ed americk\u00e9ho ministra letectva Franka Kendalla, kter\u00fd v \u00fater\u00fd v Kongresu \u0159ekl, \u017ee budov\u00e1n\u00ed jadern\u00fdch sil \u010c\u00edny je \u201enejznepokojiv\u011bj\u0161\u00ed\u201c vojenskou hrozbou, kter\u00e9 \u010delil ve sv\u00e9 50let\u00e9 kari\u00e9\u0159e.<\/span><\/p>\n<p><span>Pentagon u\u017e m\u011bs\u00edce bije na poplach ohledn\u011b jadern\u00fdch ambic\u00ed \u010c\u00edny a v prosinci varoval, \u017ee zem\u011b je na dobr\u00e9 cest\u011b z\u010dty\u0159n\u00e1sobit po\u010det sv\u00fdch jadern\u00fdch hlavic do roku 2035 na 1500.<\/span><\/p>\n<p><span>V sou\u010dasn\u00e9 dob\u011b ministerstvo obrany odhaduje po\u010det \u010d\u00ednsk\u00fdch jadern\u00fdch hlavic na v\u00edce ne\u017e 400. I kdy\u017e se toto \u010d\u00edslo zd\u00e1 b\u00fdt mal\u00e9 ve srovn\u00e1n\u00ed se zhruba 3750 jadern\u00fdmi hlavicemi Spojen\u00fdch st\u00e1t\u016f, Milley ve st\u0159edu zd\u016fraznil, \u017ee schopnosti komunistick\u00e9 zem\u011b by se nem\u011bly podce\u0148ovat.<\/span><\/p>\n<p><span>&#8222;Dnes maj\u00ed v\u00fdznamnou jadernou kapacitu a maj\u00ed ICBM schopn\u00e9 zas\u00e1hnout Spojen\u00e9 st\u00e1ty,&#8220; \u0159ekl.\u00a0&#8222;Samoz\u0159ejm\u011b, \u017ee to znepokojuje.&#8220;<\/span><\/p>\n<p><span>Gener\u00e1l tak\u00e9 poznamenal, \u017ee situaci d\u00e1le komplikuj\u00ed rostouc\u00ed \u010d\u00ednsko-rusk\u00e9 vztahy, kter\u00e9 ozna\u010dil za \u201eznepokojiv\u00e9\u201c.<\/span><\/p>\n<p><span>&#8222;M\u00e1me co do \u010din\u011bn\u00ed se dv\u011bma velk\u00fdmi jadern\u00fdmi mocnostmi,&#8220; \u0159ekl.\u00a0\u201eZ\u00e1sady odstra\u0161ov\u00e1n\u00ed od studen\u00e9 v\u00e1lky tedy st\u00e1le plat\u00ed, ale te\u010f je to je\u0161t\u011b slo\u017eit\u011bj\u0161\u00ed, proto\u017ee jsou to dva proti jednomu.<\/span><\/p>\n<p><span>A s p\u0159idanou hrozbou \u00cdr\u00e1nu Milley p\u0159edpov\u011bd\u011bl: &#8222;Tyto t\u0159i zem\u011b budou spole\u010dn\u011b problematick\u00e9 po mnoho p\u0159\u00ed\u0161t\u00edch let.&#8220;<\/span><\/p>\n<p><span>Nov\u00e1 studen\u00e1 v\u00e1lka?<\/span><\/p>\n<p><span>Milleyho koment\u00e1\u0159e p\u0159i\u0161ly kr\u00e1tce po zve\u0159ejn\u011bn\u00ed nov\u00e9 zpr\u00e1vy Heritage Foundation (\u00a0<\/span><a href=\"https:\/\/www.heritage.org\/sites\/default\/files\/2023-03\/SR270_0.pdf\" target=\"_blank\" rel=\"noreferrer noopener\" data-type=\"URL\" data-id=\"https:\/\/www.heritage.org\/sites\/default\/files\/2023-03\/SR270_0.pdf\"><span>pdf<\/span><\/a><span>\u00a0), \u017ee Spojen\u00e9 st\u00e1ty vstoupily do nov\u00e9 studen\u00e9 v\u00e1lky s \u010c\u00ednou a nasti\u0148uje obrann\u00fd pl\u00e1n, jak t\u00e9to hrozb\u011b \u010delit.<\/span><\/p>\n<\/div>\n<\/div>\n<div class=\"elementor-element elementor-element-8c57238 quelle dc-has-condition dc-condition-empty elementor-widget elementor-widget-heading\" data-id=\"8c57238\" data-element_type=\"widget\" data-widget_type=\"heading.default\">\n<div class=\"elementor-widget-container\">\n<h3 class=\"elementor-heading-title elementor-size-default\"><span style=\"font-size: 8pt;\"><a href=\"https:\/\/www.zerohedge.com\/geopolitical\/china-outpacing-us-military-disturbing-rate-gen-milley\" target=\"_blank\" rel=\"nofollow noopener\">ZDROJ<\/a><\/span><\/h3>\n<\/div>\n<\/div>\n<p>&nbsp;<\/p>\n<p>&nbsp;<\/p>\n<p><img decoding=\"async\" loading=\"lazy\" class=\"wp-image-19187 aligncenter\" src=\"http:\/\/www.infokuryr.cz\/n\/wp-content\/uploads\/2022\/12\/1-PRO-300x36.jpg\" alt=\"\" width=\"1275\" height=\"153\" srcset=\"https:\/\/www.infokuryr.cz\/n\/wp-content\/uploads\/2022\/12\/1-PRO-300x36.jpg 300w, https:\/\/www.infokuryr.cz\/n\/wp-content\/uploads\/2022\/12\/1-PRO.jpg 699w\" sizes=\"(max-width: 1275px) 100vw, 1275px\" \/><\/p>\n<p>&nbsp;<\/p>\n<p>&nbsp;<\/p>\n<p><img decoding=\"async\" loading=\"lazy\" class=\"wp-image-24737 aligncenter\" src=\"http:\/\/www.infokuryr.cz\/n\/wp-content\/uploads\/2023\/03\/cesko_proti_bide2-239x300.png\" alt=\"\" width=\"750\" height=\"941\" srcset=\"https:\/\/www.infokuryr.cz\/n\/wp-content\/uploads\/2023\/03\/cesko_proti_bide2-239x300.png 239w, https:\/\/www.infokuryr.cz\/n\/wp-content\/uploads\/2023\/03\/cesko_proti_bide2-816x1024.png 816w, https:\/\/www.infokuryr.cz\/n\/wp-content\/uploads\/2023\/03\/cesko_proti_bide2-768x964.png 768w, https:\/\/www.infokuryr.cz\/n\/wp-content\/uploads\/2023\/03\/cesko_proti_bide2.png 846w\" sizes=\"(max-width: 750px) 100vw, 750px\" \/><\/p>\n<p>&nbsp;<\/p>\n<p>&nbsp;<\/p>\n","protected":false},"excerpt":{"rendered":"<p>\u010c\u00edna je na cest\u011b k dosa\u017een\u00ed vojensk\u00e9 p\u0159evahy nad Spojen\u00fdmi st\u00e1ty do poloviny stolet\u00ed, varoval&#8230;<\/p>\n","protected":false},"author":2,"featured_media":25625,"comment_status":"closed","ping_status":"closed","sticky":false,"template":"","format":"standard","meta":[],"categories":[7],"tags":[80,30,37],"_links":{"self":[{"href":"https:\/\/www.infokuryr.cz\/n\/wp-json\/wp\/v2\/posts\/25624"}],"collection":[{"href":"https:\/\/www.infokuryr.cz\/n\/wp-json\/wp\/v2\/posts"}],"about":[{"href":"https:\/\/www.infokuryr.cz\/n\/wp-json\/wp\/v2\/types\/post"}],"author":[{"embeddable":true,"href":"https:\/\/www.infokuryr.cz\/n\/wp-json\/wp\/v2\/users\/2"}],"replies":[{"embeddable":true,"href":"https:\/\/www.infokuryr.cz\/n\/wp-json\/wp\/v2\/comments?post=25624"}],"version-history":[{"count":1,"href":"https:\/\/www.infokuryr.cz\/n\/wp-json\/wp\/v2\/posts\/25624\/revisions"}],"predecessor-version":[{"id":25626,"href":"https:\/\/www.infokuryr.cz\/n\/wp-json\/wp\/v2\/posts\/25624\/revisions\/25626"}],"wp:featuredmedia":[{"embeddable":true,"href":"https:\/\/www.infokuryr.cz\/n\/wp-json\/wp\/v2\/media\/25625"}],"wp:attachment":[{"href":"https:\/\/www.infokuryr.cz\/n\/wp-json\/wp\/v2\/media?parent=25624"}],"wp:term":[{"taxonomy":"category","embeddable":true,"href":"https:\/\/www.infokuryr.cz\/n\/wp-json\/wp\/v2\/categories?post=25624"},{"taxonomy":"post_tag","embeddable":true,"href":"https:\/\/www.infokuryr.cz\/n\/wp-json\/wp\/v2\/tags?post=25624"}],"curies":[{"name":"wp","href":"https:\/\/api.w.org\/{rel}","templated":true}]}}