{"id":25622,"date":"2023-04-05T01:05:14","date_gmt":"2023-04-04T23:05:14","guid":{"rendered":"http:\/\/www.infokuryr.cz\/n\/?p=25622"},"modified":"2023-04-04T16:00:09","modified_gmt":"2023-04-04T14:00:09","slug":"platforma-mrna-co-to-je-a-co-to-znamena","status":"publish","type":"post","link":"https:\/\/www.infokuryr.cz\/n\/2023\/04\/05\/platforma-mrna-co-to-je-a-co-to-znamena\/","title":{"rendered":"Platforma mRNA: co to je a co to znamen\u00e1"},"content":{"rendered":"<div id=\"fb-root\"><\/div>\n<div class=\"elementor-element elementor-element-1fb4c2c elementor-widget elementor-widget-theme-post-content\" data-id=\"1fb4c2c\" data-element_type=\"widget\" data-widget_type=\"theme-post-content.default\">\n<div class=\"elementor-widget-container\">\n<p><strong>Na ja\u0159e 2020 jsme se dozv\u011bd\u011bli, \u017ee Operation Warp Speed \u200b\u200b\u200b\u200bvyv\u00edjela vakc\u00ednu, kter\u00e1 byla rychlej\u0161\u00ed ne\u017e kdy p\u0159edt\u00edm.\u00a0Z des\u00edtky let dlouh\u00e9 historie v\u00fdvoje vakc\u00edn jsme v\u011bd\u011bli, \u017ee v\u00fdroba vakc\u00edn trv\u00e1 5 a\u017e 10 let.\u00a0N\u00e1sledn\u00e9 klinick\u00e9 studie mohou trvat je\u0161t\u011b d\u00e9le.<\/strong><\/p>\n<p>Jak to bylo mo\u017en\u00e9?\u00a0Kdy k tomuto v\u011bdeck\u00e9mu skoku do\u0161lo?\u00a0Co to bylo za fantastickou novou technologii, kter\u00e1 umo\u017enila tak rychl\u00fd v\u00fdvoj?<\/p>\n<p>Rychle jsme se dozv\u011bd\u011bli, \u017ee nov\u00e1 vakc\u00edna bude pou\u017e\u00edvat n\u011bco, \u010demu se \u0159\u00edk\u00e1 technologie mRNA.\u00a0A existovalo n\u011bkolik spole\u010dnost\u00ed ochotn\u00fdch tuto technologii vyvinout.<\/p>\n<p>Fungov\u00e1n\u00ed mRNA je odli\u0161n\u00e9 od v\u0161ech p\u0159edchoz\u00edch vakc\u00edn.\u00a0Vakc\u00edny se d\u0159\u00edve vyr\u00e1b\u011bly tak, \u017ee se vzala oslaben\u00e1 nebo mrtv\u00e1 forma viru a vst\u0159\u00edkla se lidem.\u00a0Lidsk\u00e9 t\u011blo vytvo\u0159ilo protil\u00e1tky, aby bojovalo a porazilo oslaben\u00fd virus, a tak dalo t\u011blu pokyn, aby si proti viru vytvo\u0159ilo protil\u00e1tky, pokud by se n\u011bkdy objevil v pln\u00e9 s\u00edle.\u00a0\u010clov\u011bk byl imunn\u00ed.<\/p>\n<p><strong>To mRNA ned\u011bl\u00e1.<\/strong><\/p>\n<p>CDC doslova zm\u011bnilo definici vakc\u00edn, aby se ve\u0161ly mRNA do t\u00e9to kategorie.\u00a0Vid\u011bli jsme to p\u0159ed dv\u011bma lety, kdy\u017e jsme porovn\u00e1vali starou a novou verzi na webu CDC.<\/p>\n<p><span style=\"font-size: 18pt;\"><strong>Zde byla definice na webu CDC v roce 2020:<\/strong><\/span><\/p>\n<p><em>Vakc\u00edny obsahuj\u00ed stejn\u00e9 z\u00e1rodky, kter\u00e9 zp\u016fsobuj\u00ed onemocn\u011bn\u00ed.\u00a0Byli v\u0161ak zabiti nebo oslabeni do t\u00e9 m\u00edry, \u017ee v\u00e1m z nich nen\u00ed \u0161patn\u011b.<\/em><\/p>\n<p><span style=\"font-size: 18pt;\"><strong>Nov\u00e1 verze se stala mnohem obecn\u011bj\u0161\u00ed a obsahuje tak\u00e9 mRNA.\u00a0Zde je aktu\u00e1ln\u00ed definice z webu CDC:<\/strong><\/span><\/p>\n<p><em>P\u0159\u00edpravek pou\u017e\u00edvan\u00fd ke stimulaci imunitn\u00ed reakce organismu proti onemocn\u011bn\u00ed.<\/em><\/p>\n<p><img decoding=\"async\" loading=\"lazy\" class=\"wp-image-24737 alignright\" src=\"http:\/\/www.infokuryr.cz\/n\/wp-content\/uploads\/2023\/03\/cesko_proti_bide2-239x300.png\" alt=\"\" width=\"601\" height=\"754\" srcset=\"https:\/\/www.infokuryr.cz\/n\/wp-content\/uploads\/2023\/03\/cesko_proti_bide2-239x300.png 239w, https:\/\/www.infokuryr.cz\/n\/wp-content\/uploads\/2023\/03\/cesko_proti_bide2-816x1024.png 816w, https:\/\/www.infokuryr.cz\/n\/wp-content\/uploads\/2023\/03\/cesko_proti_bide2-768x964.png 768w, https:\/\/www.infokuryr.cz\/n\/wp-content\/uploads\/2023\/03\/cesko_proti_bide2.png 846w\" sizes=\"(max-width: 601px) 100vw, 601px\" \/><\/p>\n<p>Prvn\u00ed ot\u00e1zka, kterou byste si mohli polo\u017eit, je: \u201ePro\u010d chce CDC, aby to vypadalo, \u017ee je to jen dob\u0159e zaveden\u00e1, b\u011b\u017en\u011b dostupn\u00e1 technologie?\u00a0Pro\u010d si mysl\u00ed, \u017ee tomu mus\u00ed \u0159\u00edkat vakc\u00edna?\u00a0Sna\u017e\u00ed se n\u00e1s oklamat, abychom se c\u00edtili pohodln\u011b?\u00a0Pro\u010d?&#8220;<\/p>\n<p>mRNA nen\u00ed tradi\u010dn\u00ed vakc\u00edna, ale nen\u00ed ani nov\u00e1.\u00a0Je to vlastn\u011b t\u0159icet let star\u00e1 technologie.\u00a0Mo\u017en\u00e1 si pamatujete, \u017ee existovalo n\u011bco, \u010demu se \u0159\u00edkalo \u201egenov\u00e1 terapie\u201c, o kter\u00e9 u\u017e nikdo nemluv\u00ed.\u00a0To je kategorie, do kter\u00e9 tato technologie pat\u0159\u00ed.<\/p>\n<p>P\u016fvodn\u00edm \u00fa\u010delem genov\u00e9 terapie bylo d\u00e1t lidem mo\u017enost oklamat sv\u00e9 vlastn\u00ed t\u011blo, aby produkovalo n\u011bco, co p\u0159irozen\u011b neprodukuj\u00ed, n\u011bco, co jejich t\u011blo pot\u0159ebuje, jako je inzul\u00edn pro diabetiky.\u00a0\u00da\u010delem bylo kompenzovat nedostatek, kter\u00fd si t\u011blo nedok\u00e1zalo vytvo\u0159it samo.<\/p>\n<p>Funguje to tak, \u017ee vl\u00e1kno mRNA je konstruov\u00e1no pomoc\u00ed genetick\u00e9ho k\u00f3du l\u00e1tky, kter\u00e1 m\u00e1 b\u00fdt produkov\u00e1na.\u00a0Takto vytvo\u0159en\u00fd \u0159et\u011bzec mRNA zase obsahuje v\u0161echny instrukce pot\u0159ebn\u00e9 k produkci po\u017eadovan\u00e9ho proteinu.<\/p>\n<p>Ale technologie m\u011bla sv\u00e9 limity.\u00a0V prvn\u00edch letech genov\u00e9 terapie se zjistilo, \u017ee dlouho nefungovala.\u00a0Bylo nutn\u00e9 podat v\u00edce d\u00e1vek a v t\u011ble musely existovat spr\u00e1vn\u00e9 podm\u00ednky.<\/p>\n<p>A\u010dkoli toto pou\u017eit\u00ed mRNA jako terapeutika existuje po desetilet\u00ed, s n\u011bkter\u00fdmi dobr\u00fdmi a n\u011bkter\u00fdmi neuspokojiv\u00fdmi v\u00fdsledky, bylo zcela nov\u00e9, \u017ee mRNA produkuje antigen.\u00a0Nikdy p\u0159edt\u00edm nebyly lidsk\u00e9 bu\u0148ky uneseny, aby vytvo\u0159ily n\u011bco, co by za\u00fato\u010dilo na t\u011blo.<\/p>\n<p>Najednou se technologie prom\u011bnila z terapeutika pou\u017e\u00edvan\u00e9ho k l\u00e9\u010db\u011b men\u0161iny lid\u00ed s ur\u010dit\u00fdmi nedostatky v l\u00e9k, kter\u00fd by kdokoli na sv\u011bt\u011b bral v boji s virem.<\/p>\n<p>Kdy\u017e je \u010dlov\u011bku vst\u0159\u00edknuta vakc\u00edna mRNA Covid, putuje do bun\u011bk a vytv\u00e1\u0159\u00ed \u010d\u00e1st viru zn\u00e1mou jako spike protein, aktivn\u00ed \u010d\u00e1st viru, kter\u00e1 zp\u016fsobuje v\u0161echna po\u0161kozen\u00ed.\u00a0T\u011blo na to reaguje a bojuje s t\u00edm.\u00a0Je to biologick\u00fd trojsk\u00fd k\u016f\u0148.<\/p>\n<p>Pro\u010d tedy o\u010dek\u00e1vat, \u017ee tato metoda bude fungovat jako tradi\u010dn\u00ed vakc\u00edna, kter\u00e1 zajist\u00ed imunitu na mnoho let, \u010dasto na cel\u00fd \u017eivot?\u00a0Ji\u017e jsme vid\u011bli, \u017ee tato metoda \u010dasto nefunguje.\u00a0Nev\u011bd\u011bly to spole\u010dnosti, kter\u00e9 tyto l\u00e9ky prod\u00e1vaj\u00ed jako vakc\u00edny, a FDA od za\u010d\u00e1tku?<\/p>\n<p>Dal\u0161\u00edm omezen\u00edm pou\u017eit\u00ed t\u00e9to technologie jako vakc\u00edny je, \u017ee imunitn\u00ed odpov\u011b\u010f mus\u00ed b\u00fdt p\u0159izp\u016fsobena specifik\u016fm ka\u017ed\u00e9ho viru.\u00a0Pokud virus zmutuje na variantu, protil\u00e1tkov\u00e1 odpov\u011b\u010f proti tomuto viru pravd\u011bpodobn\u011b nebude fungovat.\u00a0\u0160pi\u010dkov\u00fd protein je m\u00edrn\u011b odli\u0161n\u00fd.<\/p>\n<p>Toto je velmi star\u00e1 my\u0161lenka ve virologii naz\u00fdvan\u00e1 p\u016fvodn\u00ed antigenn\u00ed h\u0159\u00edch.\u00a0V podstat\u011b se t\u011blo p\u0159izp\u016fsobuje variant\u011b, se kterou bojuje, a nen\u00ed tak dobr\u00e9 v rozpozn\u00e1v\u00e1n\u00ed nov\u00fdch variant.\u00a0Nev\u011bd\u011bly to spole\u010dnosti, kter\u00e9 tyto l\u00e9ky prod\u00e1vaj\u00ed jako vakc\u00edny, a FDA od za\u010d\u00e1tku?<\/p>\n<p><span style=\"font-size: 18pt;\"><strong>Posilova\u010de<\/strong><\/span><\/p>\n<p>Tak\u017ee jste ji\u017e v\u011bd\u011bli, \u017ee mRNA vakc\u00edna neposkytuje trvalou imunitu a je nepravd\u011bpodobn\u00e9, \u017ee bude fungovat proti variant\u00e1m.\u00a0Nejen to, nem\u011bli tu\u0161en\u00ed o vedlej\u0161\u00edch \u00fa\u010dinc\u00edch, proto\u017ee tuto technologii nikdy nepou\u017eili k v\u00fdrob\u011b antigenu.<\/p>\n<p>Tak\u017ee p\u016fvodn\u011b byla tato technologie vyvinuta k v\u00fdrob\u011b n\u011b\u010deho, co t\u011blo pot\u0159ebovalo, ale samo si to nevyrobilo.\u00a0Nyn\u00ed by technologie pou\u017eila n\u011b\u010d\u00ed t\u011blo k vytvo\u0159en\u00ed nep\u0159\u00edtele, se kter\u00fdm by pak musela bojovat.\u00a0To se je\u0161t\u011b nikdy nestalo.<\/p>\n<p><span style=\"font-size: 18pt;\"><strong>Jak\u00e9 by mohly b\u00fdt mo\u017en\u00e9 \u00fa\u010dinky?\u00a0<\/strong><\/span><\/p>\n<p>Kdy\u017e pandemie ude\u0159ila, lid\u00e9 ve spole\u010dnostech, kter\u00e9 vyr\u00e1b\u011bj\u00ed mRNA, to vid\u011bli jako obrovskou p\u0159\u00edle\u017eitost.\u00a0Moderna byla zalo\u017eena v roce 2010.\u00a0Do t\u00e9 doby nikdy nemluvili o vakc\u00edn\u00e1ch, pouze o l\u00e9c\u00edch, kter\u00e9 vyv\u00edjeli, a to bylo jejich jedin\u00e9 zam\u011b\u0159en\u00ed.\u00a0A\u017e do bonanzy v roce 2021 spole\u010dnost nikdy nevyd\u011blala \u017e\u00e1dn\u00e9 pen\u00edze.\u00a0Je zvl\u00e1\u0161tn\u00ed, \u017ee finan\u010dn\u00ed z\u00e1jmy vedouc\u00edch pracovn\u00edk\u016f ve spole\u010dnostech Moderna a Pfizer se p\u0159ekr\u00fdvaj\u00ed se z\u00e1jmy vysok\u00fdch p\u0159edstavitel\u016f FDA a CDC.<\/p>\n<p>Jak\u00e9 po\u017eehn\u00e1n\u00ed pro tyto spole\u010dnosti!\u00a0Pokud by to dok\u00e1zali, m\u011bli by l\u00e9k, kter\u00fd by mohli rychle vyvinout na nov\u00e9 antigeny a prod\u00e1vat znovu a znovu.\u00a0Proto se mluv\u00ed o nov\u00e9 platform\u011b pro pod\u00e1v\u00e1n\u00ed l\u00e9k\u016f.\u00a0Je to platforma, proto\u017ee je to technologie, kter\u00e1 v\u00e1m umo\u017e\u0148uje rychle vyrobit vakc\u00ednu, kdy\u017e se objev\u00ed nov\u00e9 antigeny.<\/p>\n<p>Krom\u011b toho zdravotn\u00ed \u00fa\u0159ady zva\u017eovaly tuto metodu k pod\u00e1v\u00e1n\u00ed nejen vakc\u00edn, ale i bezpo\u010dtu dal\u0161\u00edch l\u00e9k\u016f populaci.\u00a0Je to platforma.\u00a0Ve\u0159ejnost si prost\u011b musela zvyknout na my\u0161lenku, \u017ee takhle to te\u010f chod\u00ed.<\/p>\n<p>Najednou, kdy\u017e byl ve vzduchu strach z nebezpe\u010dn\u00e9ho patogenu, naskytly se \u010detn\u00e9 p\u0159\u00edle\u017eitosti.<\/p>\n<p>V\u0161echny tyto r\u016fzn\u00e9 z\u00fa\u010dastn\u011bn\u00e9 strany s r\u016fzn\u00fdmi c\u00edli maj\u00ed nyn\u00ed z\u00e1jem na tom, aby tato platforma fungovala.\u00a0\u010c\u00edm v\u00edce lid\u00ed mohou na platformu p\u0159iv\u00e9st, t\u00edm l\u00e9pe budou zastoupeny jejich z\u00e1jmy.<\/p>\n<p>Pokud do toho tedy v\u011bt\u0161inu populace tla\u010d\u00ed strach z viru, t\u00edm l\u00e9pe.\u00a0V\u0161ichni v\u00edme, \u017ee strach je skv\u011bl\u00fd motiv\u00e1tor a skv\u011bl\u00fd zp\u016fsob, jak motivovat ty, kte\u0159\u00ed mysl\u00ed jinak.<\/p>\n<p><span style=\"font-size: 18pt;\"><strong>Kdo jsou tito agenti?<\/strong><\/span><\/p>\n<ul>\n<li><strong>Farmaceutick\u00e9 spole\u010dnosti:<\/strong> hlavn\u011b Pfizer a Moderna.\u00a0Tady a v dohledn\u00e9 budoucnosti se maj\u00ed vyd\u011blat miliardy.\u00a0Tyto spole\u010dnosti jsou tak\u00e9 tak \u00fazce sv\u00e1z\u00e1ny s vl\u00e1dou, \u017ee by mohly snadno uv\u00e9st na trh relativn\u011b netestovan\u00e9 l\u00e9ky.<\/li>\n<li><strong>St\u00e1t biologick\u00e9 bezpe\u010dnosti:<\/strong> Lid\u00e9 v obrann\u00fdch organizac\u00edch, kte\u0159\u00ed to pova\u017euj\u00ed za kontroln\u00ed mechanismus umo\u017e\u0148uj\u00edc\u00ed sledov\u00e1n\u00ed pohybu lid\u00ed prost\u0159ednictv\u00edm o\u010dkovac\u00edch pr\u016fkaz\u016f.\u00a0To je p\u0159\u00edpad, pokud jde o mand\u00e1ty k o\u010dkov\u00e1n\u00ed.<\/li>\n<li><strong>Hleda\u010di moci:<\/strong> Politici a dal\u0161\u00ed (Bill Gates, WEF atd.) hledaj\u00edc\u00ed mechanismus, jak z\u00edskat v\u011bt\u0161\u00ed biologickou kontrolu nad obyvatelstvem a ud\u011blovat nebo odeb\u00edrat pr\u00e1va na p\u0159\u00edkaz.\u00a0To samoz\u0159ejm\u011b vede k eugenice.<\/li>\n<\/ul>\n<p>P\u0159em\u00fd\u0161lejte o tom.\u00a0\u00da\u0159ady se sna\u017eily donutit sv\u00e9 ob\u010dany k platform\u011b pro administraci drog.\u00a0Tresty za nedodr\u017een\u00ed byly ostrakizace, odep\u0159en\u00ed pr\u00e1va na pr\u00e1ci a z\u00e1kaz \u00fa\u010dasti ve spole\u010dnosti.\u00a0Byli ve spolku s bohat\u00fdmi a mocn\u00fdmi jednotlivci a korporacemi.\u00a0Pot\u00e9 by zavedli mechanismus, kter\u00fd by sledoval n\u00e1\u0161 pohyb prost\u0159ednictv\u00edm o\u010dkovac\u00edch pr\u016fkaz\u016f a kontroloval na\u0161e aktivity.<\/p>\n<p>Technologie genov\u00e9 terapie mRNA byla pozoruhodn\u00fdm pokrokem s nev\u00fdslovn\u00fdm potenci\u00e1lem pro lidsk\u00fd prosp\u011bch.\u00a0Z\u00e1jmy mocn\u00fdch z nich ud\u011blaly n\u011bco nelidsk\u00e9ho a destruktivn\u00edho.<\/p>\n<\/div>\n<\/div>\n<div class=\"elementor-element elementor-element-8c57238 quelle dc-has-condition dc-condition-empty elementor-widget elementor-widget-heading\" data-id=\"8c57238\" data-element_type=\"widget\" data-widget_type=\"heading.default\">\n<div class=\"elementor-widget-container\">\n<h3 class=\"elementor-heading-title elementor-size-default\"><span style=\"font-size: 8pt;\"><a href=\"https:\/\/brownstone.org\/articles\/the-mrna-platform-what-it-is-what-it-means\/\" target=\"_blank\" rel=\"nofollow noopener\">ZDROJ<\/a><\/span><\/h3>\n<\/div>\n<\/div>\n<p>&nbsp;<\/p>\n<p>&nbsp;<\/p>\n<p><img decoding=\"async\" loading=\"lazy\" class=\"wp-image-19187 aligncenter\" src=\"http:\/\/www.infokuryr.cz\/n\/wp-content\/uploads\/2022\/12\/1-PRO-300x36.jpg\" alt=\"\" width=\"1267\" height=\"152\" srcset=\"https:\/\/www.infokuryr.cz\/n\/wp-content\/uploads\/2022\/12\/1-PRO-300x36.jpg 300w, https:\/\/www.infokuryr.cz\/n\/wp-content\/uploads\/2022\/12\/1-PRO.jpg 699w\" sizes=\"(max-width: 1267px) 100vw, 1267px\" \/><\/p>\n<p>&nbsp;<\/p>\n<p>&nbsp;<\/p>\n","protected":false},"excerpt":{"rendered":"<p>Na ja\u0159e 2020 jsme se dozv\u011bd\u011bli, \u017ee Operation Warp Speed \u200b\u200b\u200b\u200bvyv\u00edjela vakc\u00ednu, kter\u00e1 byla rychlej\u0161\u00ed&#8230;<\/p>\n","protected":false},"author":2,"featured_media":14517,"comment_status":"closed","ping_status":"closed","sticky":false,"template":"","format":"standard","meta":[],"categories":[7],"tags":[694,315,651],"_links":{"self":[{"href":"https:\/\/www.infokuryr.cz\/n\/wp-json\/wp\/v2\/posts\/25622"}],"collection":[{"href":"https:\/\/www.infokuryr.cz\/n\/wp-json\/wp\/v2\/posts"}],"about":[{"href":"https:\/\/www.infokuryr.cz\/n\/wp-json\/wp\/v2\/types\/post"}],"author":[{"embeddable":true,"href":"https:\/\/www.infokuryr.cz\/n\/wp-json\/wp\/v2\/users\/2"}],"replies":[{"embeddable":true,"href":"https:\/\/www.infokuryr.cz\/n\/wp-json\/wp\/v2\/comments?post=25622"}],"version-history":[{"count":0,"href":"https:\/\/www.infokuryr.cz\/n\/wp-json\/wp\/v2\/posts\/25622\/revisions"}],"wp:featuredmedia":[{"embeddable":true,"href":"https:\/\/www.infokuryr.cz\/n\/wp-json\/wp\/v2\/media\/14517"}],"wp:attachment":[{"href":"https:\/\/www.infokuryr.cz\/n\/wp-json\/wp\/v2\/media?parent=25622"}],"wp:term":[{"taxonomy":"category","embeddable":true,"href":"https:\/\/www.infokuryr.cz\/n\/wp-json\/wp\/v2\/categories?post=25622"},{"taxonomy":"post_tag","embeddable":true,"href":"https:\/\/www.infokuryr.cz\/n\/wp-json\/wp\/v2\/tags?post=25622"}],"curies":[{"name":"wp","href":"https:\/\/api.w.org\/{rel}","templated":true}]}}