{"id":2560,"date":"2021-06-16T04:25:31","date_gmt":"2021-06-16T02:25:31","guid":{"rendered":"http:\/\/www.infokuryr.cz\/n\/?p=2560"},"modified":"2021-06-16T04:25:31","modified_gmt":"2021-06-16T02:25:31","slug":"putinovi-jsme-to-nandali-bruselske-divadelko","status":"publish","type":"post","link":"https:\/\/www.infokuryr.cz\/n\/2021\/06\/16\/putinovi-jsme-to-nandali-bruselske-divadelko\/","title":{"rendered":"Putinovi jsme to nandali. Bruselsk\u00e9 divad\u00e9lko&#8230;"},"content":{"rendered":"<div id=\"fb-root\"><\/div>\n<p><a href=\"https:\/\/www.novinky.cz\/zahranicni\/evropa\/clanek\/biden-na-summitu-g7-eu-je-neskutecne-silna-a-zivotem-pulzujici-organizace-40363117#seq_no=6&amp;source=hp&amp;dop_id=40363117&amp;dop_ab_variant=0&amp;dop_req_id=LCv0uKFP4g8-202106130622&amp;dop_source_zone_name=novinky.sznhp.box&amp;utm_campaign=&amp;utm_medium=z-boxiku&amp;utm_source=www.seznam.cz\">Joe Biden<\/a>: \u201e<em>EU je neskute\u010dn\u011b siln\u00e1 a \u017eivotem pulzuj\u00edc\u00ed organizace.<\/em>\u201c Tak, a je to ofici\u00e1ln\u011b a definitivn\u011b venku \u2013 opravdu je seniln\u00ed.\u00a0<span id=\"more-4916\"><\/span><\/p>\n<p><b>Ten n\u00e1\u0161 je zase dezorientovan\u00fd<\/b><\/p>\n<p>V\u0161echna m\u00e9dia spr\u00e1vn\u00e9ho n\u00e1zoru, kter\u00e1 jinak na prezidentovi nenechaj\u00ed suchou nitku, nad\u0161en\u011b\u00a0<a href=\"https:\/\/www.irozhlas.cz\/zpravy-domov\/svjatlana-cichanouska-milos-zeman-prezident-cesko-belorusko-ivan-batos-andrej_2106081325_dok\">referovala<\/a>\u00a0o tom, jak Zeman p\u0159ijal Tichanovskou a jak j\u00ed vyj\u00e1d\u0159il podporu. No, j\u00e1 nev\u00edm. Prezident je p\u0159eci podle t\u011bch sam\u00fdch m\u00e9di\u00ed trvale dezorientovan\u00fd, nev\u00ed kdo je, kde je a mluv\u00ed z cesty.\u00a0 Tak\u017ee jeho oslavovan\u00fd chvalozp\u011bv asi nem\u00e1 valnou vypov\u00eddaj\u00edc\u00ed hodnotu. Taky mi chv\u00edli nebyla \u00fapln\u011b jasn\u00e1 logika faktu, \u017ee rusk\u00fd agent veleb\u00ed n\u011bkoho, kdo chce svrhnout rusk\u00e9ho spojence. Dokud se ke mn\u011b ze zdroj\u016f bl\u00edzk\u00fdch Hradu nedoneslo, \u017ee seniln\u00ed monarcha si prost\u011b jen spletl Tichanovskou s Valentinou T\u011bre\u0161kovovou.<\/p>\n<p><strong>Mise spln\u011bna<\/strong><\/p>\n<p><em>Politicky uv\u011bdom\u011bl\u00fd slovensk\u00fd n\u00e1rod odm\u00edt\u00e1 neschv\u00e1lenou vakc\u00ednu Sputnik<\/em>,\u00a0<a href=\"https:\/\/www.novinky.cz\/zahranicni\/evropa\/clanek\/slovensti-duchodci-zajem-o-sputnik-nevytrhnou-muze-skoncit-v-kosi-40363110#seq_no=2&amp;source=hp&amp;dop_id=40363110&amp;dop_ab_variant=0&amp;dop_req_id=A6u1gNSOUQ6-202106121218&amp;dop_source_zone_name=novinky.sznhp.box&amp;utm_campaign=&amp;utm_medium=z-boxiku&amp;utm_source=www.seznam.cz\">j\u00e1saj\u00ed<\/a>\u00a0u\u017e n\u011bjak\u00fd \u010das slovensk\u00e1 i \u010desk\u00e1 m\u00e9dia. Budou ji asi muset vyhodit. No, aby ne. V\u0161ak proto taky novin\u00e1\u0159i spole\u010dn\u011b s politiky a \u00fa\u0159edn\u00edky ud\u011blali \u00fapln\u011b v\u0161echno. Zato o ty schv\u00e1len\u00e9 se Slov\u00e1ci jist\u011b perou. Gratulujem, misia splnen\u00e1!<\/p>\n<p><strong>Forum24 I.<\/strong><\/p>\n<p>N\u00e1sleduj\u00ed dva kousky z hnoji\u0161t\u011b jm\u00e9nem Forum24. Obvykle tento nejvydatn\u011bj\u0161\u00ed\u00a0 zdroj skl\u00e1daj\u00edc\u00ed se v\u00fdhradn\u011b z hov\u00ednek ignoruju, proto\u017ee si v\u00e1\u017e\u00edm sv\u00e9ho \u010dasu, ale dneska m\u00e1m dobrou n\u00e1ladu a tak ud\u011bl\u00e1m v\u00fdjimku. Analyzuji dva p\u0159\u00edsp\u011bvky, kter\u00e9 p\u011bkn\u011b demonstruj\u00ed, jak to tam kluci, holky a v\u0161echna dal\u0161\u00ed pohlav\u00ed d\u011blaj\u00ed. V tom prvn\u00edm se autor psychicky\u00a0<a href=\"https:\/\/www.forum24.cz\/komunisticka-europoslankyne-se-pry-zabyva-situaci-politickych-veznu-ve-spanelsku-na-to-jsou-experti\/?utm_source=www.seznam.cz&amp;utm_medium=sekce-z-internetu#dop_ab_variant=513601&amp;dop_source_zone_name=hpfeed.sznhp.box&amp;dop_req_id=ZBpCbQpzCpL-202106120644&amp;dop_id=12155228\">hrout\u00ed<\/a>\u00a0z toho, \u017ee komunistka Kone\u010dn\u00e1 jev\u00ed z\u00e1jem o politick\u00e9 v\u011bzn\u011b ve \u0160pan\u011blsku. A jedn\u00edm dechem dod\u00e1v\u00e1:\u201c\u2026<em>pokud tam n\u011bjac\u00ed politi\u010dt\u00ed v\u011bzni jsou<\/em>\u2026\u201c Tohle je esence onoho digit\u00e1ln\u00edho dezinforma\u010dn\u00edho pl\u00e1tku. Existence katal\u00e1nsk\u00fdch politik\u016f, zav\u0159en\u00fdch za svou politickou \u010dinnost ve \u0161pan\u011blsk\u00e9 b\u00e1ni, je nepopirateln\u00fd fakt, ergo politi\u010dt\u00ed v\u011bzni ve \u0160pan\u011blsku jsou. Nav\u00edc jde o fakt obecn\u011b zn\u00e1m\u00fd, tud\u00ed\u017e je autor \u010dl\u00e1nku bu\u010f opravdu mimo\u0159\u00e1dn\u00fd jetel, nebo jen napl\u0148uje ducha redakce a nad\u0161en\u011b dezinformuje. Ov\u0161em velmi lajd\u00e1cky. M\u016fj osobn\u00ed n\u00e1zor je ten, \u017ee jde o lajd\u00e1cky nad\u0161en\u011b dezinformuj\u00edc\u00edho jetela.<\/p>\n<p><strong>Forum24 II.<\/strong><\/p>\n<p>Druhou perlou z n\u00e1hrdeln\u00edku je \u010dl\u00e1nek pana Jandourka. Toho m\u00e1m asi nejrad\u0161i, je takov\u00fd roztomile militantn\u00ed a jeho my\u0161lenkov\u00e9 pochody evokuj\u00ed svou vycizelovanost\u00ed a bohatou strukturou vzpom\u00ednku na Milou\u0161e Jake\u0161e. Tentokr\u00e1t ho op\u011bt \u010d\u00edmsi\u00a0<a href=\"https:\/\/www.forum24.cz\/putinuv-tass-uz-cituje-zemanovy-nehoraznosti-o-navalnem-loutka-poslouzila\/?utm_source=www.seznam.cz&amp;utm_medium=sekce-z-internetu#dop_ab_variant=513601&amp;dop_source_zone_name=hpfeed.sznhp.box&amp;dop_req_id=50oxRXEagXx-202106120644&amp;dop_id=12148262\">popudila<\/a>\u00a0rusk\u00e1 loutka a \u201e<em>slu\u017eebn\u00ed\u010dek<\/em>\u201c Zeman, \u010d\u00edm nen\u00ed podstatn\u00e9. Daleko zaj\u00edmav\u011bj\u0161\u00ed je perex jeho \u010dl\u00e1nku, kde se hned v \u00favodu p\u00ed\u0161e: \u201e<em>Agentura TASS, kde nevyjde ani v\u011bta, kter\u00e1 by nebyla odrazem m\u00edn\u011bn\u00ed ofici\u00e1ln\u00edch kruh\u016f v Kremlu\u2026.<\/em>\u201c Nen\u00ed mi \u00fapln\u011b jasn\u00e9, jak m\u016f\u017ee vysoko\u0161kolsky vzd\u011blan\u00e9ho \u010dlov\u011bka popouzet prost\u00fd fakt, \u017ee\u00a0<strong>rusk\u00e1 st\u00e1tn\u00ed<\/strong>\u00a0<strong>tiskov\u00e1 agentura<\/strong>\u00a0odr\u00e1\u017e\u00ed v ka\u017ed\u00e9 v\u011bt\u011b m\u00edn\u011bn\u00ed Kremlu. Mysl\u00edm, \u017ee je to v po\u0159\u00e1dku a celkem dost to p\u0159isp\u00edv\u00e1 k transparentnosti. Zato \u010d\u00ed m\u00edn\u011bn\u00ed v ka\u017ed\u00e9 v\u011bt\u011b odr\u00e1\u017e\u00ed Forum24 je z\u00e1hada.<\/p>\n<p><strong>B\u016fh tomu chce!<\/strong><\/p>\n<p>Europoslanci hroz\u00ed Evropsk\u00e9 komisi, \u017ee na ni\u00a0<a href=\"https:\/\/zpravy.aktualne.cz\/zahranici\/evropsky-parlament\/v-bruselu-to-jiskri-europoslanci-chteji-zalovat-evropskou-ko\/r~91c6b4dccae011eb8fa20cc47ab5f122\/?utm_source=www.seznam.cz&amp;utm_medium=sekce-z-internetu#dop_ab_variant=513601&amp;dop_source_zone_name=hpfeed.sznhp.box&amp;dop_req_id=50oxRXEagXx-202106120644&amp;dop_id=12168521\">podaj\u00ed<\/a>\u00a0\u017ealobu. Je podle nich m\u00e1lo ostr\u00e1. Ur\u010dit\u011b. Asi jako kdyby vr\u00e1tnej peskoval gener\u00e1ln\u00edho \u0159editele, \u017ee to d\u011bl\u00e1 blb\u011b.\u00a0 Divad\u00fdlko. Jako\u017ee ne diktatura trialogu, ale\u00a0<em>demogracie, py\u010do.<\/em>\u00a0Nicm\u00e9n\u011b hned se mi vybavilo jedno r\u010den\u00ed, kter\u00e9 jsme na vojn\u011b jako maz\u00e1ci \u010dasto pou\u017e\u00edvali, kdy\u017e mezi prvoro\u010d\u00e1ky kv\u016fli n\u011b\u010demu zavl\u00e1dla n\u00e1zorov\u00e1 nejednota: \u201e<em>Jen se jebte, pt\u00e1ci, p\u016fjdeme d\u0159\u00edv dom\u016f!<\/em>\u201c<\/p>\n<p><strong>Plha se hl\u00e1s\u00ed<\/strong><\/p>\n<p>Sen\u00e1tor \u010cunek se\u00a0<a href=\"https:\/\/www.idnes.cz\/zpravy\/domaci\/svetlana-cichanouska-pavel-fishcer-senat-jiri-cunek.A210611_114349_domaci_ajez\">\u010d\u00edl\u00ed<\/a>, \u017ee mu bylo zabr\u00e1n\u011bno zeptat se na cosi, co bohu\u017eel neup\u0159esnil, Vystr\u010dilovy b\u011blorusk\u00e9 Johanky z Arku. Proto\u017ee je chlap a pt\u00e1t se pr\u00fd mohly jen \u017eeny. Jak to bylo doopravdy netu\u0161\u00edm, ale zato v\u00edm p\u0159esn\u011b, na co bych se docela r\u00e1d zeptal on\u00e9 pan\u00ed j\u00e1. Z \u010deho v zahrani\u010d\u00ed \u017eijete a kdo financuje va\u0161e politick\u00e9 aktivity? A to ne proto, \u017ee bych byl rusk\u00fd agent a cht\u011bl kydat hn\u016fj, ale proto, \u017ee m\u011b to fakt zaj\u00edm\u00e1. To, co p\u0159edv\u00e1d\u00ed Tichanovsk\u00e1 toti\u017e nepochybn\u011b stoj\u00ed majlant. A j\u00e1 bych, \u010dist\u011b kv\u016fli celkov\u00e9mu obrazu, r\u00e1d v\u011bd\u011bl, komu stoj\u00ed zato ho investovat.<\/p>\n<p><strong>Z\u00e1hada<\/strong><\/p>\n<p>Pan Stoltenberg se nechal\u00a0<a href=\"https:\/\/www.irozhlas.cz\/zpravy-svet\/vztahy-s-ruskem-nato_2106112015_kuc\">sly\u0161et<\/a>, \u017ee \u201e<em>NATO m\u00e1 nejhor\u0161\u00ed vztahy s Ruskem od studen\u00e9 v\u00e1lky.<\/em>\u201c Ano, to je pravda. A NATO pro to ud\u011blalo v\u0161echno, co bylo v jeho sil\u00e1ch. V\u0161ak jen samotn\u00fd pan Stoltenberg se na dosa\u017een\u00ed tohoto stavu velice nad\u0159el.<\/p>\n<p><strong>\u010cernob\u00edl\u00e9 perli\u010dky ze z\u00e1mo\u0159\u00ed<\/strong><\/p>\n<p>Tohle je zaj\u00edmav\u00e9. V americk\u00e9m Kongresu\u00a0<a href=\"https:\/\/www.konzervativninoviny.cz\/nespravne-cerny-kongresman\/\">existuje<\/a>\u00a0klub, kter\u00fd nep\u0159ij\u00edm\u00e1 b\u00edl\u00e9, proto\u017ee jsou b\u00edl\u00ed, a ani \u010dern\u00e9, pokud nemaj\u00ed spr\u00e1vn\u00e9 politick\u00e9 n\u00e1zory. A abych se tohle dozv\u011bd\u011bl, musela ke mn\u011b informace doputovat dlouhou a trnitou cestou mimo m\u00e9dia hlavn\u00edho proudu. Ale nem\u00e1m s t\u00edm \u017e\u00e1dn\u00fd probl\u00e9m, ve svobodn\u00e9 zemi m\u00e1 ka\u017ed\u00fd m\u00edt pr\u00e1vo stanovit si podm\u00ednky \u010dlenstv\u00ed ve sv\u00e9m klubu jak\u00e9 jen chce. Ov\u0161em zkou\u0161\u00edm si z\u00e1rove\u0148 p\u0159edstavit, co by asi vypuklo, kdyby v americk\u00e9m Kongresu vznikl klub, kter\u00fd by nep\u0159ij\u00edmal \u010dern\u00e9.<\/p>\n<p><strong>Metr a p\u016fl ohleduplnosti<\/strong><\/p>\n<p>Pan poslanec Dol\u00ednek se v souvislosti s dopravou\u00a0<a href=\"https:\/\/www.irozhlas.cz\/zivotni-styl\/spolecnost\/rozestupy-automibil-cyklista_2106120011_kuc\">domn\u00edv\u00e1<\/a>, \u017ee ohleduplnost lze vynutit z\u00e1konem. J\u00e1 sice nejsem v tomto punktu p\u0159\u00edli\u0161 sm\u011broplatn\u00fd, nebo\u0165 pana poslance Dol\u00ednka pova\u017euji za nep\u0159ekonateln\u00e9ho kokota, ale p\u0159esto se vyslov\u00edm. Nelze. Ohleduplnost m\u00e1te bu\u010fto vrozenou, nebo ji z\u00edsk\u00e1te u\u010den\u00edm v procesu soci\u00e1ln\u00edho zr\u00e1n\u00ed. T\u0159eba tak, \u017ee ji do v\u00e1s natlu\u010dou rodi\u010de \u0159emenem. Tahle zem\u011b rozhodn\u011b nepot\u0159ebuje v\u00edc z\u00e1kon\u016f. Po\u010det blbc\u016f se t\u00edm toti\u017e nikdy nezmen\u0161\u00ed, ten je konstantn\u00ed. Pot\u0159ebuje pouze m\u00ed\u0148 Dol\u00ednk\u016f. Mimochodem, kolik cyklist\u016f zem\u0159e ro\u010dn\u011b proto, \u017ee je vozidlo m\u00edjelo ve vzd\u00e1lenosti metr t\u0159icet, jsem se nikde nedo\u010detl. Zato se\u00a0 ale\u00a0<a href=\"https:\/\/ct24.ceskatelevize.cz\/domaci\/3324812-tri-ctvrtiny-cyklistu-kteri-prisli-na-silnicich-o-zivot-vyjely-bez-prilby-policie\">do\u010d\u00edt\u00e1m<\/a>, \u017ee v\u00edce ne\u017e polovina cyklist\u016f nenos\u00ed p\u0159ilbu a t\u0159i \u010dtvrtiny mrtv\u00fdch cyklist\u016f m\u00e1 na sv\u011bdom\u00ed fakt, \u017ee ji nem\u011bli. A vy\u0159e\u0161it to m\u00e1 dudl\u00e1n\u00ed motorist\u016f. Bravo. Je\u0161t\u011b\u017ee m\u00e1me ten st\u00e1t, tohle \u0159e\u0161en\u00ed by n\u00e1s jinak fakt asi nenapadlo.<\/p>\n<p><strong>Jak jsme to nandali Putinovi<\/strong><\/p>\n<p>Novin\u00e1\u0159 Leschtina se v souvislosti s odjezdem posledn\u00edch vyho\u0161t\u011bn\u00fdch Rus\u016f\u00a0<a href=\"https:\/\/www.seznamzpravy.cz\/clanek\/komentar-cesky-policek-putinovi-156582\">raduje<\/a>, jak jsme to Putinovi nandali. Ano, to je jedna verze. A pak je tu je\u0161t\u011b ta, kter\u00e1 prav\u00ed, \u017ee jsme to Putinovi nenandali a pouze jsme si v z\u00e1chvatu sebevra\u017eedn\u00e9 servilnosti nasrali do bot. Kter\u00e1 z nich je pravdiv\u011bj\u0161\u00ed se z\u0159ejm\u011b brzo uk\u00e1\u017ee. Je\u0161t\u011b stoj\u00ed za zm\u00ednku, \u017ee pan Leschtina byl novin\u00e1\u0159em i p\u0159ed rokem 1989 a pracoval v redakci Mlad\u00e9 Fronty, novin\u00e1ch \u00dast\u0159edn\u00edho v\u00fdboru Socialistick\u00e9ho svazu ml\u00e1de\u017ee.<\/p>\n<p><strong>Vyb\u00edrejte jen d\u016fv\u011bryhodn\u00e9 zdroje<\/strong><\/p>\n<p>Jak obecn\u011b p\u0159istupovat k informac\u00edm m\u00e9di\u00ed napov\u00eddaj\u00ed dva \u010dl\u00e1nky zve\u0159ejn\u011bn\u00e9 ned\u00e1vno kr\u00e1tce po sob\u011b. 8. \u010dervna Seznam: \u201e<a href=\"https:\/\/www.seznamzpravy.cz\/clanek\/radost-z-nakupovani-kdy-se-cechum-vrati-166814#dop_ab_variant=0&amp;dop_source_zone_name=zpravy.sznhp.box&amp;dop_req_id=PNSSnk9eN1W-202106081931&amp;dop_id=166814&amp;source=hp&amp;seq_no=1&amp;utm_campaign=&amp;utm_medium=z-boxiku&amp;utm_source=www.seznam.cz\"><em>\u010ce\u0161i po lockdownu nenakupuj\u00ed\u2026<\/em><\/a>\u201c a 9. \u010dervna Novinky: \u201e<a href=\"https:\/\/www.novinky.cz\/ekonomika\/clanek\/cesi-se-vrhli-na-nakupy-bot-a-odevu-40362710#seq_no=3&amp;source=hp&amp;dop_id=40362710&amp;dop_ab_variant=0&amp;dop_req_id=9NQ4XYQhwtT-202106090505&amp;dop_source_zone_name=novinky.sznhp.box&amp;utm_campaign=&amp;utm_medium=z-boxiku&amp;utm_source=www.seznam.cz\"><em>\u010ce\u0161i se vrhli na n\u00e1kupy\u00a0 bot a od\u011bv\u016f.<\/em><\/a>\u201c Medi\u00e1ln\u00ed sv\u011bt v kostce.<\/p>\n<p><strong>Heil Greta!<\/strong><\/p>\n<p>\u201e<em>Do rybn\u00edk\u016f se po letech kone\u010dn\u011b vr\u00e1tila voda. Nasycenost p\u016fdy je dobr\u00e1,<\/em>\u201c zn\u00ed titulek\u00a0<a href=\"https:\/\/www.idnes.cz\/brno\/zpravy\/rybniky-voda-sucho-jizni-morava.A210608_611944_brno-zpravy_mls\">\u010dl\u00e1nku<\/a>\u00a0iDNESu o spoust\u011b vody v kraji jihomoravsk\u00e9m. Aha. To bude ur\u010dit\u011b t\u00edm velk\u00fdm suchem v d\u016fsledku glob\u00e1ln\u00edho oteplov\u00e1n\u00ed, kter\u00e9 je d\u016fsledkem vypou\u0161t\u011bn\u00ed emis\u00ed oxidu uhli\u010dit\u00e9ho. S p\u0159\u00edrodou a jej\u00edmi cykly to ur\u010dit\u011b nesouvis\u00ed. Heil Greta!<\/p>\n<p><strong>Mesi\u00e1\u0161 p\u0159ijde nap\u0159esrok<\/strong><\/p>\n<p>Bude\u00a0<a href=\"https:\/\/www.novinky.cz\/domaci\/clanek\/cesko-by-mohlo-mit-do-konce-pristiho-roku-zmocnence-vlady-pro-romy-40362398#dop_ab_variant=0&amp;dop_source_zone_name=novinky.sznhp.box&amp;dop_req_id=NgeTZUD41WX-202106051747&amp;dop_id=40362398&amp;source=hp&amp;seq_no=8&amp;utm_campaign=&amp;utm_medium=z-boxiku&amp;utm_source=www.seznam.cz\">z\u0159\u00edzen<\/a>\u00a0post vl\u00e1dn\u00edho zmocn\u011bnce pro romsk\u00e9 z\u00e1le\u017eitosti. Sice je to pod\u00e1v\u00e1no jako p\u0159\u00edchod mesi\u00e1\u0161e, kter\u00fd kone\u010dn\u011b prom\u011bn\u00ed vodu ve v\u00edno a p\u011bti rybami nasyt\u00ed do roku 2030 v\u0161ech 262 tis\u00edc Rom\u016f, ale j\u00e1 jsem po pades\u00e1ti letech zku\u0161enost\u00ed ze spole\u010dn\u00e9ho sou\u017eit\u00ed sp\u00ed\u0161e skeptick\u00fd. Tak\u017ee bohu\u017eel nevid\u00edm mesi\u00e1\u0161e, ale jen dal\u0161\u00ed hejno darmojed\u016f, co budou koordinovat, analyzovat a integrovat a jednou za rok n\u00e1m \u0159eknou, \u017ee za asoci\u00e1ln\u00ed romsk\u00fd \u017eivotn\u00ed styl a v\u0161echny jejich probl\u00e9my m\u016f\u017eeme v\u00fdhradn\u011b my.<\/p>\n<p>BY\u00a0<a title=\"P\u0159\u00edsp\u011bvky od Lu Lina\" href=\"http:\/\/nonserviam.cz\/author\/admin\/\" rel=\"author\">LU LINA<\/a><\/p>\n<p><a href=\"http:\/\/nonserviam.cz\/medialni-hovinka-l\/\">ZDROJ<\/a><\/p>\n<p>&nbsp;<\/p>\n","protected":false},"excerpt":{"rendered":"<p>Joe Biden: \u201eEU je neskute\u010dn\u011b siln\u00e1 a \u017eivotem pulzuj\u00edc\u00ed organizace.\u201c Tak, a je to ofici\u00e1ln\u011b&#8230;<\/p>\n","protected":false},"author":2,"featured_media":1062,"comment_status":"closed","ping_status":"closed","sticky":false,"template":"","format":"standard","meta":[],"categories":[6],"tags":[640,641,29,102],"_links":{"self":[{"href":"https:\/\/www.infokuryr.cz\/n\/wp-json\/wp\/v2\/posts\/2560"}],"collection":[{"href":"https:\/\/www.infokuryr.cz\/n\/wp-json\/wp\/v2\/posts"}],"about":[{"href":"https:\/\/www.infokuryr.cz\/n\/wp-json\/wp\/v2\/types\/post"}],"author":[{"embeddable":true,"href":"https:\/\/www.infokuryr.cz\/n\/wp-json\/wp\/v2\/users\/2"}],"replies":[{"embeddable":true,"href":"https:\/\/www.infokuryr.cz\/n\/wp-json\/wp\/v2\/comments?post=2560"}],"version-history":[{"count":0,"href":"https:\/\/www.infokuryr.cz\/n\/wp-json\/wp\/v2\/posts\/2560\/revisions"}],"wp:featuredmedia":[{"embeddable":true,"href":"https:\/\/www.infokuryr.cz\/n\/wp-json\/wp\/v2\/media\/1062"}],"wp:attachment":[{"href":"https:\/\/www.infokuryr.cz\/n\/wp-json\/wp\/v2\/media?parent=2560"}],"wp:term":[{"taxonomy":"category","embeddable":true,"href":"https:\/\/www.infokuryr.cz\/n\/wp-json\/wp\/v2\/categories?post=2560"},{"taxonomy":"post_tag","embeddable":true,"href":"https:\/\/www.infokuryr.cz\/n\/wp-json\/wp\/v2\/tags?post=2560"}],"curies":[{"name":"wp","href":"https:\/\/api.w.org\/{rel}","templated":true}]}}