{"id":2557,"date":"2021-06-16T04:05:17","date_gmt":"2021-06-16T02:05:17","guid":{"rendered":"http:\/\/www.infokuryr.cz\/n\/?p=2557"},"modified":"2021-06-16T04:06:52","modified_gmt":"2021-06-16T02:06:52","slug":"predseda-ep-vyzval-clenske-zeme-k-prijeti-odpovednosti-za-imigranty","status":"publish","type":"post","link":"https:\/\/www.infokuryr.cz\/n\/2021\/06\/16\/predseda-ep-vyzval-clenske-zeme-k-prijeti-odpovednosti-za-imigranty\/","title":{"rendered":"P\u0159edseda EP vyzval \u010dlensk\u00e9 zem\u011b k &#8222;p\u0159ijet\u00ed odpov\u011bdnosti&#8220; za imigranty"},"content":{"rendered":"<div id=\"fb-root\"><\/div>\n<p>St\u00e1le stejn\u00e1 p\u00edsni\u010dka. Invence evropsk\u00fdch politik\u016f tv\u00e1\u0159\u00ed v tv\u00e1\u0159 urputn\u00e9 masov\u00e9 imigraci je v konc\u00edch.<\/p>\n<p>P\u0159edseda Evropsk\u00e9ho parlamentu, Ital, David-Maria Sassoli v\u010dera na II. Meziparlamentn\u00ed konferenci na nejvy\u0161\u0161\u00ed \u00farovni o imigraci a azylu v Evrop\u011b op\u011bt vyzval \u010dlensk\u00e9 zem\u011b ke &#8222;zho\u0161t\u011bn\u00ed se odpov\u011bdnosti&#8220; za imigranty ve St\u0159edomo\u0159\u00ed, a nenech\u00e1vali v\u0161echno na neziskovk\u00e1ch. Zaujmout &#8222;solid\u00e1rn\u00ed koordinovan\u00fd p\u0159\u00edstup se z\u0159etelem na lidsk\u00e1 pr\u00e1va s respektem k \u017eivotn\u00edm p\u0159\u00edb\u011bh\u016fm imigrant\u016f&#8220;, stanovit jednotn\u00e1 krit\u00e9ria pro vstup a pobyt imigrant\u016f, k\u00e1zal Sassoli d\u00e1le.<\/p>\n<p>Tak tohle ov\u0161em nikam nepovede, v\u00e1\u017een\u00fd pane p\u0159edsedo. U n\u00e1s oto\u010dili u\u017e i pir\u00e1ti. Nev\u00edte-li u\u017e kudy kam, rezignujte na svou funkci a jd\u011bte dom\u016f, postr\u00e1dat V\u00e1s nebudeme. Takov\u00e9to pr\u016fpov\u00eddky jen motivuj\u00ed dal\u0161\u00ed a dal\u0161\u00ed imigraci, kterou Evropa u\u017e te\u010f d\u00e1vno nezvl\u00e1d\u00e1.<\/p>\n<p>Kdo ale neust\u00e1le podporuje otev\u0159en\u011bj\u0161\u00ed imigraci do Evropy i Ameriky, je ofici\u00e1ln\u00ed venezuelsk\u00e1 televize TeleSUR (obdoba \u010cT) stoj\u00edc\u00ed na stran\u011b vl\u00e1dy prezidenta Nicol\u00e1se Madura. Koho tedy vlastn\u011b reprezentuje p. Sassoli, kdy\u017e jeho intence a agendu velmi ochotn\u011b promulguje Madurova teleSUR?<\/p>\n<p><a href=\"https:\/\/observador.pt\/2021\/06\/14\/parlamento-europeu-pede-que-estados-assumam-responsabilidade-nas-migracoes\/\">ZDROJ<\/a><\/p>\n<p>&nbsp;<\/p>\n","protected":false},"excerpt":{"rendered":"<p>St\u00e1le stejn\u00e1 p\u00edsni\u010dka. Invence evropsk\u00fdch politik\u016f tv\u00e1\u0159\u00ed v tv\u00e1\u0159 urputn\u00e9 masov\u00e9 imigraci je v konc\u00edch&#8230;.<\/p>\n","protected":false},"author":2,"featured_media":2559,"comment_status":"closed","ping_status":"closed","sticky":false,"template":"","format":"standard","meta":[],"categories":[7],"tags":[41,292,119],"_links":{"self":[{"href":"https:\/\/www.infokuryr.cz\/n\/wp-json\/wp\/v2\/posts\/2557"}],"collection":[{"href":"https:\/\/www.infokuryr.cz\/n\/wp-json\/wp\/v2\/posts"}],"about":[{"href":"https:\/\/www.infokuryr.cz\/n\/wp-json\/wp\/v2\/types\/post"}],"author":[{"embeddable":true,"href":"https:\/\/www.infokuryr.cz\/n\/wp-json\/wp\/v2\/users\/2"}],"replies":[{"embeddable":true,"href":"https:\/\/www.infokuryr.cz\/n\/wp-json\/wp\/v2\/comments?post=2557"}],"version-history":[{"count":0,"href":"https:\/\/www.infokuryr.cz\/n\/wp-json\/wp\/v2\/posts\/2557\/revisions"}],"wp:featuredmedia":[{"embeddable":true,"href":"https:\/\/www.infokuryr.cz\/n\/wp-json\/wp\/v2\/media\/2559"}],"wp:attachment":[{"href":"https:\/\/www.infokuryr.cz\/n\/wp-json\/wp\/v2\/media?parent=2557"}],"wp:term":[{"taxonomy":"category","embeddable":true,"href":"https:\/\/www.infokuryr.cz\/n\/wp-json\/wp\/v2\/categories?post=2557"},{"taxonomy":"post_tag","embeddable":true,"href":"https:\/\/www.infokuryr.cz\/n\/wp-json\/wp\/v2\/tags?post=2557"}],"curies":[{"name":"wp","href":"https:\/\/api.w.org\/{rel}","templated":true}]}}