{"id":25560,"date":"2023-04-03T09:01:57","date_gmt":"2023-04-03T07:01:57","guid":{"rendered":"http:\/\/www.infokuryr.cz\/n\/?p=25560"},"modified":"2023-04-03T09:01:57","modified_gmt":"2023-04-03T07:01:57","slug":"na-ukrajine-je-zrusena-svoboda-vyznani","status":"publish","type":"post","link":"https:\/\/www.infokuryr.cz\/n\/2023\/04\/03\/na-ukrajine-je-zrusena-svoboda-vyznani\/","title":{"rendered":"Na Ukrajin\u011b je zru\u0161ena svoboda vyzn\u00e1n\u00ed"},"content":{"rendered":"<div id=\"fb-root\"><\/div>\n<div><span style=\"font-size: 18pt;\"><strong>Na Ukrajin\u011b je rusk\u00e1 pravoslavn\u00e1 c\u00edrkev zak\u00e1z\u00e1na a jej\u00ed kostely jsou okupov\u00e1ny nebo zapalov\u00e1ny.\u00a0S v\u011b\u0159\u00edc\u00edmi a kn\u011b\u017e\u00edmi, kte\u0159\u00ed vzdoruj\u00ed, je \u0161patn\u011b zach\u00e1zeno.<\/strong><\/span><\/div>\n<div class=\"article__content\">\n<p><span>Lidsk\u00e1 pr\u00e1va uzn\u00e1van\u00e1 na Z\u00e1pad\u011b pova\u017euj\u00ed svobodu vyzn\u00e1n\u00ed za \u00fast\u0159edn\u00ed lidsk\u00e9 pr\u00e1vo.\u00a0Dne\u0161n\u00ed Ukrajina, kterou ovl\u00e1d\u00e1\u00a0<\/span><a href=\"https:\/\/www.anti-spiegel.ru\/2023\/keine-nazis-selensky-benennt-ukrainische-brigade-nach-nazi-einheit\/\" target=\"_blank\" rel=\"noreferrer noopener\"><span>neonacistick\u00fd re\u017eim v Kyjev\u011b,<\/span><\/a><span>\u00a0vid\u00ed v\u011bci jinak a dokonce ji podporuj\u00ed z\u00e1padn\u00ed m\u00e9dia.\u00a0Die Welt otev\u0159en\u011b p\u00ed\u0161e, \u017ee konfiskace Kyjevskope\u010dersk\u00e9 l\u00e1vry, kter\u00e1 je posv\u00e1tn\u00e1 pro pravoslav\u00ed, nen\u00ed poru\u0161en\u00edm n\u00e1bo\u017eensk\u00e9 svobody.\u00a0Der Spiegel publikoval\u00a0dlouh\u00fd \u010dl\u00e1nek s titulkem \u201e\u00a0<\/span><a href=\"https:\/\/www.spiegel.de\/ausland\/ukraine-und-der-kirchenstreit-streit-um-das-kiewer-hoehlenkloster-a-af25b8ed-d774-45a8-bbbb-ddcda1898134\" target=\"_blank\" rel=\"noreferrer noopener\"><span>Spor o Kyjevskope\u010derskou l\u00e1vru \u2013 Zelenskyj boj s \u201emoskevsk\u00fdmi kn\u011b\u017e\u00edmi\u201c , kter\u00fd tak\u00e9 ukazuje pln\u00e9 pochopen\u00ed pro barbarsk\u00e1 opat\u0159en\u00ed p\u0159ijat\u00e1 ukrajinskou vl\u00e1dou.<\/span><\/a><\/p>\n<p><span>Citace a od\u016fvodn\u011bn\u00ed jsou ve v\u0161ech t\u011bchto \u010dl\u00e1nc\u00edch v\u017edy stejn\u00e9: Proto\u017ee je to proti rusk\u00e9 pravoslavn\u00e9 c\u00edrkvi, je chov\u00e1n\u00ed Kyjeva, kter\u00fd zcela poru\u0161uje v\u0161echna pravidla lidsk\u00fdch pr\u00e1v a n\u00e1bo\u017eensk\u00e9 svobody, kter\u00e1 plat\u00ed na Z\u00e1pad\u011b, jaksi v po\u0159\u00e1dku.\u00a0Nebo dokonce vylo\u017een\u011b po splatnosti.\u00a0Ale potla\u010den\u00ed cel\u00e9 n\u00e1bo\u017eensk\u00e9 komunity, kter\u00e1 nav\u00edc zastupuje drtivou v\u011bt\u0161inu ukrajinsk\u00fdch v\u011b\u0159\u00edc\u00edch, rozhodn\u011b nen\u00ed \u00fadajn\u011b nic \u0161patn\u00e9ho.<\/span><\/p>\n<p><span>Jin\u00fdmi slovy, lidsk\u00e9 pr\u00e1vo na svobodu vyzn\u00e1n\u00ed se nevztahuje na Rusy a lidi, kte\u0159\u00ed vyzn\u00e1vaj\u00ed v\u00edru rusk\u00e9ho pravoslav\u00ed.\u00a0Stejn\u011b jako jin\u00e1 lidsk\u00e1 pr\u00e1va p\u0159ed nimi, nap\u0159\u00edklad svoboda cestov\u00e1n\u00ed, kter\u00e1 m\u011bla b\u00fdt Rus\u016fm odebr\u00e1na faktick\u00fdm uzav\u0159en\u00edm hranic na Z\u00e1pad\u011b.\u00a0Nebo svoboda slova, kdy se ru\u0161t\u00ed sportovci a um\u011blci, kte\u0159\u00ed cht\u011bj\u00ed sout\u011b\u017eit nebo vystupovat na Z\u00e1pad\u011b, mus\u00ed nejprve nahlas a jasn\u011b omluvit za politiku sv\u00e9 vl\u00e1dy.<\/span><\/p>\n<p><span>Ale to jsem odbo\u010dil.\u00a0Podle o\u010dek\u00e1v\u00e1n\u00ed se situace v Pe\u010dersk\u00e9 l\u00e1v\u0159e, o kter\u00e9 jsem\u00a0<\/span><a href=\"https:\/\/www.anti-spiegel.ru\/2023\/die-unterdrueckung-der-religionsfreiheit-in-der-ukraine\/\" target=\"_blank\" rel=\"noreferrer noopener\"><span>ji\u017e informoval<\/span><\/a><span>\u00a0, nad\u00e1le zhor\u0161uje.\u00a0Na nejv\u00fdznamn\u011bj\u0161\u00edho pastora kl\u00e1\u0161tera nyn\u00ed ukrajinsk\u00fd soud uvalil dom\u00e1c\u00ed v\u011bzen\u00ed a kl\u00e1\u0161ter m\u00e1 b\u00fdt p\u0159evzat n\u00e1sil\u00edm.\u00a0Policie se dr\u017eela zp\u00e1tky, aby si neu\u0161pinila ruce, <strong>m\u00edsto toho se do kl\u00e1\u0161tera sj\u00ed\u017ed\u011bj\u00ed radik\u00e1lov\u00e9 s nacistick\u00fdm tetov\u00e1n\u00edm, kte\u0159\u00ed podle z\u00e1padn\u00edch v\u00fdklad\u016f na Ukrajin\u011b ani neexistuj\u00ed<\/strong>.<\/span><\/p>\n<p><span>Rusk\u00e1 televize informovala o zhor\u0161en\u00ed situace ve sv\u00e9m t\u00fddenn\u00edm p\u0159ehledu zpr\u00e1v a j\u00e1 jsem\u00a0<\/span><a href=\"https:\/\/vesti7.ru\/video\/2590679\/episode\/02-04-2023\/\" target=\"_blank\" rel=\"noreferrer noopener\"><span>ruskou zpr\u00e1vu<\/span><\/a><span>\u00a0p\u0159elo\u017eil .<\/span><\/p>\n<p><em><strong>Za\u010d\u00e1tek p\u0159ekladu:<\/strong><\/em><\/p>\n<h3><span style=\"font-size: 18pt;\">Jak byla s\u0165ata Kyjevsko-pe\u010dersk\u00e1 l\u00e1vra<\/span><\/h3>\n<p><span>Opat Kyjevsko-pe\u010dersk\u00e9 l\u00e1vry vladyka Pavel byl um\u00edst\u011bn do dom\u00e1c\u00edho v\u011bzen\u00ed. Kyjevsk\u00fd re\u017eim metropolitu obvi\u0148uje z \u201evytv\u00e1\u0159en\u00ed mezin\u00e1bo\u017eensk\u00fdch spor\u016f\u201c.\u00a0Ve skute\u010dnosti se p\u0159ipravuje skute\u010dn\u00e9 z\u00fa\u010dtov\u00e1n\u00ed.<\/span><\/p>\n<p><span>Michail Podoliak, poradce vedouc\u00edho kancel\u00e1\u0159e Vladim\u00edra Zelensk\u00e9ho, se sv\u00fdmi c\u00edli netaj\u00ed: \u201eNaskytla se jedine\u010dn\u00e1 p\u0159\u00edle\u017eitost, kdy \u0161lo v\u0161e vy\u0159e\u0161it velmi rychle a bezbolestn\u011b, a to v prvn\u00edch t\u0159ech a\u017e \u0161esti m\u011bs\u00edc\u00edch v\u00e1lky.\u00a0Tehdy bylo mo\u017en\u00e9 jen fyzicky zlikvidovat spoustu prorusk\u00fdch lid\u00ed;\u00a0dnes je to trochu slo\u017eit\u011bj\u0161\u00ed.\u00a0Ale znovu: \u201epon\u011bkud obt\u00ed\u017en\u011bj\u0161\u00ed\u201c neznamen\u00e1 \u201enemo\u017en\u00e9\u201c.\u00a0A pot\u0159ebujeme b\u00fdt pr\u00e1vn\u011b motivov\u00e1ni k tomu, abychom dnes tvrd\u011b \u0161li po t\u00e9to cest\u011b.\u201c<\/span><\/p>\n<p><span>N\u00e1sleduj\u00edc\u00ed report\u00e1\u017e z Ukrajiny pojedn\u00e1v\u00e1 o bitv\u011b o Pe\u010derskou l\u00e1vru, Kyjevsk\u00fd jeskynn\u00ed kl\u00e1\u0161ter.<\/span><\/p>\n<p><span>Kyjevsko-pe\u010dersk\u00e1 l\u00e1vra byla s\u0165ata. Opat otec\u00a0 Pavel dostal na dva m\u011bs\u00edce dom\u00e1c\u00ed v\u011bzen\u00ed. Je\u0161t\u011b v soudn\u00ed s\u00edni mu\u017ei, kter\u00fd trp\u00ed cukrovkou a m\u00e1 otekl\u00e9 nohy, co\u017e je zaznamen\u00e1no ve v\u0161ech l\u00e9ka\u0159sk\u00fdch dokumentech, navl\u00e9kne n\u00e1ramek na kotn\u00edk.\u00a0\u201eTakto se u n\u00e1s vypo\u0159\u00e1d\u00e1v\u00e1me s ne\u017e\u00e1douc\u00edmi lidmi,\u201c \u0159\u00edk\u00e1 duchovn\u00ed.<\/span><\/p>\n<p><span>Postup je maxim\u00e1ln\u011b poni\u017euj\u00edc\u00ed.\u00a0Soudn\u00ed p\u0159edvol\u00e1n\u00ed, odro\u010den\u00ed jedn\u00e1n\u00ed, hospitalizace, proto\u017ee star\u00fd metropolita onemocn\u011bl, a vynucen\u00e9 p\u0159edvol\u00e1n\u00ed zp\u011bt k soudu p\u0159\u00edmo z nemocnice.<\/span><\/p>\n<p><span>K rozhodnut\u00ed doch\u00e1z\u00ed v m\u00edst\u011b jeho registrace pobytu, co\u017e samoz\u0159ejm\u011b nen\u00ed v kl\u00e1\u0161te\u0159e, ale pades\u00e1t kilometr\u016f od Kyjeva, kde nen\u00ed s\u00ed\u0165, co\u017e fakticky znamen\u00e1 z\u00e1kaz komunikace s v\u011b\u0159\u00edc\u00edmi.<\/span><\/p>\n<p><span>To, co se nyn\u00ed d\u011bje v okol\u00ed kl\u00e1\u0161tera, nelze ozna\u010dit jinak ne\u017e \u010darod\u011bjnick\u00fdm sabatem.\u00a0P\u0159ed Kyjevsko-pe\u010derskou l\u00e1vrou cht\u011bl mnich pokropit \u00fato\u010dn\u00edky sv\u011bcenou vodou, aby je uklidnil, ale napadli ho klackem.\u00a0A hned bylo jasn\u00e9 pro\u010d: provokat\u00e9r m\u011bl na \u010dele tetov\u00e1n\u00ed \u201eThor\u201c, to je b\u016fh seversk\u00e9 mytologie, kter\u00fd nem\u00e1 nic spole\u010dn\u00e9ho s pravoslav\u00edm.\u00a0Dal\u0161\u00ed m\u00e1 na ruk\u00e1vu odznak prav\u00e9ho sektoru.\u00a0Tento m\u00e1 na sv\u00e9m chr\u00e1mu n\u00e1pis \u201eWalhalla\u201c.\u00a0A tenhle m\u00e1 na h\u0159betu ruky obr\u00e1cen\u00fd h\u00e1kov\u00fd k\u0159\u00ed\u017e.<\/span><\/p>\n<figure class=\"wp-block-gallery columns-3 is-cropped\">\n<ul class=\"blocks-gallery-grid\">\n<li class=\"blocks-gallery-item\">\n<figure><img decoding=\"async\" loading=\"lazy\" class=\"wp-image-30218\" src=\"https:\/\/www.anti-spiegel.ru\/wp-content\/uploads\/2023\/04\/Bild_2023-04-03_051324588.png\" sizes=\"(max-width: 1366px) 100vw, 1366px\" srcset=\"https:\/\/www.anti-spiegel.ru\/wp-content\/uploads\/2023\/04\/Bild_2023-04-03_051324588.png 1366w, https:\/\/www.anti-spiegel.ru\/wp-content\/uploads\/2023\/04\/Bild_2023-04-03_051324588-768x432.png 768w\" alt=\"\" width=\"1366\" height=\"768\" data-id=\"30218\" data-link=\"https:\/\/www.anti-spiegel.ru\/?attachment_id=30218\" \/><\/figure>\n<\/li>\n<li class=\"blocks-gallery-item\">\n<figure><img decoding=\"async\" loading=\"lazy\" class=\"wp-image-30219\" src=\"https:\/\/www.anti-spiegel.ru\/wp-content\/uploads\/2023\/04\/Bild_2023-04-03_051410120.png\" sizes=\"(max-width: 1366px) 100vw, 1366px\" srcset=\"https:\/\/www.anti-spiegel.ru\/wp-content\/uploads\/2023\/04\/Bild_2023-04-03_051410120.png 1366w, https:\/\/www.anti-spiegel.ru\/wp-content\/uploads\/2023\/04\/Bild_2023-04-03_051410120-768x432.png 768w\" alt=\"\" width=\"1366\" height=\"768\" data-id=\"30219\" data-link=\"https:\/\/www.anti-spiegel.ru\/?attachment_id=30219\" \/><\/figure>\n<\/li>\n<li class=\"blocks-gallery-item\">\n<figure><img decoding=\"async\" loading=\"lazy\" class=\"wp-image-30221\" src=\"https:\/\/www.anti-spiegel.ru\/wp-content\/uploads\/2023\/04\/Bild_2023-04-03_051550987.png\" sizes=\"(max-width: 1366px) 100vw, 1366px\" srcset=\"https:\/\/www.anti-spiegel.ru\/wp-content\/uploads\/2023\/04\/Bild_2023-04-03_051550987.png 1366w, https:\/\/www.anti-spiegel.ru\/wp-content\/uploads\/2023\/04\/Bild_2023-04-03_051550987-768x432.png 768w\" alt=\"\" width=\"1366\" height=\"768\" data-id=\"30221\" data-full-url=\"https:\/\/www.anti-spiegel.ru\/wp-content\/uploads\/2023\/04\/Bild_2023-04-03_051550987.png\" data-link=\"https:\/\/www.anti-spiegel.ru\/?attachment_id=30221\" \/><\/figure>\n<\/li>\n<\/ul>\n<\/figure>\n<p><strong><span style=\"font-size: 18pt;\">Tato sc\u00e9na je symbolick\u00e1: \u017eena kle\u010d\u00edc\u00ed a modl\u00edc\u00ed se na ulici, zat\u00edmco kolem n\u00ed krou\u017e\u00ed provokat\u00e9\u0159i \u2013 ti, kte\u0159\u00ed to vid\u011bli, to okam\u017eit\u011b nazvali d\u00e9monick\u00fdm tancem.<\/span><\/strong><\/p>\n<figure class=\"wp-block-image size-large\"><img decoding=\"async\" loading=\"lazy\" class=\"wp-image-30222\" src=\"https:\/\/www.anti-spiegel.ru\/wp-content\/uploads\/2023\/04\/Bild_2023-04-03_051644117.png\" sizes=\"(max-width: 1366px) 100vw, 1366px\" srcset=\"https:\/\/www.anti-spiegel.ru\/wp-content\/uploads\/2023\/04\/Bild_2023-04-03_051644117.png 1366w, https:\/\/www.anti-spiegel.ru\/wp-content\/uploads\/2023\/04\/Bild_2023-04-03_051644117-768x432.png 768w\" alt=\"\" width=\"1366\" height=\"768\" \/><\/figure>\n<p><span>V\u011b\u0159\u00edc\u00ed jsou klidn\u00ed a vyrovnan\u00ed.\u00a0Tradi\u010dn\u00ed ned\u011bln\u00ed bohoslu\u017eba se kon\u00e1 v kostele.\u00a0A venku, na ulic\u00edch, tuto slu\u017ebu podporuj\u00ed tis\u00edce lid\u00ed, od mal\u00fdch po velk\u00e9.<\/span><\/p>\n<p><span>Metropolita Pavel, kter\u00fd se neb\u00e1l prezidenta Zelensk\u00e9ho, kter\u00fd celou v\u011bc dirigoval, a\u017e do v\u010derej\u0161ka ve\u0159ejn\u011b vyjad\u0159oval obecn\u00fd n\u00e1zor: <em><strong>\u201e\u0158\u00edk\u00e1m v\u00e1m, pane prezidente, a cel\u00e9mu va\u0161emu gangu, na\u0161e slzy na podlahu nepadnou.\u00a0V\u0161echny v\u00e1m padnou na hlavu.\u00a0Mysl\u00edte si, \u017ee to dok\u00e1\u017eete pot\u00e9, co jste se dostali k moci na na\u0161ich z\u00e1dech?\u00a0B\u016fh v\u00e1m a va\u0161\u00ed rodin\u011b neodpust\u00ed!\u201c<\/strong><\/em><\/span><\/p>\n<p><span>Ale nic z toho pro Zelensk\u00e9ho nen\u00ed d\u016fle\u017eit\u00e9: \u201eByl u\u010din\u011bn krok k pos\u00edlen\u00ed duchovn\u00ed nez\u00e1vislosti na\u0161eho st\u00e1tu, k ochran\u011b na\u0161\u00ed spole\u010dnosti p\u0159ed prastarou a cynickou manipulac\u00ed n\u00e1bo\u017eenstv\u00ed ze strany Moskvy. Ukrajina je oblast\u00ed s nejv\u011bt\u0161\u00ed n\u00e1bo\u017eenskou svobodou v na\u0161\u00ed \u010d\u00e1sti Evropy,\u201c \u0159ekl.<\/span><\/p>\n<p><span>Plat\u00ed to t\u00edm sp\u00ed\u0161e, \u017ee Z\u00e1pad dlouhodob\u011b projevuje shov\u00edvavost ke v\u0161em ukrajinsk\u00fdm zlo\u010din\u016fm.\u00a0\u201eWelt\u201c p\u00ed\u0161e: \u201eNen\u00ed tedy poru\u0161en\u00edm n\u00e1bo\u017eensk\u00e9 svobody, \u017ee ukrajinsk\u00e1 vl\u00e1da odebrala Kyjevsk\u00fd jeskynn\u00ed kl\u00e1\u0161ter rusk\u00e9 pravoslavn\u00e9 c\u00edrkvi a dala jej ukrajinsk\u00e9 pravoslavn\u00e9 c\u00edrkvi.\u00a0\u017d\u00e1dn\u00e1 svoboda pro nep\u0159\u00e1tele svobody neplat\u00ed ani v tomto p\u0159\u00edpad\u011b.\u00a0Bez ohledu na to, jak hlasit\u011b Kreml k\u0159i\u010d\u00ed.&#8220;<\/span><\/p>\n<p><span>A je m\u00e1lo platn\u00e9, \u017ee jsou nov\u00e1\u010dci leg\u00e1ln\u011b p\u0159ipraveni.\u00a0\u201ePolicie zde nem\u016f\u017ee jednat, proto\u017ee pro to neexistuje pr\u00e1vn\u00ed z\u00e1klad.\u00a0Tohle je svatyn\u011b, mo\u017en\u00e1 29. je posledn\u00ed den.\u00a0Jen jsi ne\u0159ekl, kter\u00fd rok.\u00a0Smlouva vypr\u0161\u00ed 29. b\u0159ezna 2049,\u201c \u0159ekl biskup Kliment, vedouc\u00ed synodn\u00edho odd\u011blen\u00ed pro informace a styk s ve\u0159ejnost\u00ed kanonick\u00e9 Ukrajinsk\u00e9 pravoslavn\u00e9 c\u00edrkve.<\/span><\/p>\n<p><span>Jsou organizovan\u00ed, v kostelech jsou nep\u0159etr\u017eit\u011b ve slu\u017eb\u011b farn\u00edci, jejich\u017e po\u010det se m\u016f\u017ee v p\u0159\u00edpad\u011b nouze mnohon\u00e1sobn\u011b zv\u00fd\u0161it.\u00a0Vl\u00e1da cht\u011bla v\u0161e prezentovat jako spor mezi ekonomick\u00fdmi subjekty &#8211; muzeem a kl\u00e1\u0161terem &#8211; a dokonce p\u0159i\u0161la komise ministerstva kultury, aby p\u0159evzala c\u00edrkevn\u00ed majetek, ale do kl\u00e1\u0161tera nesm\u011bli, v\u011b\u0159\u00edc\u00ed je nevpustili.<\/span><\/p>\n<p><span>&#8222;Dostali jsme kl\u00ed\u010de, ale ke \u0161patn\u00fdm dve\u0159\u00edm.&#8220;\u00a0Dnes jsme se znovu pokusili zah\u00e1jit pr\u00e1ci Komise.\u00a0Ale zabr\u00e1nili n\u00e1m v tom nezn\u00e1m\u00ed lid\u00e9 v tal\u00e1rech,\u201c \u0159ekla Mariana Tominov\u00e1, vedouc\u00ed odboru Ministerstva kultury a informa\u010dn\u00ed politiky Ukrajiny.<\/span><\/p>\n<p><span>L\u00e1vru m\u00e1 dostat schizmatick\u00e1 Ukrajinsk\u00e1 pravoslavn\u00e1 c\u00edrkev, o n\u00ed\u017e maj\u00ed pravoslavn\u00ed v\u011b\u0159\u00edc\u00ed ji\u017e dlouho sv\u016fj n\u00e1zor: \u201ePod\u00edvejte se na pokr\u00fdvku hlavy tohoto Epiphanie! Je opravdu ortodoxn\u00ed?\u00a0Jsou to schizmatici, zrazuj\u00ed ortodoxii!\u201c<\/span><\/p>\n<p><span>V\u016fdce disident\u016f Epiphanius Dumenko toti\u017e nos\u00ed z\u00e1padn\u00ed pokr\u00fdvku hlavy a v ji\u017e p\u0159evzat\u00fdch kostelech se \u010dasto prov\u00e1d\u011bj\u00ed podivn\u00e9 akce.\u00a0Ukrajinsk\u00e9 \u00fa\u0159ady jsou nep\u0159ekonateln\u00e9, pokud jde o rouh\u00e1n\u00ed.<\/span><\/p>\n<p><span>\u201eChci v\u00e1m p\u0159ipomenout, \u017ee kdy\u017e \u0159\u00edk\u00e1te, \u017ee v\u0161echno, co se d\u011bje, je Bo\u017e\u00ed ruka, pamatujte, \u017ee je to tak\u00e9 Bo\u017e\u00ed ruka, kter\u00e1 d\u011bl\u00e1 to, co se tam dnes d\u011bje.\u00a0Neodporujte Bohu, B\u016fh rozhodl, \u017ee byste m\u011bli toto m\u00edsto opustit 29. b\u0159ezna,\u201c \u0159ekl tajemn\u00edk ukrajinsk\u00e9 bezpe\u010dnostn\u00ed rady Alexej Danilov.<\/span><\/p>\n<p><span>Byla nab\u00eddnuta zrada, p\u0159eveden\u00ed do schizmatick\u00e9 ukrajinsk\u00e9 pravoslavn\u00e9 c\u00edrkve.\u00a0Lichotilo to ale pouze jednomu mnichovi, Archimandrite Avraamymu, kter\u00e9mu \u00fa\u0159ady sl\u00edbily, \u017ee p\u0159evezme veden\u00ed kl\u00e1\u0161tera.\u00a0&#8222;Vid\u00edm Bo\u017e\u00ed proz\u0159etelnost v tom, co se d\u011bje, a povzbuzen\u00ed pro n\u00e1s v\u0161echny, abychom p\u0159ijali novou kanonickou realitu,&#8220; \u0159ekl Avraamy.\u00a0Byl okam\u017eit\u011b exkomunikov\u00e1n z \u00fa\u0159adu a ze svat\u00e9ho p\u0159ij\u00edm\u00e1n\u00ed.<\/span><\/p>\n<p><span>Komise OSN pro lidsk\u00e1 pr\u00e1va u\u017e zvon\u00ed na poplach: \u201eSBU provedla prohl\u00eddky (n\u011bkter\u00e9 z nich byly ozna\u010deny jako \u201ebezpe\u010dnostn\u00ed opat\u0159en\u00ed\u201c) v n\u011bkolika kl\u00e1\u0161terech, \u00fa\u0159adech a vzd\u011bl\u00e1vac\u00edch instituc\u00edch Ukrajinsk\u00e9 pravoslavn\u00e9 c\u00edrkve.\u00a0\u00da\u0159edn\u00edci SBU vyslechli n\u011bkolik duchovn\u00edch pomoc\u00ed detektoru l\u017ei.\u00a0Opat\u0159en\u00ed vl\u00e1dy proti kanonick\u00e9 ukrajinsk\u00e9 pravoslavn\u00e9 c\u00edrkvi jsou\u00a0<\/span><em><span>diskrimina\u010dn\u00ed<\/span><\/em><span>\u00a0.<\/span><\/p>\n<p><span>K\u0159es\u0165an\u0161t\u00ed hierarchov\u00e9 po cel\u00e9m sv\u011bt\u011b \u2013 v Srbsku, Gruzii, Arm\u00e9nii \u2013 vystupuj\u00ed na podporu Bratrstva Kyjevskope\u010dersk\u00e9 l\u00e1vry.\u00a0Mni\u0161i jsou odhodl\u00e1ni bojovat a\u017e do konce.<\/span><\/p>\n<p><span>\u201eZ rozhovor\u016f s bratry v\u00edm, \u017ee n\u011bkte\u0159\u00ed pod veden\u00edm biskupa Pavla z\u016fstanou v kl\u00e1\u0161te\u0159e a\u017e do konce.\u00a0Zabarik\u00e1duj\u00ed se tam a nikam nep\u016fjdou.\u00a0Pot\u00e9 je to na vl\u00e1d\u011b, mohou radik\u00e1ly infiltrovat a vytla\u010dit je ven,\u201c \u0159ekl arcikn\u011bz Andrej Pavlenko, rektor lysy\u010dansk\u00e9 katedr\u00e1ly sv. Tichvina.<\/span><\/p>\n<p><span>To je na Ukrajin\u011b b\u011b\u017en\u00e1 praxe.\u00a0Funguje to i pro men\u0161\u00ed komunity: radik\u00e1lov\u00e9 v k\u00e1p\u00edch vyhnali kn\u011bze z jedin\u00e9 pravoslavn\u00e9 c\u00edrkve v pou\u017eit\u00ed kanystr\u016f se slzn\u00fdm plynem.\u00a0A kostely, jejich\u017e duchovn\u00ed jsou tvrdohlav\u011bj\u0161\u00ed, jsou prost\u011b vyp\u00e1leny, jako kostel Na p\u0159\u00edmluvu Panny Marie u Ternopolu.<\/span><\/p>\n<p><span>\u201eVejdete do kostela, usly\u0161\u00edte moskevsk\u00e9 k\u00e1z\u00e1n\u00ed \u2013 to je ono, m\u016f\u017eete to zap\u00e1lit.\u00a0Klidn\u011b to ud\u011blejte, ohe\u0148 je v takov\u00fdch p\u0159\u00edpadech norm\u00e1ln\u00ed.\u00a0Takhle byste m\u011bli jednat s kurn\u00edky, kter\u00fdm \u0159\u00edkaj\u00ed kostely,\u201c \u0159\u00edk\u00e1 Dmitrij Kor\u010dinskij, jeden z nejopovr\u017een\u00edhodn\u011bj\u0161\u00edch ukrajinsk\u00fdch nacionalist\u016f.<\/span><\/p>\n<p><span>Voj\u00e1ci dnes vtrhli do pravoslavn\u00e9ho kostela v Chmelnyck\u00e9m a porvali se s kn\u011b\u017e\u00edmi.\u00a0A ve\u010der se tit\u00ed\u017e nacionalist\u00e9 shrom\u00e1\u017edili p\u0159ed zdmi kostela a zablokovali vchody a v\u00fdchody.<\/span><\/p>\n<p><span>V Kyjevskope\u010dersk\u00e9 l\u00e1v\u0159e jsou nyn\u00ed provokace na denn\u00edm po\u0159\u00e1dku.\u00a0Policie, \u00fa\u0159edn\u00edci a nacionalist\u00e9 d\u011blaj\u00ed v\u0161e pro to, aby na p\u0159\u00edkaz Zelensk\u00e9ho co nejrychleji p\u0159ipravili c\u00edrkev o hlavn\u00ed pravoslavnou svatyni.<\/span><\/p>\n<p><em><strong>konec p\u0159ekladu<\/strong><\/em><\/p>\n<p><a href=\"https:\/\/www.anti-spiegel.ru\/2023\/in-der-ukraine-wird-die-religionsfreiheit-abgeschafft\/\">Thomas R\u00f6per<\/a><\/p>\n<p><img decoding=\"async\" loading=\"lazy\" class=\"alignnone  wp-image-22016\" src=\"http:\/\/www.infokuryr.cz\/n\/wp-content\/uploads\/2023\/01\/Thomas-Roper-298x300.jpg\" alt=\"\" width=\"192\" height=\"193\" srcset=\"https:\/\/www.infokuryr.cz\/n\/wp-content\/uploads\/2023\/01\/Thomas-Roper-298x300.jpg 298w, https:\/\/www.infokuryr.cz\/n\/wp-content\/uploads\/2023\/01\/Thomas-Roper-150x150.jpg 150w, https:\/\/www.infokuryr.cz\/n\/wp-content\/uploads\/2023\/01\/Thomas-Roper.jpg 596w\" sizes=\"(max-width: 192px) 100vw, 192px\" \/><\/p>\n<\/div>\n<p>___________________<\/p>\n<p>&nbsp;<\/p>\n<p>&nbsp;<\/p>\n<p><img decoding=\"async\" loading=\"lazy\" class=\"wp-image-19187 aligncenter\" src=\"http:\/\/www.infokuryr.cz\/n\/wp-content\/uploads\/2022\/12\/1-PRO-300x36.jpg\" alt=\"\" width=\"1317\" height=\"158\" srcset=\"https:\/\/www.infokuryr.cz\/n\/wp-content\/uploads\/2022\/12\/1-PRO-300x36.jpg 300w, https:\/\/www.infokuryr.cz\/n\/wp-content\/uploads\/2022\/12\/1-PRO.jpg 699w\" sizes=\"(max-width: 1317px) 100vw, 1317px\" \/><\/p>\n<p>&nbsp;<\/p>\n<p>&nbsp;<\/p>\n<p>&nbsp;<\/p>\n<p><img decoding=\"async\" loading=\"lazy\" class=\"wp-image-24737 aligncenter\" src=\"http:\/\/www.infokuryr.cz\/n\/wp-content\/uploads\/2023\/03\/cesko_proti_bide2-239x300.png\" alt=\"\" width=\"830\" height=\"1042\" srcset=\"https:\/\/www.infokuryr.cz\/n\/wp-content\/uploads\/2023\/03\/cesko_proti_bide2-239x300.png 239w, https:\/\/www.infokuryr.cz\/n\/wp-content\/uploads\/2023\/03\/cesko_proti_bide2-816x1024.png 816w, https:\/\/www.infokuryr.cz\/n\/wp-content\/uploads\/2023\/03\/cesko_proti_bide2-768x964.png 768w, https:\/\/www.infokuryr.cz\/n\/wp-content\/uploads\/2023\/03\/cesko_proti_bide2.png 846w\" sizes=\"(max-width: 830px) 100vw, 830px\" \/><\/p>\n<p>&nbsp;<\/p>\n<p>&nbsp;<\/p>\n","protected":false},"excerpt":{"rendered":"<p>Na Ukrajin\u011b je rusk\u00e1 pravoslavn\u00e1 c\u00edrkev zak\u00e1z\u00e1na a jej\u00ed kostely jsou okupov\u00e1ny nebo zapalov\u00e1ny.\u00a0S v\u011b\u0159\u00edc\u00edmi&#8230;<\/p>\n","protected":false},"author":2,"featured_media":25561,"comment_status":"closed","ping_status":"closed","sticky":false,"template":"","format":"standard","meta":[],"categories":[7],"tags":[250,1757,26],"_links":{"self":[{"href":"https:\/\/www.infokuryr.cz\/n\/wp-json\/wp\/v2\/posts\/25560"}],"collection":[{"href":"https:\/\/www.infokuryr.cz\/n\/wp-json\/wp\/v2\/posts"}],"about":[{"href":"https:\/\/www.infokuryr.cz\/n\/wp-json\/wp\/v2\/types\/post"}],"author":[{"embeddable":true,"href":"https:\/\/www.infokuryr.cz\/n\/wp-json\/wp\/v2\/users\/2"}],"replies":[{"embeddable":true,"href":"https:\/\/www.infokuryr.cz\/n\/wp-json\/wp\/v2\/comments?post=25560"}],"version-history":[{"count":0,"href":"https:\/\/www.infokuryr.cz\/n\/wp-json\/wp\/v2\/posts\/25560\/revisions"}],"wp:featuredmedia":[{"embeddable":true,"href":"https:\/\/www.infokuryr.cz\/n\/wp-json\/wp\/v2\/media\/25561"}],"wp:attachment":[{"href":"https:\/\/www.infokuryr.cz\/n\/wp-json\/wp\/v2\/media?parent=25560"}],"wp:term":[{"taxonomy":"category","embeddable":true,"href":"https:\/\/www.infokuryr.cz\/n\/wp-json\/wp\/v2\/categories?post=25560"},{"taxonomy":"post_tag","embeddable":true,"href":"https:\/\/www.infokuryr.cz\/n\/wp-json\/wp\/v2\/tags?post=25560"}],"curies":[{"name":"wp","href":"https:\/\/api.w.org\/{rel}","templated":true}]}}