{"id":25543,"date":"2023-04-03T01:16:47","date_gmt":"2023-04-02T23:16:47","guid":{"rendered":"http:\/\/www.infokuryr.cz\/n\/?p=25543"},"modified":"2023-04-03T06:20:49","modified_gmt":"2023-04-03T04:20:49","slug":"v-usa-vladne-hluboky-rozkol-a-pomala-obcanska-valka","status":"publish","type":"post","link":"https:\/\/www.infokuryr.cz\/n\/2023\/04\/03\/v-usa-vladne-hluboky-rozkol-a-pomala-obcanska-valka\/","title":{"rendered":"V USA vl\u00e1dne hlubok\u00fd rozkol a pomal\u00e1 ob\u010dansk\u00e1 v\u00e1lka"},"content":{"rendered":"<div id=\"fb-root\"><\/div>\n<p><strong>Ve Spojen\u00fdch st\u00e1tech ji\u017e prob\u00edh\u00e1 pomal\u00e1 ob\u010dansk\u00e1 v\u00e1lka, co\u017e je zp\u016fsobeno t\u00edm, \u017ee za posledn\u00edch 30-40 let do\u0161lo k radik\u00e1ln\u00ed zm\u011bn\u011b rovnov\u00e1hy (v r\u00e1mci americk\u00e9 spole\u010dnosti &#8211; pozn. red.) ve prosp\u011bch barevn\u00fdch a jin\u00fdch men\u0161in.\u00a0V po\u0159adu \u201eSaturday Mardan\u201c to v ned\u011bli uvedl Dmitrij Mikheev, amerikanistick\u00fd politolog, kter\u00fd v minulosti p\u016fsobil v Hudsonov\u011b institutu v USA (Hudson Institute).<\/strong><\/p>\n<p>\u201eJestli\u017ee po stalet\u00ed anglosask\u00e1 elita ovl\u00e1dala Spojen\u00e9 st\u00e1ty, m\u011bla ve sv\u00fdch rukou pr\u016fmysl a mocensk\u00fd apar\u00e1t a v\u0161echny nepokoje otrok\u016f, indi\u00e1n\u016f a v\u0161emo\u017en\u00e9 pracovn\u00ed nepokoje byly potla\u010deny a zahn\u00e1ny do hlavn\u00edho proudu, nyn\u00ed tato b\u00edl\u00e1 v\u011bt\u0161ina je o n\u011bco m\u00e9n\u011b ne\u017e 60 % a nav\u00edc je velmi radik\u00e1ln\u011b rozd\u011blena na dv\u011b \u010d\u00e1sti \u2013 tak\u0159\u00edkaj\u00edc liber\u00e1ln\u011b-pokrokovou a konzervativn\u011b-k\u0159es\u0165anskou,\u201c poznamenal expert.<\/p>\n<p>Podle n\u011bj je \u201ekonzervativn\u011b-k\u0159es\u0165ansk\u00e1\u201c \u010d\u00e1st b\u00edl\u00e9 Ameriky, kter\u00e1 ve skute\u010dnosti jen vybudovala americkou civilizaci, nyn\u00ed v men\u0161in\u011b, nebo\u0165 \u201eliber\u00e1ln\u011b-progresivn\u00ed\u201c \u010d\u00e1st hraje spolu s barevn\u00fdmi a dal\u0161\u00edmi men\u0161inami.<\/p>\n<p>\u201ePot\u00e9, co byl\u00a0<strong>Barack Obama<\/strong>\u00a0zvolen prezidentem Spojen\u00fdch st\u00e1t\u016f, m\u00e1 tato b\u00edl\u00e1 men\u0161ina \u2013 konzervativn\u00ed, velmi pracovit\u00e1 \u2013 pocit, \u017ee j\u00ed moc unik\u00e1 do rukou barevn\u00fdch men\u0161in, v\u010detn\u011b v\u0161ech druh\u016f LGBT a liber\u00e1l\u016f, kte\u0159\u00ed si hraj\u00ed s\u00a0barevn\u00fdmi do noty.\u201c \u0159ekl Dmitrij Michejev.<\/p>\n<p>\u201eAnglosasov\u00e9 se stra\u0161n\u011b boj\u00ed, \u017ee men\u0161iny za\u010dnou po\u017eadovat reparace \u2013 za otroctv\u00ed, za zni\u010den\u00ed indi\u00e1n\u016f, polo\u017een\u00ed komunikac\u00ed p\u0159es jejich zem\u011b a tak d\u00e1le,\u201c domn\u00edv\u00e1 se expert.\u00a0Podle n\u011bj jsou b\u011blo\u0161i v USA rozd\u011bleni nap\u016fl a boj\u00ed se.\u00a0Vzpomn\u011bl si na sc\u00e9ny, kdy policie poklekla a prosila o odpu\u0161t\u011bn\u00ed, kdy \u010dernoch\u016fm l\u00edbali boty atd., \u00a0to vede ke zhroucen\u00ed a p\u0159ijde konec Ameriky, kterou zn\u00e1me.\u201c<\/p>\n<p>Amerikanista zd\u016fraznil, \u017ee hovo\u0159\u00edme o \u201ehlubok\u00e9m civiliza\u010dn\u00edm rozkolu\u201c ve Spojen\u00fdch st\u00e1tech, kter\u00fd je zalo\u017een na n\u00e1bo\u017eenstv\u00ed, rase a z\u00e1kladn\u00edch hodnot\u00e1ch lidsk\u00e9ho \u017eivota.\u00a0Tento rozkol je podle Mikheeva hlub\u0161\u00ed ne\u017e ten, kter\u00fd popisuje Marxova teorie t\u0159\u00eddn\u00edho boje.<\/p>\n<p>\u201eToto je konflikt nov\u00e9ho typu \u2013 civiliza\u010dn\u00edho a odehr\u00e1v\u00e1 se uvnit\u0159 Spojen\u00fdch st\u00e1t\u016f&#8230; Podobn\u00e9 v\u011bci jsme pozorovali v zahrani\u010dn\u00ed politice, kdy\u017e Spojen\u00e9 st\u00e1ty prosazovaly sv\u00e9 hodnoty ve vztahu k jin\u00fdm zem\u00edm.\u00a0A te\u010f to vid\u00edme uvnit\u0159 Spojen\u00fdch st\u00e1t\u016f&#8230; Donald Trump u\u017e mluv\u00ed o nutnosti zachr\u00e1nit n\u00e1rodn\u00ed hodnoty, stal se maj\u00e1kem, symbolem boje klasick\u00e9 Ameriky,\u201c shrnul Dmitrij Mikheev.<\/p>\n<p><img decoding=\"async\" loading=\"lazy\" class=\"alignnone size-full wp-image-1185\" src=\"http:\/\/www.infokuryr.cz\/n\/wp-content\/uploads\/2021\/04\/kuryr-podpis.png\" alt=\"\" width=\"84\" height=\"24\" \/><\/p>\n<p>&nbsp;<\/p>\n<p>&nbsp;<\/p>\n<p><img decoding=\"async\" loading=\"lazy\" class=\"alignnone wp-image-19187\" src=\"http:\/\/www.infokuryr.cz\/n\/wp-content\/uploads\/2022\/12\/1-PRO-300x36.jpg\" alt=\"\" width=\"1292\" height=\"155\" srcset=\"https:\/\/www.infokuryr.cz\/n\/wp-content\/uploads\/2022\/12\/1-PRO-300x36.jpg 300w, https:\/\/www.infokuryr.cz\/n\/wp-content\/uploads\/2022\/12\/1-PRO.jpg 699w\" sizes=\"(max-width: 1292px) 100vw, 1292px\" \/><\/p>\n<p>&nbsp;<\/p>\n<p>&nbsp;<\/p>\n<p><img decoding=\"async\" loading=\"lazy\" class=\"wp-image-24737 aligncenter\" src=\"http:\/\/www.infokuryr.cz\/n\/wp-content\/uploads\/2023\/03\/cesko_proti_bide2-239x300.png\" alt=\"\" width=\"832\" height=\"1044\" srcset=\"https:\/\/www.infokuryr.cz\/n\/wp-content\/uploads\/2023\/03\/cesko_proti_bide2-239x300.png 239w, https:\/\/www.infokuryr.cz\/n\/wp-content\/uploads\/2023\/03\/cesko_proti_bide2-816x1024.png 816w, https:\/\/www.infokuryr.cz\/n\/wp-content\/uploads\/2023\/03\/cesko_proti_bide2-768x964.png 768w, https:\/\/www.infokuryr.cz\/n\/wp-content\/uploads\/2023\/03\/cesko_proti_bide2.png 846w\" sizes=\"(max-width: 832px) 100vw, 832px\" \/><\/p>\n<p>&nbsp;<\/p>\n<p>&nbsp;<\/p>\n<p>&nbsp;<\/p>\n","protected":false},"excerpt":{"rendered":"<p>Ve Spojen\u00fdch st\u00e1tech ji\u017e prob\u00edh\u00e1 pomal\u00e1 ob\u010dansk\u00e1 v\u00e1lka, co\u017e je zp\u016fsobeno t\u00edm, \u017ee za posledn\u00edch&#8230;<\/p>\n","protected":false},"author":2,"featured_media":11876,"comment_status":"closed","ping_status":"closed","sticky":false,"template":"","format":"standard","meta":[],"categories":[7],"tags":[1042,371,2385,37],"_links":{"self":[{"href":"https:\/\/www.infokuryr.cz\/n\/wp-json\/wp\/v2\/posts\/25543"}],"collection":[{"href":"https:\/\/www.infokuryr.cz\/n\/wp-json\/wp\/v2\/posts"}],"about":[{"href":"https:\/\/www.infokuryr.cz\/n\/wp-json\/wp\/v2\/types\/post"}],"author":[{"embeddable":true,"href":"https:\/\/www.infokuryr.cz\/n\/wp-json\/wp\/v2\/users\/2"}],"replies":[{"embeddable":true,"href":"https:\/\/www.infokuryr.cz\/n\/wp-json\/wp\/v2\/comments?post=25543"}],"version-history":[{"count":1,"href":"https:\/\/www.infokuryr.cz\/n\/wp-json\/wp\/v2\/posts\/25543\/revisions"}],"predecessor-version":[{"id":25545,"href":"https:\/\/www.infokuryr.cz\/n\/wp-json\/wp\/v2\/posts\/25543\/revisions\/25545"}],"wp:featuredmedia":[{"embeddable":true,"href":"https:\/\/www.infokuryr.cz\/n\/wp-json\/wp\/v2\/media\/11876"}],"wp:attachment":[{"href":"https:\/\/www.infokuryr.cz\/n\/wp-json\/wp\/v2\/media?parent=25543"}],"wp:term":[{"taxonomy":"category","embeddable":true,"href":"https:\/\/www.infokuryr.cz\/n\/wp-json\/wp\/v2\/categories?post=25543"},{"taxonomy":"post_tag","embeddable":true,"href":"https:\/\/www.infokuryr.cz\/n\/wp-json\/wp\/v2\/tags?post=25543"}],"curies":[{"name":"wp","href":"https:\/\/api.w.org\/{rel}","templated":true}]}}