{"id":2550,"date":"2021-06-16T03:39:44","date_gmt":"2021-06-16T01:39:44","guid":{"rendered":"http:\/\/www.infokuryr.cz\/n\/?p=2550"},"modified":"2021-06-16T03:39:44","modified_gmt":"2021-06-16T01:39:44","slug":"spojene-staty-jsou-vazne-nemocne-g7-by-jim-mela-predepsat-leky","status":"publish","type":"post","link":"https:\/\/www.infokuryr.cz\/n\/2021\/06\/16\/spojene-staty-jsou-vazne-nemocne-g7-by-jim-mela-predepsat-leky\/","title":{"rendered":"Spojen\u00e9 st\u00e1ty jsou v\u00e1\u017en\u011b nemocn\u00e9, G7 by jim m\u011bla p\u0159edepsat l\u00e9ky"},"content":{"rendered":"<div id=\"fb-root\"><\/div>\n<p>V reakci na obvin\u011bn\u00ed proti \u010c\u00edn\u011b ohledn\u011b Xinjiangu (Sin-\u0165iang), Hongkongu a dal\u0161\u00edch ot\u00e1zek zve\u0159ejn\u011bn\u00e1 v prohl\u00e1\u0161en\u00ed ze summitu G7, mluv\u010d\u00ed \u010d\u00ednsk\u00e9ho ministerstva zahrani\u010d\u00ed Zhao Lijian (\u010cao Li-\u0165ien) dnes na tiskov\u00e9 konferenci \u0159ekl, \u017ee G7 by m\u011bla p\u0159edepsat Spojen\u00fdm st\u00e1t\u016fm l\u00e9ky.<\/p>\n<p>Zhao Lijian pouk\u00e1zal na to, \u017ee prohl\u00e1\u0161en\u00ed ze summitu G7 \u00famysln\u011b obvi\u0148uje \u010c\u00ednu z ot\u00e1zek souvisej\u00edc\u00edch s Hongkongem, Xinjiangem, Tchaj-wanem a zasahuje do vnit\u0159n\u00edch z\u00e1le\u017eitost\u00ed \u010c\u00edny. \u010c\u00edna je ohledn\u011b toho siln\u011b nespokojena a pevn\u011b se stav\u00ed proti tomu.<\/p>\n<p>\u201eTo je v\u00e1\u017en\u00e9 poru\u0161en\u00ed c\u00edl\u016f a princip\u016f Charty OSN a jde to proti trendu obdob\u00ed m\u00edru, v\u00fdvoje, spolupr\u00e1ce a spole\u010dn\u00e9 v\u00fdhry. Ukazuje to \u0161patn\u00e9 z\u00e1m\u011bry Spojen\u00fdch st\u00e1t\u016f a n\u011bkolika dal\u0161\u00edch zem\u00ed ve snaze vytvo\u0159it antagonismus a odcizen\u00ed a zv\u011bt\u0161it rozd\u00edly a rozpory. Z\u00e1le\u017eitosti t\u00fdkaj\u00edc\u00ed se Xinjiangu, Hongkongu a Tchaj-wanu jsou \u010dist\u011b vnit\u0159n\u00ed z\u00e1le\u017eitosti \u010c\u00edny a \u017e\u00e1dn\u00e9 vn\u011bj\u0161\u00ed s\u00edly do nich nesm\u00ed zasahovat. \u010c\u00edna je odhodlan\u00e1 chr\u00e1nit sv\u00e9 n\u00e1rodn\u00ed z\u00e1jmy, suverenitu, bezpe\u010dnost a pr\u00e1vo na rozvoj.\u201c<\/p>\n<p>Zhao Lijian zd\u016fraznil, \u017ee multipolarizace a demokratizace mezin\u00e1rodn\u00edch vztah\u016f jsou nezvratn\u00e9 trendy doby.<\/p>\n<p>\u201eV sou\u010dasn\u00e9 situaci mus\u00ed mezin\u00e1rodn\u00ed spole\u010denstv\u00ed v\u00edce ne\u017e kdy jindy pos\u00edlit jednotu a spolupr\u00e1ci a prov\u00e1d\u011bt skute\u010dn\u00fd multilateralismus. Nem\u011bli bychom pou\u017e\u00edvat ideologick\u00e9 linie pro potla\u010dov\u00e1n\u00ed r\u016fzn\u00fdch rozvojov\u00fdch model\u016f, nato\u017e zam\u011b\u0148ovat dobro a zlo a p\u0159esouvat odpov\u011bdnost. Spojen\u00e9 st\u00e1ty jsou v\u00e1\u017en\u011b nemocn\u00e9, G7 by jim m\u011bla zm\u011b\u0159it pulz a p\u0159edepsat l\u00e9ky.\u201c<\/p>\n<p><img decoding=\"async\" loading=\"lazy\" class=\"alignnone size-full wp-image-1185\" src=\"http:\/\/www.infokuryr.cz\/n\/wp-content\/uploads\/2021\/04\/kuryr-podpis.png\" alt=\"\" width=\"84\" height=\"24\" \/><\/p>\n<p>&nbsp;<\/p>\n","protected":false},"excerpt":{"rendered":"<p>V reakci na obvin\u011bn\u00ed proti \u010c\u00edn\u011b ohledn\u011b Xinjiangu (Sin-\u0165iang), Hongkongu a dal\u0161\u00edch ot\u00e1zek zve\u0159ejn\u011bn\u00e1 v&#8230;<\/p>\n","protected":false},"author":2,"featured_media":1057,"comment_status":"closed","ping_status":"closed","sticky":false,"template":"","format":"standard","meta":[],"categories":[7],"tags":[30,323,37],"_links":{"self":[{"href":"https:\/\/www.infokuryr.cz\/n\/wp-json\/wp\/v2\/posts\/2550"}],"collection":[{"href":"https:\/\/www.infokuryr.cz\/n\/wp-json\/wp\/v2\/posts"}],"about":[{"href":"https:\/\/www.infokuryr.cz\/n\/wp-json\/wp\/v2\/types\/post"}],"author":[{"embeddable":true,"href":"https:\/\/www.infokuryr.cz\/n\/wp-json\/wp\/v2\/users\/2"}],"replies":[{"embeddable":true,"href":"https:\/\/www.infokuryr.cz\/n\/wp-json\/wp\/v2\/comments?post=2550"}],"version-history":[{"count":0,"href":"https:\/\/www.infokuryr.cz\/n\/wp-json\/wp\/v2\/posts\/2550\/revisions"}],"wp:featuredmedia":[{"embeddable":true,"href":"https:\/\/www.infokuryr.cz\/n\/wp-json\/wp\/v2\/media\/1057"}],"wp:attachment":[{"href":"https:\/\/www.infokuryr.cz\/n\/wp-json\/wp\/v2\/media?parent=2550"}],"wp:term":[{"taxonomy":"category","embeddable":true,"href":"https:\/\/www.infokuryr.cz\/n\/wp-json\/wp\/v2\/categories?post=2550"},{"taxonomy":"post_tag","embeddable":true,"href":"https:\/\/www.infokuryr.cz\/n\/wp-json\/wp\/v2\/tags?post=2550"}],"curies":[{"name":"wp","href":"https:\/\/api.w.org\/{rel}","templated":true}]}}