{"id":25482,"date":"2023-04-02T01:14:15","date_gmt":"2023-04-01T23:14:15","guid":{"rendered":"http:\/\/www.infokuryr.cz\/n\/?p=25482"},"modified":"2023-04-01T18:18:59","modified_gmt":"2023-04-01T16:18:59","slug":"vysoky-ukrajinsky-pravoslavny-predstavitel-potvrdil-ze-je-v-domacim-vezeni","status":"publish","type":"post","link":"https:\/\/www.infokuryr.cz\/n\/2023\/04\/02\/vysoky-ukrajinsky-pravoslavny-predstavitel-potvrdil-ze-je-v-domacim-vezeni\/","title":{"rendered":"Vysok\u00fd ukrajinsk\u00fd pravoslavn\u00fd p\u0159edstavitel potvrdil, \u017ee je v dom\u00e1c\u00edm v\u011bzen\u00ed"},"content":{"rendered":"<div id=\"fb-root\"><\/div>\n<p><span style=\"font-size: 18pt;\"><strong>Metropolita Pavel, opat Kyjevskope\u010dersk\u00e9 l\u00e1vry, je podez\u0159el\u00fd z podpory rusk\u00fdch akc\u00ed b\u011bhem konfliktu<\/strong><\/span><\/p>\n<p><span>V\u016fdce nejv\u011bt\u0161\u00edho ukrajinsk\u00e9ho pravoslavn\u00e9ho k\u0159es\u0165ansk\u00e9ho kl\u00e1\u0161tera prohl\u00e1sil, \u017ee je v dom\u00e1c\u00edm v\u011bzen\u00ed, co\u017e p\u0159edstavuje posledn\u00ed zvrat v n\u00e1bo\u017eensk\u00e9m z\u00e1sahu v Kyjev\u011b.\u00a0Metropolita Pavel (sv\u011btsk\u00fdm jm\u00e9nem Pjotr \u200b\u200bLebed), vrchn\u00ed biskup Ukrajinsk\u00e9 pravoslavn\u00e9 c\u00edrkve (UOC), je podez\u0159el\u00fd z \u00fadajn\u00e9ho podn\u011bcov\u00e1n\u00ed n\u00e1bo\u017eensk\u00e9ho nap\u011bt\u00ed.<\/span><\/p>\n<p><span>Duchovn\u00ed, kter\u00fd p\u016fsobil jako opat Kyjevskope\u010dersk\u00e9 l\u00e1vry od roku 1994, \u0159ekl novin\u00e1\u0159\u016fm o sv\u00e9m zat\u010den\u00ed v sobotu na videu zve\u0159ejn\u011bn\u00e9m ukrajinskou zpravodajskou s\u00edt\u00ed Vesti.<\/span><\/p>\n<p><span>Mezit\u00edm SBU, ukrajinsk\u00e1 tajn\u00e1 bezpe\u010dnostn\u00ed slu\u017eba, ve sv\u00e9m prohl\u00e1\u0161en\u00ed tvrdila, \u017ee <\/span><em><span>\u201eshrom\u00e1\u017edila dob\u0159e podlo\u017een\u00e9 d\u016fkazy\u201c<\/span><\/em><span>\u00a0, \u017ee biskup\u00a0<\/span><em><span>\u201epodn\u011bcuje mezin\u00e1bo\u017eensk\u00e9 nep\u0159\u00e1telstv\u00ed\u201c<\/span><\/em><span>\u00a0a\u00a0<\/span><em><span>\u201eospravedl\u0148uje ruskou agresi\u201c.\u00a0<\/span><\/em><span>Oba potenci\u00e1ln\u00ed obvin\u011bn\u00ed maj\u00ed tresty odn\u011bt\u00ed svobody a\u017e na osm let, respektive t\u0159i roky.<\/span><\/p>\n<p><span>V sobotu m\u00edstn\u00ed m\u00e9dia uvedla, \u017ee b\u011bhem sly\u0161en\u00ed u kyjevsk\u00e9ho soudu Pavel \u0159ekl, \u017ee se nec\u00edt\u00ed dob\u0159e, co\u017e vedlo k tomu, \u017ee soudce jedn\u00e1n\u00ed odlo\u017eil na pond\u011bl\u00ed.<\/span><\/p>\n<p><strong>SBU uvedla, \u017ee Pavel\u00a0<em>\u201eurazil n\u00e1bo\u017eensk\u00e9 c\u00edt\u011bn\u00ed Ukrajinc\u016f\u201c<\/em>\u00a0a\u00a0<em>\u201epokou\u0161el se vytvo\u0159it nep\u0159\u00e1telsk\u00e9 postoje\u201c<\/em>\u00a0v\u016f\u010di p\u0159\u00edslu\u0161n\u00edk\u016fm jin\u00fdch n\u00e1bo\u017eensk\u00fdch denominac\u00ed.\u00a0V dom\u011b klerika tak\u00e9 provedli razii operativci SBU, biskup byl p\u0159edvol\u00e1n k v\u00fdslechu, uv\u00e1d\u00ed OOO.<\/strong><\/p>\n<p><span>Metropolita Pavel obvin\u011bn\u00ed odm\u00edtl a trv\u00e1 na tom, \u017ee v\u017edy odsuzoval vojenskou operaci Moskvy a\u00a0<\/span><em><span>\u201est\u00e1l jsem na obran\u011b m\u00e9 vlasti\u201c.<\/span><\/em><\/p>\n<p><span>Rusk\u00e1 pravoslavn\u00e1 c\u00edrkev odsoudila z\u00e1sah SBU proti biskupovi.\u00a0Vladimir Legoida, kter\u00fd vede c\u00edrkevn\u00ed odd\u011blen\u00ed pro styk s ve\u0159ejnost\u00ed, tvrdil, \u017ee dom\u00e1c\u00ed v\u011bzen\u00ed bylo provedeno\u00a0<\/span><strong><em>\u201ena z\u00e1klad\u011b vykonstruovan\u00fdch obvin\u011bn\u00ed\u201c<\/em><\/strong><span>\u00a0a je\u00a0<\/span><em><span><strong>\u201ep\u0159irozen\u00fdm pokra\u010dov\u00e1n\u00edm poru\u0161ov\u00e1n\u00ed spravedlnosti\u201c<\/strong>,<\/span><\/em><span>\u00a0kter\u00e9ho se dopustily ukrajinsk\u00e9 \u00fa\u0159ady.<\/span><\/p>\n<p><span>Kyjevskope\u010dersk\u00e1 l\u00e1vra, kterou spravuje UOC, je star\u00e1 980 let a v posledn\u00edch m\u011bs\u00edc\u00edch se stala ter\u010dem nel\u00edtostn\u00e9 kampan\u011b ukrajinsk\u00fdch \u00fa\u0159ad\u016f.\u00a0Kyjev\u0161t\u00ed p\u0159edstavitel\u00e9 podez\u0159\u00edvaj\u00ed UOC, \u017ee skryt\u011b podporuje ruskou vl\u00e1du, p\u0159esto\u017ee po vypuknut\u00ed konfliktu v \u00fanoru 2022 vyhl\u00e1sila nez\u00e1vislost na Moskv\u011b.<\/span><\/p>\n<p><span>Z\u00e1sah vyvrcholil minul\u00fd m\u011bs\u00edc, kdy\u017e ukrajinsk\u00e9 ministerstvo kultury tvrdilo, ani\u017e by poskytlo jak\u00fdkoli d\u016fkaz, \u017ee UOC poru\u0161ila dohodu z roku 2013, kter\u00e1 j\u00ed umo\u017e\u0148ovala spravovat kl\u00e1\u0161ter, a mnich\u016fm na\u0159\u00eddili prostory opustit. Pravoslavn\u00e9 c\u00edrkev\u00a0v\u0161ak odm\u00edtla vyhov\u011bt a ozna\u010dil p\u0159\u00edkaz za <\/span><em><span>\u201enez\u00e1konn\u00fd\u201c.<\/span><\/em><\/p>\n<p><span>Ukrajinsk\u00fd tlak na vyst\u011bhov\u00e1n\u00ed mnich\u016f vyvolal nap\u011bt\u00ed mezi p\u0159\u00edznivci a odp\u016frci UOC.\u00a0V sobotu m\u00edstn\u00ed m\u00e9dia sd\u00edlela z\u00e1b\u011bry kr\u00e1tk\u00e9ho st\u0159etu mezi ob\u011bma skupinami pobl\u00ed\u017e m\u00edsta.<\/span><\/p>\n<p><span>Ukrajina dlouhodob\u011b za\u017e\u00edv\u00e1 n\u00e1bo\u017eensk\u00e9 nap\u011bt\u00ed a \u0159ada subjekt\u016f se prohla\u0161uje za pravou ukrajinskou pravoslavnou c\u00edrkev.\u00a0Dv\u011bma hlavn\u00edmi soupe\u0159\u00edc\u00edmi frakcemi jsou Ukrajinsk\u00e1 pravoslavn\u00e1 c\u00edrkev a Kyjevem podporovan\u00e1 Ukrajinsk\u00e1 pravoslavn\u00e1 c\u00edrkev (OCU), kterou rusk\u00e1 pravoslavn\u00e1 c\u00edrkev pova\u017euje za schizmatickou.<\/span><\/p>\n<p><img decoding=\"async\" loading=\"lazy\" class=\"alignnone size-full wp-image-1185\" src=\"http:\/\/www.infokuryr.cz\/n\/wp-content\/uploads\/2021\/04\/kuryr-podpis.png\" alt=\"\" width=\"84\" height=\"24\" \/><\/p>\n<p>&nbsp;<\/p>\n<p>&nbsp;<\/p>\n<p><img decoding=\"async\" loading=\"lazy\" class=\"wp-image-19187 aligncenter\" src=\"http:\/\/www.infokuryr.cz\/n\/wp-content\/uploads\/2022\/12\/1-PRO-300x36.jpg\" alt=\"\" width=\"1283\" height=\"154\" srcset=\"https:\/\/www.infokuryr.cz\/n\/wp-content\/uploads\/2022\/12\/1-PRO-300x36.jpg 300w, https:\/\/www.infokuryr.cz\/n\/wp-content\/uploads\/2022\/12\/1-PRO.jpg 699w\" sizes=\"(max-width: 1283px) 100vw, 1283px\" \/><\/p>\n<p>&nbsp;<\/p>\n<p>&nbsp;<\/p>\n<p><img decoding=\"async\" loading=\"lazy\" class=\"wp-image-24737 aligncenter\" src=\"http:\/\/www.infokuryr.cz\/n\/wp-content\/uploads\/2023\/03\/cesko_proti_bide2-239x300.png\" alt=\"\" width=\"760\" height=\"954\" srcset=\"https:\/\/www.infokuryr.cz\/n\/wp-content\/uploads\/2023\/03\/cesko_proti_bide2-239x300.png 239w, https:\/\/www.infokuryr.cz\/n\/wp-content\/uploads\/2023\/03\/cesko_proti_bide2-816x1024.png 816w, https:\/\/www.infokuryr.cz\/n\/wp-content\/uploads\/2023\/03\/cesko_proti_bide2-768x964.png 768w, https:\/\/www.infokuryr.cz\/n\/wp-content\/uploads\/2023\/03\/cesko_proti_bide2.png 846w\" sizes=\"(max-width: 760px) 100vw, 760px\" \/><\/p>\n<p>&nbsp;<\/p>\n<p>&nbsp;<\/p>\n<p>&nbsp;<\/p>\n","protected":false},"excerpt":{"rendered":"<p>Metropolita Pavel, opat Kyjevskope\u010dersk\u00e9 l\u00e1vry, je podez\u0159el\u00fd z podpory rusk\u00fdch akc\u00ed b\u011bhem konfliktu V\u016fdce nejv\u011bt\u0161\u00edho&#8230;<\/p>\n","protected":false},"author":2,"featured_media":25483,"comment_status":"closed","ping_status":"closed","sticky":false,"template":"","format":"standard","meta":[],"categories":[7],"tags":[3557,250,1757,26,2407],"_links":{"self":[{"href":"https:\/\/www.infokuryr.cz\/n\/wp-json\/wp\/v2\/posts\/25482"}],"collection":[{"href":"https:\/\/www.infokuryr.cz\/n\/wp-json\/wp\/v2\/posts"}],"about":[{"href":"https:\/\/www.infokuryr.cz\/n\/wp-json\/wp\/v2\/types\/post"}],"author":[{"embeddable":true,"href":"https:\/\/www.infokuryr.cz\/n\/wp-json\/wp\/v2\/users\/2"}],"replies":[{"embeddable":true,"href":"https:\/\/www.infokuryr.cz\/n\/wp-json\/wp\/v2\/comments?post=25482"}],"version-history":[{"count":1,"href":"https:\/\/www.infokuryr.cz\/n\/wp-json\/wp\/v2\/posts\/25482\/revisions"}],"predecessor-version":[{"id":25484,"href":"https:\/\/www.infokuryr.cz\/n\/wp-json\/wp\/v2\/posts\/25482\/revisions\/25484"}],"wp:featuredmedia":[{"embeddable":true,"href":"https:\/\/www.infokuryr.cz\/n\/wp-json\/wp\/v2\/media\/25483"}],"wp:attachment":[{"href":"https:\/\/www.infokuryr.cz\/n\/wp-json\/wp\/v2\/media?parent=25482"}],"wp:term":[{"taxonomy":"category","embeddable":true,"href":"https:\/\/www.infokuryr.cz\/n\/wp-json\/wp\/v2\/categories?post=25482"},{"taxonomy":"post_tag","embeddable":true,"href":"https:\/\/www.infokuryr.cz\/n\/wp-json\/wp\/v2\/tags?post=25482"}],"curies":[{"name":"wp","href":"https:\/\/api.w.org\/{rel}","templated":true}]}}