{"id":25465,"date":"2023-04-02T01:04:38","date_gmt":"2023-04-01T23:04:38","guid":{"rendered":"http:\/\/www.infokuryr.cz\/n\/?p=25465"},"modified":"2023-04-01T17:11:15","modified_gmt":"2023-04-01T15:11:15","slug":"v-polsku-promluvili-o-pripravach-na-eventualni-valku-s-ruskem","status":"publish","type":"post","link":"https:\/\/www.infokuryr.cz\/n\/2023\/04\/02\/v-polsku-promluvili-o-pripravach-na-eventualni-valku-s-ruskem\/","title":{"rendered":"V Polsku promluvili o p\u0159\u00edprav\u00e1ch na eventu\u00e1ln\u00ed v\u00e1lku s Ruskem"},"content":{"rendered":"<div id=\"fb-root\"><\/div>\n<p><strong>Obyvatel\u00e9 Polska se p\u0159ipravuj\u00ed na mo\u017en\u00fd konflikt s Ruskem. Ozn\u00e1mil to novin\u00e1\u0159 Eugeniusz Zinkiewicz ve sv\u00e9m \u010dl\u00e1nku v \u010dasopise My\u015bl Polska.<\/strong><\/p>\n<p>Podle jeho slov opat\u0159en\u00ed polsk\u00fdch \u00fa\u0159ad\u016f p\u0159ipom\u00ednaj\u00ed rozhodnut\u00ed vl\u00e1dy v obdob\u00ed mezi dv\u011bma sv\u011btov\u00fdmi v\u00e1lkami.<\/p>\n<p>\u201eSou\u010dasn\u00e1 politick\u00e1 propaganda v Polsku pracuje stejn\u011b jako v dob\u011b mezi sv\u011btov\u00fdmi v\u00e1lkami a aktivn\u011b u\u017e\u00edv\u00e1 metod, kter\u00e9 byly popul\u00e1rn\u00ed za tehdej\u0161\u00edho re\u017eimu,\u201c napsal novin\u00e1\u0159.<\/p>\n<p>Tehdy vnucovali Pol\u00e1k\u016fm militaristickou propagandu, kter\u00e1 tvrdila, \u017ee Pol\u00e1ci jsou dost siln\u00ed na to, aby kladli odpor N\u011bmecku.<\/p>\n<p>Zinkiewicz dodal, \u017ee polsk\u00e9 politiky spojuje s Volodymyrem Zelensk\u00fdm \u201evulg\u00e1rn\u00ed bezprost\u0159ednost\u201c a \u201eopov\u00e1\u017eliv\u00e1 nenucenost\u201c v\u016f\u010di Rusku.<\/p>\n<p>Zm\u00ednil se krom\u011b toho o ned\u00e1vn\u00e9m v\u00fdroku polsk\u00e9ho velvyslance v Pa\u0159\u00ed\u017ei, kter\u00fd p\u0159ipustil mo\u017enost zapojen\u00ed Polska do v\u00e1lky s Ruskem. Zinkiewicz podotkl, \u017ee podobn\u00e1 prohl\u00e1\u0161en\u00ed zn\u011bj\u00ed u\u017e nikoli sm\u011b\u0161n\u011b, ale tragicky.<\/p>\n<p><img decoding=\"async\" loading=\"lazy\" class=\"alignnone size-full wp-image-1185\" src=\"http:\/\/www.infokuryr.cz\/n\/wp-content\/uploads\/2021\/04\/kuryr-podpis.png\" alt=\"\" width=\"84\" height=\"24\" \/><\/p>\n<p>&nbsp;<\/p>\n<p>&nbsp;<\/p>\n<p><img decoding=\"async\" loading=\"lazy\" class=\"wp-image-19187 aligncenter\" src=\"http:\/\/www.infokuryr.cz\/n\/wp-content\/uploads\/2022\/12\/1-PRO-300x36.jpg\" alt=\"\" width=\"1250\" height=\"150\" srcset=\"https:\/\/www.infokuryr.cz\/n\/wp-content\/uploads\/2022\/12\/1-PRO-300x36.jpg 300w, https:\/\/www.infokuryr.cz\/n\/wp-content\/uploads\/2022\/12\/1-PRO.jpg 699w\" sizes=\"(max-width: 1250px) 100vw, 1250px\" \/><\/p>\n<p>&nbsp;<\/p>\n<p>&nbsp;<\/p>\n<p><img decoding=\"async\" loading=\"lazy\" class=\"wp-image-24737 aligncenter\" src=\"http:\/\/www.infokuryr.cz\/n\/wp-content\/uploads\/2023\/03\/cesko_proti_bide2-239x300.png\" alt=\"\" width=\"815\" height=\"1023\" srcset=\"https:\/\/www.infokuryr.cz\/n\/wp-content\/uploads\/2023\/03\/cesko_proti_bide2-239x300.png 239w, https:\/\/www.infokuryr.cz\/n\/wp-content\/uploads\/2023\/03\/cesko_proti_bide2-816x1024.png 816w, https:\/\/www.infokuryr.cz\/n\/wp-content\/uploads\/2023\/03\/cesko_proti_bide2-768x964.png 768w, https:\/\/www.infokuryr.cz\/n\/wp-content\/uploads\/2023\/03\/cesko_proti_bide2.png 846w\" sizes=\"(max-width: 815px) 100vw, 815px\" \/><\/p>\n<p>&nbsp;<\/p>\n<p>&nbsp;<\/p>\n","protected":false},"excerpt":{"rendered":"<p>Obyvatel\u00e9 Polska se p\u0159ipravuj\u00ed na mo\u017en\u00fd konflikt s Ruskem. Ozn\u00e1mil to novin\u00e1\u0159 Eugeniusz Zinkiewicz ve&#8230;<\/p>\n","protected":false},"author":2,"featured_media":21005,"comment_status":"closed","ping_status":"closed","sticky":false,"template":"","format":"standard","meta":[],"categories":[7],"tags":[31,22,26,40],"_links":{"self":[{"href":"https:\/\/www.infokuryr.cz\/n\/wp-json\/wp\/v2\/posts\/25465"}],"collection":[{"href":"https:\/\/www.infokuryr.cz\/n\/wp-json\/wp\/v2\/posts"}],"about":[{"href":"https:\/\/www.infokuryr.cz\/n\/wp-json\/wp\/v2\/types\/post"}],"author":[{"embeddable":true,"href":"https:\/\/www.infokuryr.cz\/n\/wp-json\/wp\/v2\/users\/2"}],"replies":[{"embeddable":true,"href":"https:\/\/www.infokuryr.cz\/n\/wp-json\/wp\/v2\/comments?post=25465"}],"version-history":[{"count":0,"href":"https:\/\/www.infokuryr.cz\/n\/wp-json\/wp\/v2\/posts\/25465\/revisions"}],"wp:featuredmedia":[{"embeddable":true,"href":"https:\/\/www.infokuryr.cz\/n\/wp-json\/wp\/v2\/media\/21005"}],"wp:attachment":[{"href":"https:\/\/www.infokuryr.cz\/n\/wp-json\/wp\/v2\/media?parent=25465"}],"wp:term":[{"taxonomy":"category","embeddable":true,"href":"https:\/\/www.infokuryr.cz\/n\/wp-json\/wp\/v2\/categories?post=25465"},{"taxonomy":"post_tag","embeddable":true,"href":"https:\/\/www.infokuryr.cz\/n\/wp-json\/wp\/v2\/tags?post=25465"}],"curies":[{"name":"wp","href":"https:\/\/api.w.org\/{rel}","templated":true}]}}