{"id":25462,"date":"2023-04-02T01:03:49","date_gmt":"2023-04-01T23:03:49","guid":{"rendered":"http:\/\/www.infokuryr.cz\/n\/?p=25462"},"modified":"2023-04-01T17:07:21","modified_gmt":"2023-04-01T15:07:21","slug":"ukrajina-objednala-u-polska-sto-obrnenych-transporteru","status":"publish","type":"post","link":"https:\/\/www.infokuryr.cz\/n\/2023\/04\/02\/ukrajina-objednala-u-polska-sto-obrnenych-transporteru\/","title":{"rendered":"Ukrajina objednala u Polska sto obrn\u011bn\u00fdch transport\u00e9r\u016f"},"content":{"rendered":"<div id=\"fb-root\"><\/div>\n<p><strong>Ukrajina objednala u Polska 100 obrn\u011bn\u00fdch transport\u00e9r\u016f Rosomak, ozn\u00e1mil novin\u00e1\u0159\u016fm polsk\u00fd premi\u00e9r Mateusz Morawiecki.<\/strong><\/p>\n<p>\u201eDostal jsem v\u010dera od ukrajinsk\u00e9ho premi\u00e9ra Denise \u0160myhala objedn\u00e1vku na 100 Rosomak\u016f,\u201c uvedl.<\/p>\n<p>Podle slov polsk\u00e9ho premi\u00e9ra Mateusze Morawieck\u00e9ho \u201etyto Rosomaky se budou platit z evropsk\u00fdch prost\u0159edk\u016f, kter\u00e9 dost\u00e1v\u00e1me, a tak\u00e9 z americk\u00fdch prost\u0159edk\u016f, kter\u00e9 dost\u00e1v\u00e1 Ukrajina\u201c.<\/p>\n<p>Polsk\u00fd OT Rosomak je kolov\u00fd obrn\u011bn\u00fd transport\u00e9r vyr\u00e1b\u011bn\u00fd na z\u00e1klad\u011b licen\u010dn\u00ed z\u00e1kladn\u00ed verze vozidla AMV XC-360p od finsk\u00e9 firmy Patria. V z\u00e1kladn\u00ed verzi se vybavuje kan\u00f3nem r\u00e1\u017ee 30 milimetr\u016f.<\/p>\n<p><img decoding=\"async\" loading=\"lazy\" class=\"alignnone size-full wp-image-1185\" src=\"http:\/\/www.infokuryr.cz\/n\/wp-content\/uploads\/2021\/04\/kuryr-podpis.png\" alt=\"\" width=\"84\" height=\"24\" \/><\/p>\n<p>&nbsp;<\/p>\n<p>&nbsp;<\/p>\n<p><img decoding=\"async\" loading=\"lazy\" class=\"wp-image-19187 aligncenter\" src=\"http:\/\/www.infokuryr.cz\/n\/wp-content\/uploads\/2022\/12\/1-PRO-300x36.jpg\" alt=\"\" width=\"1250\" height=\"150\" srcset=\"https:\/\/www.infokuryr.cz\/n\/wp-content\/uploads\/2022\/12\/1-PRO-300x36.jpg 300w, https:\/\/www.infokuryr.cz\/n\/wp-content\/uploads\/2022\/12\/1-PRO.jpg 699w\" sizes=\"(max-width: 1250px) 100vw, 1250px\" \/><\/p>\n<p>&nbsp;<\/p>\n<p>&nbsp;<\/p>\n<p><img decoding=\"async\" loading=\"lazy\" class=\"wp-image-24737 aligncenter\" src=\"http:\/\/www.infokuryr.cz\/n\/wp-content\/uploads\/2023\/03\/cesko_proti_bide2-239x300.png\" alt=\"\" width=\"719\" height=\"903\" srcset=\"https:\/\/www.infokuryr.cz\/n\/wp-content\/uploads\/2023\/03\/cesko_proti_bide2-239x300.png 239w, https:\/\/www.infokuryr.cz\/n\/wp-content\/uploads\/2023\/03\/cesko_proti_bide2-816x1024.png 816w, https:\/\/www.infokuryr.cz\/n\/wp-content\/uploads\/2023\/03\/cesko_proti_bide2-768x964.png 768w, https:\/\/www.infokuryr.cz\/n\/wp-content\/uploads\/2023\/03\/cesko_proti_bide2.png 846w\" sizes=\"(max-width: 719px) 100vw, 719px\" \/><\/p>\n<p>&nbsp;<\/p>\n<p>&nbsp;<\/p>\n","protected":false},"excerpt":{"rendered":"<p>Ukrajina objednala u Polska 100 obrn\u011bn\u00fdch transport\u00e9r\u016f Rosomak, ozn\u00e1mil novin\u00e1\u0159\u016fm polsk\u00fd premi\u00e9r Mateusz Morawiecki. \u201eDostal&#8230;<\/p>\n","protected":false},"author":2,"featured_media":25463,"comment_status":"closed","ping_status":"closed","sticky":false,"template":"","format":"standard","meta":[],"categories":[7],"tags":[31,1460,26,73],"_links":{"self":[{"href":"https:\/\/www.infokuryr.cz\/n\/wp-json\/wp\/v2\/posts\/25462"}],"collection":[{"href":"https:\/\/www.infokuryr.cz\/n\/wp-json\/wp\/v2\/posts"}],"about":[{"href":"https:\/\/www.infokuryr.cz\/n\/wp-json\/wp\/v2\/types\/post"}],"author":[{"embeddable":true,"href":"https:\/\/www.infokuryr.cz\/n\/wp-json\/wp\/v2\/users\/2"}],"replies":[{"embeddable":true,"href":"https:\/\/www.infokuryr.cz\/n\/wp-json\/wp\/v2\/comments?post=25462"}],"version-history":[{"count":1,"href":"https:\/\/www.infokuryr.cz\/n\/wp-json\/wp\/v2\/posts\/25462\/revisions"}],"predecessor-version":[{"id":25464,"href":"https:\/\/www.infokuryr.cz\/n\/wp-json\/wp\/v2\/posts\/25462\/revisions\/25464"}],"wp:featuredmedia":[{"embeddable":true,"href":"https:\/\/www.infokuryr.cz\/n\/wp-json\/wp\/v2\/media\/25463"}],"wp:attachment":[{"href":"https:\/\/www.infokuryr.cz\/n\/wp-json\/wp\/v2\/media?parent=25462"}],"wp:term":[{"taxonomy":"category","embeddable":true,"href":"https:\/\/www.infokuryr.cz\/n\/wp-json\/wp\/v2\/categories?post=25462"},{"taxonomy":"post_tag","embeddable":true,"href":"https:\/\/www.infokuryr.cz\/n\/wp-json\/wp\/v2\/tags?post=25462"}],"curies":[{"name":"wp","href":"https:\/\/api.w.org\/{rel}","templated":true}]}}