{"id":25461,"date":"2023-04-02T01:02:57","date_gmt":"2023-04-01T23:02:57","guid":{"rendered":"http:\/\/www.infokuryr.cz\/n\/?p=25461"},"modified":"2023-04-01T17:04:17","modified_gmt":"2023-04-01T15:04:17","slug":"syn-byvaleho-kanclere-srn-brandta-prisel-s-mirovym-navrhem-pro-ukrajinu","status":"publish","type":"post","link":"https:\/\/www.infokuryr.cz\/n\/2023\/04\/02\/syn-byvaleho-kanclere-srn-brandta-prisel-s-mirovym-navrhem-pro-ukrajinu\/","title":{"rendered":"Syn b\u00fdval\u00e9ho kancl\u00e9\u0159e SRN Brandta p\u0159i\u0161el s m\u00edrov\u00fdm n\u00e1vrhem pro Ukrajinu"},"content":{"rendered":"<div id=\"fb-root\"><\/div>\n<p><strong>Syn b\u00fdval\u00e9ho kancl\u00e9\u0159e SRN Willyho Brandta, historik Peter Brandt, se stal jedn\u00edm z inici\u00e1tor\u016f v\u00fdzvy k Berl\u00ednu a Pa\u0159\u00ed\u017ei, aby z\u00edskaly \u0159adu jin\u00fdch zem\u00ed, mj. \u010c\u00ednu a Indii, jako zprost\u0159edkovatele pro dosa\u017een\u00ed p\u0159\u00edm\u011b\u0159\u00ed na Ukrajin\u011b.<\/strong><\/p>\n<p>Brandt je jedn\u00edm z autor\u016f \u010dl\u00e1nku, kter\u00fd uve\u0159ejnil list Frankfurter Rundschau. Tuto v\u00fdzvu podpo\u0159ilo kolem 200 lid\u00ed v\u010detn\u011b bl\u00edzk\u00fdch stoupenc\u016f Willyho Brandta a jin\u00e9ho n\u011bmeck\u00e9ho soci\u00e1ln\u00edho demokrata Egona Bahra, kter\u00fd kdysi napom\u00e1hal podeps\u00e1n\u00ed Moskevsk\u00e9 smlouvy mezi SSSR a SRN.<\/p>\n<p>V \u010dl\u00e1nku se podot\u00fdk\u00e1, \u017ee \u201es ka\u017ed\u00fdm dnem roste nebezpe\u010d\u00ed roz\u0161i\u0159ov\u00e1n\u00ed bojov\u00fdch akc\u00ed\u201c. Podle n\u00e1zoru autor\u016f je nutno \u201eud\u011blat v\u0161e pro co nejrychlej\u0161\u00ed zastaven\u00ed palby\u201c a naj\u00edt cestu k jedn\u00e1n\u00ed.<\/p>\n<p>\u201eVyz\u00fdv\u00e1me spolkov\u00e9ho kancl\u00e9\u0159e (Olafa Scholze), aby spolu s Franci\u00ed z\u00edskal Braz\u00edlii, \u010c\u00ednu, Indii a Indon\u00e9sii pro prost\u0159ednictv\u00ed s c\u00edlem co nejrychlej\u0161\u00edho zastaven\u00ed palby,\u201c napsali auto\u0159i v\u00fdzvy.<\/p>\n<p>Podotkli, \u017ee \u201em\u00edru m\u016f\u017ee b\u00fdt dosa\u017eeno jen na z\u00e1klad\u011b mezin\u00e1rodn\u00edho pr\u00e1va a jen s Ruskem\u201c.<\/p>\n<p>V rusk\u00e9m zahrani\u010dn\u011bpolitick\u00e9m rezortu d\u0159\u00edve prohl\u00e1sili, \u017ee USA, Velk\u00e1 Brit\u00e1nie, Francie a N\u011bmecko nemohou uch\u00e1zet o roli neutr\u00e1ln\u00edch zprost\u0159edkovatel\u016f v m\u00edrov\u00e9m procesu pro Ukrajinu, proto\u017ee se \u00fa\u010dastn\u00ed konfliktu s Ruskem na \u00fazem\u00ed Ukrajiny. Na MZV RF podotkli, \u017ee se tyto zem\u011b \u201ezdiskreditovaly t\u00edm, \u017ee podpo\u0159ily proti\u00fastavn\u00ed p\u0159evrat na majdanu a napom\u00e1haly sabotov\u00e1n\u00ed Kyjevem minsk\u00fdch dohod\u201c.<\/p>\n<p><img decoding=\"async\" loading=\"lazy\" class=\"alignnone size-full wp-image-1185\" src=\"http:\/\/www.infokuryr.cz\/n\/wp-content\/uploads\/2021\/04\/kuryr-podpis.png\" alt=\"\" width=\"84\" height=\"24\" \/><\/p>\n<p>&nbsp;<\/p>\n<p>&nbsp;<\/p>\n<p><img decoding=\"async\" loading=\"lazy\" class=\"wp-image-19187 aligncenter\" src=\"http:\/\/www.infokuryr.cz\/n\/wp-content\/uploads\/2022\/12\/1-PRO-300x36.jpg\" alt=\"\" width=\"1267\" height=\"152\" srcset=\"https:\/\/www.infokuryr.cz\/n\/wp-content\/uploads\/2022\/12\/1-PRO-300x36.jpg 300w, https:\/\/www.infokuryr.cz\/n\/wp-content\/uploads\/2022\/12\/1-PRO.jpg 699w\" sizes=\"(max-width: 1267px) 100vw, 1267px\" \/><\/p>\n<p>&nbsp;<\/p>\n<p>&nbsp;<\/p>\n<p><img decoding=\"async\" loading=\"lazy\" class=\"wp-image-24909 aligncenter\" src=\"http:\/\/www.infokuryr.cz\/n\/wp-content\/uploads\/2023\/03\/Pozvanka-Usti-PRO-300x156.jpg\" alt=\"\" width=\"1117\" height=\"581\" srcset=\"https:\/\/www.infokuryr.cz\/n\/wp-content\/uploads\/2023\/03\/Pozvanka-Usti-PRO-300x156.jpg 300w, https:\/\/www.infokuryr.cz\/n\/wp-content\/uploads\/2023\/03\/Pozvanka-Usti-PRO-1024x533.jpg 1024w, https:\/\/www.infokuryr.cz\/n\/wp-content\/uploads\/2023\/03\/Pozvanka-Usti-PRO-768x400.jpg 768w, https:\/\/www.infokuryr.cz\/n\/wp-content\/uploads\/2023\/03\/Pozvanka-Usti-PRO.jpg 1273w\" sizes=\"(max-width: 1117px) 100vw, 1117px\" \/><\/p>\n<p>&nbsp;<\/p>\n","protected":false},"excerpt":{"rendered":"<p>Syn b\u00fdval\u00e9ho kancl\u00e9\u0159e SRN Willyho Brandta, historik Peter Brandt, se stal jedn\u00edm z inici\u00e1tor\u016f v\u00fdzvy&#8230;<\/p>\n","protected":false},"author":2,"featured_media":22962,"comment_status":"closed","ping_status":"closed","sticky":false,"template":"","format":"standard","meta":[],"categories":[7],"tags":[4030,84,26],"_links":{"self":[{"href":"https:\/\/www.infokuryr.cz\/n\/wp-json\/wp\/v2\/posts\/25461"}],"collection":[{"href":"https:\/\/www.infokuryr.cz\/n\/wp-json\/wp\/v2\/posts"}],"about":[{"href":"https:\/\/www.infokuryr.cz\/n\/wp-json\/wp\/v2\/types\/post"}],"author":[{"embeddable":true,"href":"https:\/\/www.infokuryr.cz\/n\/wp-json\/wp\/v2\/users\/2"}],"replies":[{"embeddable":true,"href":"https:\/\/www.infokuryr.cz\/n\/wp-json\/wp\/v2\/comments?post=25461"}],"version-history":[{"count":0,"href":"https:\/\/www.infokuryr.cz\/n\/wp-json\/wp\/v2\/posts\/25461\/revisions"}],"wp:featuredmedia":[{"embeddable":true,"href":"https:\/\/www.infokuryr.cz\/n\/wp-json\/wp\/v2\/media\/22962"}],"wp:attachment":[{"href":"https:\/\/www.infokuryr.cz\/n\/wp-json\/wp\/v2\/media?parent=25461"}],"wp:term":[{"taxonomy":"category","embeddable":true,"href":"https:\/\/www.infokuryr.cz\/n\/wp-json\/wp\/v2\/categories?post=25461"},{"taxonomy":"post_tag","embeddable":true,"href":"https:\/\/www.infokuryr.cz\/n\/wp-json\/wp\/v2\/tags?post=25461"}],"curies":[{"name":"wp","href":"https:\/\/api.w.org\/{rel}","templated":true}]}}