{"id":25446,"date":"2023-04-01T04:43:33","date_gmt":"2023-04-01T02:43:33","guid":{"rendered":"http:\/\/www.infokuryr.cz\/n\/?p=25446"},"modified":"2023-04-01T04:43:33","modified_gmt":"2023-04-01T02:43:33","slug":"proc-lidske-telo-napada-sama-sebe-po-ockovani-vakcinami-proti-covid-19","status":"publish","type":"post","link":"https:\/\/www.infokuryr.cz\/n\/2023\/04\/01\/proc-lidske-telo-napada-sama-sebe-po-ockovani-vakcinami-proti-covid-19\/","title":{"rendered":"Pro\u010d lidsk\u00e9 t\u011blo napad\u00e1 sama sebe po o\u010dkov\u00e1n\u00ed vakc\u00ednami proti Covid-19"},"content":{"rendered":"<div id=\"fb-root\"><\/div>\n<p><strong>Lidsk\u00fd imunitn\u00ed syst\u00e9m je navr\u017een tak, aby rozpoznal ciz\u00ed \u00fato\u010dn\u00edky (mikroby a jin\u00e9 l\u00e1tky), za\u00fato\u010dil, zabil a pot\u00e9 odstranil poz\u016fstatky.<\/strong><\/p>\n<p><span>Z tohoto d\u016fvodu mus\u00edme zajistit, \u017ee na\u0161e t\u011bla rozpoznaj\u00ed na\u0161e vlastn\u00ed bu\u0148ky jako \u201echr\u00e1n\u011bn\u00e9\u201c a ciz\u00ed bu\u0148ky (a jin\u00e9 patogeny) jako \u201ec\u00edle\u201c.<\/span><\/p>\n<p><span>mRNA vakc\u00edny (Pfizer, Moderna) a adenovirov\u00e9 DNA vakc\u00edny (Astra Zeneca a Johnson &amp; Johnson) proti Covid-19 poprv\u00e9 v lidsk\u00e9 historii instaluj\u00ed do na\u0161eho t\u011bla genetick\u00fd k\u00f3d, aby pomoc\u00ed n\u011bj na\u0161e bu\u0148ky vytvo\u0159ily smrt\u00edc\u00ed ciz\u00ed hrotov\u00fd protein.<\/span><\/p>\n<p><span>Propag\u00e1to\u0159i vakc\u00edn tvrd\u00ed, \u017ee t\u00edmto zp\u016fsobem imunitn\u00ed syst\u00e9m bude nejen reagovat a chr\u00e1nit n\u00e1s, ale p\u0159itom tak\u00e9 vytvo\u0159\u00ed \u017eivot zachra\u0148uj\u00edc\u00ed imunitu p\u0159ed virem SARS-CoV-2.<\/span><\/p>\n<p><span>Pozd\u011bji jsme se v\u0161ak dozv\u011bd\u011bli, \u017ee toto byl nejhor\u0161\u00ed p\u0159edpoklad v\u0161ech dob p\u0159i v\u00fdvoji l\u00e9k\u016f.\u00a0Produkce cizorod\u00e9ho proteinu v lidsk\u00e9m t\u011ble se uk\u00e1zala jako katastrofa, jak ilustrovali Dr.\u00a0Polykretis s kolektivem v ned\u00e1vn\u00e9m v\u011bdeck\u00e9m \u010dl\u00e1nku.<\/span><\/p>\n<p><strong>Zde je n\u011bkolik d\u016fvod\u016f, pro\u010d:<\/strong><\/p>\n<p><strong><span>1.<\/span><\/strong><span>\u00a0Ka\u017ed\u00e1 bu\u0148ka, kter\u00e1 absorbuje vakc\u00ednu, vytla\u010d\u00ed vyroben\u00fd protein na sv\u016fj bun\u011b\u010dn\u00fd povrch, co\u017e n\u00e1sledn\u011b spust\u00ed autoimunitn\u00ed \u00fatok na bu\u0148ku.<\/span><\/p>\n<p><strong><span>2.<\/span><\/strong><span>\u00a0Zd\u00e1 se, \u017ee paleta takto posti\u017een\u00fdch tk\u00e1n\u00ed je \u0161irok\u00e1 a zahrnuje org\u00e1ny, kde by tento \u00fatok mohl b\u00fdt smrteln\u00fd (srdce, mozek, kostn\u00ed d\u0159e\u0148 atd.).<\/span><\/p>\n<p><strong><span>3.<\/span><\/strong><span>\u00a0Genetick\u00fd materi\u00e1l i hrotov\u00fd protein p\u0159etrv\u00e1vaj\u00ed v t\u011ble dlouhou dobu (m\u011bs\u00edce a\u017e roky), co\u017e je dostate\u010dn\u011b dlouho na to, aby to zp\u016fsobilo autoimunitn\u00ed syndrom, kter\u00fd m\u016f\u017ee b\u00fdt trval\u00fd.<\/span><\/p>\n<h2><span>Co zjistili studie<\/span><\/h2>\n<p><strong>Dr.\u00a0Polykretis vysv\u011btluje:<\/strong><\/p>\n<p><em><span>\u201eSiln\u00e9 histologick\u00e9 d\u016fkazy z biopsi\u00ed a pitev uk\u00e1zaly, \u017ee hrotov\u00fd protein z\u00edskan\u00fd z vakc\u00edny byl syntetizov\u00e1n v termin\u00e1ln\u011b diferencovan\u00fdch tk\u00e1n\u00edch (Baumeier a kol., 2022; Schwab a kol., 2022; M\u00f6rz, 2022).<\/span><\/em><\/p>\n<p><em><span>Baumeier a jeho kolektiv detekoval hrotov\u00fd protein z\u00edskan\u00fd z vakc\u00edny na kardiomyocytech dev\u00edti z 15 pacient\u016f s klinick\u00fdm podez\u0159en\u00edm na myokarditidu (kte\u0159\u00ed byli negativn\u011b testov\u00e1ni na SARS-CoV-2), co\u017e dokazuje, \u017ee virov\u00fd protein byl syntetizov\u00e1n v srde\u010dn\u00ed tk\u00e1ni d\u016fsledkem o\u010dkov\u00e1n\u00ed (Baumeier et al., 2022).<\/span><\/em><\/p>\n<p><em><span>Schwab a kolektiv popisuj\u00ed histopatologick\u00e9 n\u00e1lezy ze standardizovan\u00fdch pitev proveden\u00fdch na 25 lidech, kte\u0159\u00ed neo\u010dek\u00e1van\u011b zem\u0159eli do 20 dn\u016f od o\u010dkov\u00e1n\u00ed (\u017e\u00e1dn\u00fd ze zesnul\u00fdch nem\u011bl infekci SARS-CoV-2 p\u0159ed o\u010dkov\u00e1n\u00edm) (Schwab et al., 2022).<\/span><\/em><\/p>\n<p><span>Ob\u011b v\u00fd\u0161e uveden\u00e9 studie podporuj\u00ed my\u0161lenku, \u017ee o\u010dkov\u00e1n\u00edm vyvolan\u00fd z\u00e1n\u011bt myokardu byl d\u016fsledkem nadm\u011brn\u00e9 infiltrace T-lymfocyt\u016f, p\u0159ev\u00e1\u017en\u011b CD4+ T-bun\u011bk, kter\u00e9 jsou hlavn\u00edmi hnac\u00edmi silami autoimunologick\u00e9ho po\u0161kozen\u00ed myokardu.<\/span><\/p>\n<p><span>M\u00f6rz popsal expresi hrotov\u00e9ho proteinu z\u00edskan\u00e9ho z vakc\u00edny v mozku a srdci pacienta, u kter\u00e9ho se vyvinula multifok\u00e1ln\u00ed nekrotizuj\u00edc\u00ed encefalitida po o\u010dkov\u00e1n\u00ed vakc\u00ednou Pfizer BNT162b2 (M\u00f6rz, 2022).<\/span><\/p>\n<p><span>Imunohistochemie tak\u00e9 odhalila expresi hrotov\u00e9ho proteinu k\u00f3dovan\u00e9ho vakc\u00ednou ve vezikul\u00e1rn\u00edch keratinocytech a endotelov\u00fdch bu\u0148k\u00e1ch v poko\u017ece (Yamamoto et al., 2022).<\/span><\/p>\n<h2><span>Masov\u00e9 o\u010dkov\u00e1n\u00ed byl hazard s lidstvem<\/span><\/h2>\n<p><span>Navzdory dlouhotrvaj\u00edc\u00edmu v\u00fdvoji \u0159\u00edzen\u00e9m\u00a0<\/span><em><span>Agenturou pro pokro\u010dil\u00e9 v\u00fdzkumn\u00e9 projekty vojensk\u00e9 obrany USA<\/span><\/em><span>\u00a0(\u00a0<\/span><a href=\"https:\/\/www.badatel.net\/patent-ukazuje-ze-covid-vytvorila-darpa-s-pomocou-billa-gatesa-a-who\/\"><span>DARPA<\/span><\/a><span>\u00a0) v programu ADEPT P3 (Pandemic Prevention Platform Program \u2013 Programov\u00e1 platforma pro p\u0159edch\u00e1zen\u00ed pandemi\u00ed) vyhl\u00e1\u0161en\u00e9m v roce 2012, genetick\u00e9 vakc\u00edny byly dodavateli \u0161patn\u011b koncipov\u00e1ny a bez pe\u010dliv\u00fdch.<\/span><\/p>\n<p><span>Aby toho nebylo m\u00e1lo, jejich klinick\u00fd v\u00fdvoj byl urychlen b\u011bhem masov\u00e9 o\u010dkovac\u00ed kampan\u011b a byly p\u0159\u00edli\u0161 \u0161iroce nasazeny, p\u0159i\u010dem\u017e podle\u00a0<\/span><em><span>Centra pro kontrolu a prevenci nemoc\u00ed<\/span><\/em><span>\u00a0(CDC) a\u017e 92% americk\u00e9 populace dostali alespo\u0148 jednu d\u00e1vku.\u00a0Na Slovensku je to na\u0161t\u011bst\u00ed (i na\u0161\u00ed z\u00e1sluhou) jen asi 50%.<\/span><\/p>\n<p><span>V d\u016fsledku toho m\u00e1 t\u00e9m\u011b\u0159 cel\u00e1 populaci USA riziko autoimunitn\u00edch onemocn\u011bn\u00ed, respektive m\u00e1 minim\u00e1ln\u011b n\u011bjak\u00fd subklinick\u00fd projev autoimunity.<\/span><\/p>\n<h2><span>Z\u00e1v\u011br<\/span><\/h2>\n<p><span>V t\u00e9to chv\u00edli je nejlep\u0161\u00edm \u0159e\u0161en\u00edm \u00fapln\u011b ukon\u010dit pod\u00e1v\u00e1n\u00ed vakc\u00edn proti Covid-19 lidem, jak to prezentoval Dr.\u00a0McCullough dne 7. prosince 2022 v americk\u00e9m Sen\u00e1tu.<\/span><\/p>\n<p><span>L\u00e9ka\u0159sk\u00e1 komunita pot\u0159ebuje vynalo\u017eit obrovsk\u00e9 v\u00fdzkumn\u00e9 \u00fasil\u00ed a d\u00e1t dohromady v\u0161echny z\u00edskan\u00e9 informace a d\u016fkazy o po\u0161kozen\u00edch zp\u016fsoben\u00fdch covidov\u00fdmi vakc\u00ednami s hlavn\u00edm d\u016frazem na fyziopatologii a autoimunitu.<\/span><\/p>\n<p><span>Autor: Dr.\u00a0Peter A. McCullough, Zdroj:\u00a0<\/span><a href=\"https:\/\/www.theepochtimes.com\/health\/why-the-body-attacks-itself-after-covid-19-vaccination_5110136.html\" target=\"_blank\" rel=\"noopener\"><span>theepochtimes.com<\/span><\/a><span>\u00a0<\/span><\/p>\n<p>&nbsp;<\/p>\n<p>&nbsp;<\/p>\n<p><img decoding=\"async\" loading=\"lazy\" class=\"wp-image-19187 aligncenter\" src=\"http:\/\/www.infokuryr.cz\/n\/wp-content\/uploads\/2022\/12\/1-PRO-300x36.jpg\" alt=\"\" width=\"1300\" height=\"156\" srcset=\"https:\/\/www.infokuryr.cz\/n\/wp-content\/uploads\/2022\/12\/1-PRO-300x36.jpg 300w, https:\/\/www.infokuryr.cz\/n\/wp-content\/uploads\/2022\/12\/1-PRO.jpg 699w\" sizes=\"(max-width: 1300px) 100vw, 1300px\" \/><\/p>\n<p>&nbsp;<\/p>\n<p>&nbsp;<\/p>\n<p><img decoding=\"async\" loading=\"lazy\" class=\"wp-image-24737 aligncenter\" src=\"http:\/\/www.infokuryr.cz\/n\/wp-content\/uploads\/2023\/03\/cesko_proti_bide2-239x300.png\" alt=\"\" width=\"808\" height=\"1014\" srcset=\"https:\/\/www.infokuryr.cz\/n\/wp-content\/uploads\/2023\/03\/cesko_proti_bide2-239x300.png 239w, https:\/\/www.infokuryr.cz\/n\/wp-content\/uploads\/2023\/03\/cesko_proti_bide2-816x1024.png 816w, https:\/\/www.infokuryr.cz\/n\/wp-content\/uploads\/2023\/03\/cesko_proti_bide2-768x964.png 768w, https:\/\/www.infokuryr.cz\/n\/wp-content\/uploads\/2023\/03\/cesko_proti_bide2.png 846w\" sizes=\"(max-width: 808px) 100vw, 808px\" \/><\/p>\n<p>&nbsp;<\/p>\n<p>&nbsp;<\/p>\n","protected":false},"excerpt":{"rendered":"<p>Lidsk\u00fd imunitn\u00ed syst\u00e9m je navr\u017een tak, aby rozpoznal ciz\u00ed \u00fato\u010dn\u00edky (mikroby a jin\u00e9 l\u00e1tky), za\u00fato\u010dil,&#8230;<\/p>\n","protected":false},"author":2,"featured_media":25447,"comment_status":"closed","ping_status":"closed","sticky":false,"template":"","format":"standard","meta":[],"categories":[7],"tags":[23,454,694,651],"_links":{"self":[{"href":"https:\/\/www.infokuryr.cz\/n\/wp-json\/wp\/v2\/posts\/25446"}],"collection":[{"href":"https:\/\/www.infokuryr.cz\/n\/wp-json\/wp\/v2\/posts"}],"about":[{"href":"https:\/\/www.infokuryr.cz\/n\/wp-json\/wp\/v2\/types\/post"}],"author":[{"embeddable":true,"href":"https:\/\/www.infokuryr.cz\/n\/wp-json\/wp\/v2\/users\/2"}],"replies":[{"embeddable":true,"href":"https:\/\/www.infokuryr.cz\/n\/wp-json\/wp\/v2\/comments?post=25446"}],"version-history":[{"count":0,"href":"https:\/\/www.infokuryr.cz\/n\/wp-json\/wp\/v2\/posts\/25446\/revisions"}],"wp:featuredmedia":[{"embeddable":true,"href":"https:\/\/www.infokuryr.cz\/n\/wp-json\/wp\/v2\/media\/25447"}],"wp:attachment":[{"href":"https:\/\/www.infokuryr.cz\/n\/wp-json\/wp\/v2\/media?parent=25446"}],"wp:term":[{"taxonomy":"category","embeddable":true,"href":"https:\/\/www.infokuryr.cz\/n\/wp-json\/wp\/v2\/categories?post=25446"},{"taxonomy":"post_tag","embeddable":true,"href":"https:\/\/www.infokuryr.cz\/n\/wp-json\/wp\/v2\/tags?post=25446"}],"curies":[{"name":"wp","href":"https:\/\/api.w.org\/{rel}","templated":true}]}}